 {"id":26620,"date":"2024-03-30T09:50:07","date_gmt":"2024-03-30T12:50:07","guid":{"rendered":"https:\/\/portalmidia.net\/?p=26620"},"modified":"2024-03-30T09:50:07","modified_gmt":"2024-03-30T12:50:07","slug":"delegado-conclui-inquerito-nao-indicia-medico-acusado-de-espancar-mulher-mas-garante-que-prints-com-ameacas-serao-investigados","status":"publish","type":"post","link":"https:\/\/portalmidia.net\/index.php\/2024\/03\/30\/delegado-conclui-inquerito-nao-indicia-medico-acusado-de-espancar-mulher-mas-garante-que-prints-com-ameacas-serao-investigados\/","title":{"rendered":"Delegado conclui inqu\u00e9rito, n\u00e3o indicia m\u00e9dico acusado de espancar mulher, mas garante que prints com amea\u00e7as ser\u00e3o investigados"},"content":{"rendered":"<p style=\"text-align: justify;\">O delegado da Pol\u00edcia Civil, Lucas Rostrand Lima, conclui, na noite dessa sexta-feira (29), o inqu\u00e9rito que apurava a acusa\u00e7\u00e3o de agress\u00e3o contra Algacy Fernando Vieira de Lorena e S\u00e1. O m\u00e9dico \u00e9 acusado de espancar e amea\u00e7ar a pr\u00f3pria companheira, Dan\u00fabia Carla Rodrigues de Moura, que mora no munic\u00edpio de Pianc\u00f3. O delegado conversou neste s\u00e1bado (30), e explicou que esta \u00e9 apenas uma parte da investiga\u00e7\u00e3o, que ainda n\u00e3o foi finalizada e ir\u00e1 continuar.<\/p>\n<p style=\"text-align: justify;\">\u201cA investiga\u00e7\u00e3o continua, agora pelos prints que se tornaram conhecidos por meio da imprensa. N\u00f3s tivemos conhecimento desses prints pela m\u00eddia, a v\u00edtima n\u00e3o nos apresentou\u201d, falou o delegado Lucas Rostrand.<\/p>\n<p style=\"text-align: justify;\">Os prints relatados pelo delegado foram publicados na \u00faltima quarta-feira (27). Neles, as mensagens revelam amea\u00e7as de morte, xingamentos e ind\u00edcios de agress\u00f5es cotidianas. Em uma das mensagens, o m\u00e9dico Algacy dispara:<\/p>\n<p style=\"text-align: justify;\">\u201cVoc\u00ea \u00e9 uma vadia, quer trabalhar fazendo provador pra os machos, pensa que sou idiota. Pense que voc\u00ea vai, te mato antes. J\u00e1 te avisei que voc\u00ea n\u00e3o trabalha, n\u00e3o estuda estando casada comigo. Quer que fa\u00e7a pior do que j\u00e1 fiz pra voc\u00ea aprender? Te dou 5 mil por m\u00eas pra voc\u00ea viver dedicada somente a mim, e assim vai continuar sendo. Deu pra entender?\u201d, disse o m\u00e9dico em uma conversa com a esposa.<\/p>\n<h4 style=\"text-align: justify;\">\u201cCrime n\u00e3o vai ficar impune\u201d<\/h4>\n<p style=\"text-align: justify;\">O delegado Lucas Rostrand fez quest\u00e3o de ressaltar que as investiga\u00e7\u00f5es continuam para levantar as amea\u00e7as feitas por meio de mensagens de WhatsApp. \u201cO crime n\u00e3o vai ficar impune. A palavra da v\u00edtima sempre vai valer. A rede de prote\u00e7\u00e3o n\u00e3o ser\u00e1 afetada\u201d, garantiu o delegado.<\/p>\n<p style=\"text-align: justify;\">\n<h4 style=\"text-align: justify;\">Delegado n\u00e3o indicia m\u00e9dico por agress\u00e3o no dia 25<\/h4>\n<p style=\"text-align: justify;\">Lucas Rostrand explicou, tamb\u00e9m em conversa, que o inqu\u00e9rito encerrado trata da den\u00fancia de agress\u00e3o no dia 25 de mar\u00e7o. \u201cN\u00f3s quer\u00edamos saber se nesse dia, por volta das 2h30 e 5h10, se ele saiu do hospital. Umas pessoas falavam que n\u00e3o o viram no hospital e outras, que sim. Fomos ouvir e descobrimos que uma parte dos funcion\u00e1rios faze parte do bloco cir\u00fargico, onde o m\u00e9dico atua. Essas o viram no hospital nesse hor\u00e1rio. Os que n\u00e3o viram, porque eram da dire\u00e7\u00e3o geral e n\u00e3o estavam no bloco\u201d, relatou.<\/p>\n<p style=\"text-align: justify;\">O delegado acrescentou que foram investigadas as imagens de c\u00e2meras do momento em que a v\u00edtima fala ter sido perseguida pelo acusado de agress\u00e3o. As grava\u00e7\u00f5es, segundo ele, mostram o carro de Dan\u00fabia passando no local, mas n\u00e3o mostram o ve\u00edculo do m\u00e9dico, como ela denunciou. \u201cN\u00e3o houve persegui\u00e7\u00e3o na rodovia. O carro dela passa, mas n\u00e3o tinha outro carro fazendo persegui\u00e7\u00e3o\u201d, ressaltou.<\/p>\n<p style=\"text-align: justify;\">De acordo com o delegado, a falta de provas sobre as acusa\u00e7\u00f5es referentes ao dia 25 de mar\u00e7o levaram a conclus\u00e3o do inqu\u00e9rito sem indiciamento do m\u00e9dico Algacy Fernando. O acusado continua preso, aguardando que os advogados pe\u00e7am a revoga\u00e7\u00e3o da pris\u00e3o \u00e0 Justi\u00e7a.<\/p>\n<h4 style=\"text-align: justify;\">M\u00e9dico fugiu pelo necrot\u00e9rio<\/h4>\n<p style=\"text-align: justify;\">Algacy Fernando omitiu um detalhe importante na investiga\u00e7\u00e3o, segundo informou o delegado Lucas Rostrand, ao ClickPB. No momento em que a v\u00edtima foi avistada chegando com a Pol\u00edcia Militar no hospital onde ele atua, o acusado fugiu do local pelo necrot\u00e9rio. \u201cEle havia omitido esse detalhe e n\u00f3s perguntamos o porqu\u00ea. Ele disse que ficou com medo\u201d.<\/p>\n<p style=\"text-align: justify;\">\n<p style=\"text-align: justify;\">\n<p style=\"text-align: justify;\">\n<p style=\"text-align: justify;\">\n<p style=\"text-align: justify;\">\n<p style=\"text-align: justify;\">\n<p style=\"text-align: justify;\">clickpb<\/p>\n","protected":false},"excerpt":{"rendered":"<p>O delegado da Pol\u00edcia Civil, Lucas Rostrand Lima, conclui, na noite dessa sexta-feira (29), o inqu\u00e9rito que apurava a acusa\u00e7\u00e3o de agress\u00e3o contra Algacy Fernando Vieira de Lorena e S\u00e1. O m\u00e9dico \u00e9 acusado de espancar e amea\u00e7ar a pr\u00f3pria companheira, Dan\u00fabia Carla Rodrigues de Moura, que mora no munic\u00edpio de Pianc\u00f3. O delegado conversou<\/p>\n","protected":false},"author":1,"featured_media":26623,"comment_status":"open","ping_status":"open","sticky":false,"template":"","format":"standard","meta":{"_eb_attr":"","footnotes":""},"categories":[7,2],"tags":[],"class_list":["post-26620","post","type-post","status-publish","format-standard","has-post-thumbnail","hentry","category-destaque","category-policial"],"_links":{"self":[{"href":"https:\/\/portalmidia.net\/index.php\/wp-json\/wp\/v2\/posts\/26620","targetHints":{"allow":["GET"]}}],"collection":[{"href":"https:\/\/portalmidia.net\/index.php\/wp-json\/wp\/v2\/posts"}],"about":[{"href":"https:\/\/portalmidia.net\/index.php\/wp-json\/wp\/v2\/types\/post"}],"author":[{"embeddable":true,"href":"https:\/\/portalmidia.net\/index.php\/wp-json\/wp\/v2\/users\/1"}],"replies":[{"embeddable":true,"href":"https:\/\/portalmidia.net\/index.php\/wp-json\/wp\/v2\/comments?post=26620"}],"version-history":[{"count":1,"href":"https:\/\/portalmidia.net\/index.php\/wp-json\/wp\/v2\/posts\/26620\/revisions"}],"predecessor-version":[{"id":26624,"href":"https:\/\/portalmidia.net\/index.php\/wp-json\/wp\/v2\/posts\/26620\/revisions\/26624"}],"wp:featuredmedia":[{"embeddable":true,"href":"https:\/\/portalmidia.net\/index.php\/wp-json\/wp\/v2\/media\/26623"}],"wp:attachment":[{"href":"https:\/\/portalmidia.net\/index.php\/wp-json\/wp\/v2\/media?parent=26620"}],"wp:term":[{"taxonomy":"category","embeddable":true,"href":"https:\/\/portalmidia.net\/index.php\/wp-json\/wp\/v2\/categories?post=26620"},{"taxonomy":"post_tag","embeddable":true,"href":"https:\/\/portalmidia.net\/index.php\/wp-json\/wp\/v2\/tags?post=26620"}],"curies":[{"name":"wp","href":"https:\/\/api.w.org\/{rel}","templated":true}]}}