 {"id":26891,"date":"2024-04-03T09:01:58","date_gmt":"2024-04-03T12:01:58","guid":{"rendered":"https:\/\/portalmidia.net\/?p=26891"},"modified":"2024-04-03T09:01:58","modified_gmt":"2024-04-03T12:01:58","slug":"corregedoria-diz-nao-haver-indicios-de-corrupcao-na-fuga-em-mossoro","status":"publish","type":"post","link":"https:\/\/portalmidia.net\/index.php\/2024\/04\/03\/corregedoria-diz-nao-haver-indicios-de-corrupcao-na-fuga-em-mossoro\/","title":{"rendered":"Corregedoria diz n\u00e3o haver ind\u00edcios de corrup\u00e7\u00e3o na fuga em Mossor\u00f3"},"content":{"rendered":"<p style=\"text-align: justify;\">Ap\u00f3s um m\u00eas e meio apurando as circunst\u00e2ncias da fuga de dois detentos da Penitenci\u00e1ria Federal em Mossor\u00f3 (RN), a corregedoria-geral da Secretaria Nacional de Pol\u00edticas Penais, do Minist\u00e9rio da Justi\u00e7a e Seguran\u00e7a P\u00fablica, informou n\u00e3o ter encontrado qualquer ind\u00edcio de corrup\u00e7\u00e3o.<\/p>\n<p style=\"text-align: justify;\">\n<p style=\"text-align: justify;\">Segundo o minist\u00e9rio, em seu relat\u00f3rio sobre a responsabilidade de servidores da penitenci\u00e1ria, a corregedora-geral, Marlene Rosa, aponta ind\u00edcios de \u201cfalhas\u201d nos procedimentos carcer\u00e1rios de seguran\u00e7a, mas nenhuma evid\u00eancia de que servidores tenham, intencionalmente, facilitado a fuga.<\/p>\n<p style=\"text-align: justify;\">\n<p style=\"text-align: justify;\">Ainda de acordo com o minist\u00e9rio, tr\u00eas Processos Administrativos Disciplinares (PADs) j\u00e1 foram instaurados para aprofundar as investiga\u00e7\u00f5es sobre as falhas identificadas. Dez servidores s\u00e3o alvos desses procedimentos. Outros 17 servidores assinar\u00e3o Termos de Ajustamento de Conduta (TAC), se comprometendo com uma s\u00e9rie de medidas, como, por exemplo, passar por cursos de reciclagem e n\u00e3o voltarem a cometer as mesmas infra\u00e7\u00f5es.<\/p>\n<p style=\"text-align: justify;\">\n<p style=\"text-align: justify;\">\u201cA corregedora ainda determinou a abertura de uma nova investiga\u00e7\u00e3o preliminar sum\u00e1ria para continuar as apura\u00e7\u00f5es referentes \u00e0s causas da fuga, com foco nos problemas estruturais da unidade federal\u201d, informou a pasta, em nota em que explica que a \u00edntegra do relat\u00f3rio n\u00e3o ser\u00e1 divulgada a fim de n\u00e3o prejudicar a nova investiga\u00e7\u00e3o e os procedimentos correcionais que est\u00e3o sendo instaurados.<\/p>\n<p style=\"text-align: justify;\">\n<p style=\"text-align: justify;\">Fuga<\/p>\n<p style=\"text-align: justify;\">Rog\u00e9rio da Silva Mendon\u00e7a e Deibson Cabral Nascimento escaparam da penitenci\u00e1ria em 14 de fevereiro deste ano, Quarta-Feira de Cinzas. A fuga foi a primeira registrada no sistema penitenci\u00e1rio federal desde que este foi criado, em 2006, com o objetivo de isolar lideran\u00e7as de organiza\u00e7\u00f5es criminosas e presos de alta periculosidade.<\/p>\n<p style=\"text-align: justify;\">\n<p style=\"text-align: justify;\">A unidade potiguar estava passando por uma reforma interna. Investiga\u00e7\u00f5es preliminares indicam que Mendon\u00e7a e Nascimento usaram ferramentas que encontraram largadas dentro do pres\u00eddio para abrir o buraco por onde fugiram de suas celas individuais. Quatro dias ap\u00f3s a fuga in\u00e9dita, o pr\u00f3prio presidente Lu\u00eds In\u00e1cio Lula da Silva cogitou que os dois detentos tenham recebido algum tipo de ajuda para deixar a unidade, considerada de seguran\u00e7a m\u00e1xima.<\/p>\n<p style=\"text-align: justify;\">\n<p style=\"text-align: justify;\">&#8220;Queremos saber como esses cidad\u00e3os cavaram um buraco e ningu\u00e9m viu. N\u00e3o quero acusar, mas teoricamente parece que houve a coniv\u00eancia de algu\u00e9m do sistema l\u00e1 dentro. Como n\u00e3o posso acusar ningu\u00e9m, sou obrigado a acreditar que a investiga\u00e7\u00e3o que est\u00e1 sendo realizada pela pol\u00edcia local e pela Pol\u00edcia Federal nos indique o que aconteceu&#8221;, disse Lula, durante coletiva de imprensa. No mesmo dia, policiais penais recha\u00e7aram a hip\u00f3tese de corrup\u00e7\u00e3o.<\/p>\n<p style=\"text-align: justify;\">\n<p style=\"text-align: justify;\">&#8220;Findadas as apura\u00e7\u00f5es, se tiver algum policial penal federal envolvido, cortaremos a pr\u00f3pria carne sem qualquer corporativismo, pois o nosso maior orgulho sempre foram os n\u00fameros estat\u00edsticos de zero fuga, zero rebeli\u00e3o, zero celular\u201d, assegurou, na ocasi\u00e3o, a Federa\u00e7\u00e3o Nacional dos Policiais Penais Federais (Fenappf), em um comunicado \u00e0 imprensa. &#8220;Os foragidos n\u00e3o tiveram apoio externo, ou seja, n\u00e3o havia log\u00edstica externa, eles n\u00e3o possu\u00edam ve\u00edculo para fuga, celulares, casa de apoio e nem rota de fuga, o que nos leva a acreditar que n\u00e3o houve planejamento pr\u00e9vio e sim uma oportunidade que foi aproveitada e obtiveram \u00eaxito\u201d, acrescentou a entidade.<\/p>\n<p style=\"text-align: justify;\">\n<p style=\"text-align: justify;\">\n<p style=\"text-align: justify;\">\n<p style=\"text-align: justify;\">\n<p style=\"text-align: justify;\">Ag\u00eancia Brasil<\/p>\n","protected":false},"excerpt":{"rendered":"<p>Ap\u00f3s um m\u00eas e meio apurando as circunst\u00e2ncias da fuga de dois detentos da Penitenci\u00e1ria Federal em Mossor\u00f3 (RN), a corregedoria-geral da Secretaria Nacional de Pol\u00edticas Penais, do Minist\u00e9rio da Justi\u00e7a e Seguran\u00e7a P\u00fablica, informou n\u00e3o ter encontrado qualquer ind\u00edcio de corrup\u00e7\u00e3o. Segundo o minist\u00e9rio, em seu relat\u00f3rio sobre a responsabilidade de servidores da penitenci\u00e1ria,<\/p>\n","protected":false},"author":1,"featured_media":26893,"comment_status":"open","ping_status":"open","sticky":false,"template":"","format":"standard","meta":{"_eb_attr":"","footnotes":""},"categories":[7,13],"tags":[],"class_list":["post-26891","post","type-post","status-publish","format-standard","has-post-thumbnail","hentry","category-destaque","category-noticias"],"_links":{"self":[{"href":"https:\/\/portalmidia.net\/index.php\/wp-json\/wp\/v2\/posts\/26891","targetHints":{"allow":["GET"]}}],"collection":[{"href":"https:\/\/portalmidia.net\/index.php\/wp-json\/wp\/v2\/posts"}],"about":[{"href":"https:\/\/portalmidia.net\/index.php\/wp-json\/wp\/v2\/types\/post"}],"author":[{"embeddable":true,"href":"https:\/\/portalmidia.net\/index.php\/wp-json\/wp\/v2\/users\/1"}],"replies":[{"embeddable":true,"href":"https:\/\/portalmidia.net\/index.php\/wp-json\/wp\/v2\/comments?post=26891"}],"version-history":[{"count":1,"href":"https:\/\/portalmidia.net\/index.php\/wp-json\/wp\/v2\/posts\/26891\/revisions"}],"predecessor-version":[{"id":26894,"href":"https:\/\/portalmidia.net\/index.php\/wp-json\/wp\/v2\/posts\/26891\/revisions\/26894"}],"wp:featuredmedia":[{"embeddable":true,"href":"https:\/\/portalmidia.net\/index.php\/wp-json\/wp\/v2\/media\/26893"}],"wp:attachment":[{"href":"https:\/\/portalmidia.net\/index.php\/wp-json\/wp\/v2\/media?parent=26891"}],"wp:term":[{"taxonomy":"category","embeddable":true,"href":"https:\/\/portalmidia.net\/index.php\/wp-json\/wp\/v2\/categories?post=26891"},{"taxonomy":"post_tag","embeddable":true,"href":"https:\/\/portalmidia.net\/index.php\/wp-json\/wp\/v2\/tags?post=26891"}],"curies":[{"name":"wp","href":"https:\/\/api.w.org\/{rel}","templated":true}]}}