 {"id":27029,"date":"2024-04-04T19:46:35","date_gmt":"2024-04-04T22:46:35","guid":{"rendered":"https:\/\/portalmidia.net\/?p=27029"},"modified":"2024-04-04T19:46:35","modified_gmt":"2024-04-04T22:46:35","slug":"oab-pb-repudia-ataques-da-defensoria-publica-a-advocacia-dativa","status":"publish","type":"post","link":"https:\/\/portalmidia.net\/index.php\/2024\/04\/04\/oab-pb-repudia-ataques-da-defensoria-publica-a-advocacia-dativa\/","title":{"rendered":"OAB-PB repudia ataques da Defensoria P\u00fablica \u00e0 Advocacia Dativa"},"content":{"rendered":"<div style=\"text-align: justify;\">A Ordem dos Advogados da Para\u00edba, Seccional Para\u00edba (OAB-PB), repudiou, nesta quarta-feira (03), declara\u00e7\u00f5es da defensora p\u00fablica-geral do Estado, Madalena Abrantes, que durante uma entrevista a uma emissora de r\u00e1dio de Jo\u00e3o Pessoa insinuou supostas irregulares na designa\u00e7\u00e3o de advogados dativos por parte de magistrados durante audi\u00eancias.<\/p>\n<p>O presidente da OAB-PB, Harrison Targino, disse que viu com muita estranheza as declara\u00e7\u00f5es da defensora p\u00fablica-geral, que atacou de forma inadequada o instituto da Advocacia Dativa, que tem ajudado na presta\u00e7\u00e3o jurisdicional\u201d. \u201c\u00c9 bom esclarecer que a Advocacia Dativa \u00e9 a assun\u00e7\u00e3o pelo advogado da realiza\u00e7\u00e3o de um ato profissional exatamente pela inoper\u00e2ncia de um \u00f3rg\u00e3o estatal, que tem a obriga\u00e7\u00e3o de faz\u00ea-lo. Quando um magistrado convida um advogado para realizar o ato, est\u00e1 fazendo pela in\u00e9rcia que se viu da atua\u00e7\u00e3o \u00a0do \u00f3rg\u00e3o competente\u201d, afirmou.<\/p>\n<p>Harrison Targino acrescentou que \u201ca Advocacia da Para\u00edba tem dado o melhor de si para realizar a miss\u00e3o enquanto advogado dativo, com muito denodo e muita compet\u00eancia\u201d. \u201cInclusive, os registros que temos s\u00e3o de muito \u00eaxito nessa miss\u00e3o realizada pela Advocacia Paraibana. N\u00f3s insistimos na necessidade de respeitar advogado, regulamentar a Advocacia da Ativa, garantir o pagamento devido a profissionais que atuam, sem isso significar nenhum tipo de desapre\u00e7o \u00e0 Defensoria P\u00fablica, que realiza seu trabalho\u201d, afirmou.<\/p>\n<p>O presidente da OAB-PB tamb\u00e9m disse estranhar declara\u00e7\u00f5es que imputam a ju\u00edzes a escolha personal\u00edssima de determinados advogados, j\u00e1 que n\u00e3o tem sido essa pr\u00e1tica verificada no Judici\u00e1rio. Harrison Targino lembrou que, \u201cquanto ao tema, a OAB da Para\u00edba prop\u00f4s uma regulamenta\u00e7\u00e3o, durante reuni\u00e3o que contou com presen\u00e7a da Defensoria P\u00fablica Geral, da Procuradoria Geral do Estado e a Corregedoria Geral de Justi\u00e7a para tratar dos crit\u00e9rios de escolha e das formas de pagamentos.<\/p><\/div>\n<div style=\"text-align: justify;\"><\/div>\n<div style=\"text-align: justify;\">\u201cA OAB-PB apresentou propostas espec\u00edficas e claras acerca dessa regulamenta\u00e7\u00e3o. Por isso, para mim, foi absolutamente estranho a fala, como posta e como feita pela Defensoria P\u00fablica\u201d, destacou.<\/p>\n<p>\u201cPor fim, lembro que o advogado \u00e9 indispens\u00e1vel \u00e0 administra\u00e7\u00e3o da Justi\u00e7a e o respeito \u00e0 atua\u00e7\u00e3o do advogado \u00e9 dever de todos n\u00f3s. A advocacia merece respeito\u201d, concluiu Harrison Targino.<\/p><\/div>\n","protected":false},"excerpt":{"rendered":"<p>A Ordem dos Advogados da Para\u00edba, Seccional Para\u00edba (OAB-PB), repudiou, nesta quarta-feira (03), declara\u00e7\u00f5es da defensora p\u00fablica-geral do Estado, Madalena Abrantes, que durante uma entrevista a uma emissora de r\u00e1dio de Jo\u00e3o Pessoa insinuou supostas irregulares na designa\u00e7\u00e3o de advogados dativos por parte de magistrados durante audi\u00eancias. O presidente da OAB-PB, Harrison Targino, disse que<\/p>\n","protected":false},"author":1,"featured_media":27034,"comment_status":"open","ping_status":"open","sticky":false,"template":"","format":"standard","meta":{"_eb_attr":"","footnotes":""},"categories":[7,13],"tags":[],"class_list":["post-27029","post","type-post","status-publish","format-standard","has-post-thumbnail","hentry","category-destaque","category-noticias"],"_links":{"self":[{"href":"https:\/\/portalmidia.net\/index.php\/wp-json\/wp\/v2\/posts\/27029","targetHints":{"allow":["GET"]}}],"collection":[{"href":"https:\/\/portalmidia.net\/index.php\/wp-json\/wp\/v2\/posts"}],"about":[{"href":"https:\/\/portalmidia.net\/index.php\/wp-json\/wp\/v2\/types\/post"}],"author":[{"embeddable":true,"href":"https:\/\/portalmidia.net\/index.php\/wp-json\/wp\/v2\/users\/1"}],"replies":[{"embeddable":true,"href":"https:\/\/portalmidia.net\/index.php\/wp-json\/wp\/v2\/comments?post=27029"}],"version-history":[{"count":1,"href":"https:\/\/portalmidia.net\/index.php\/wp-json\/wp\/v2\/posts\/27029\/revisions"}],"predecessor-version":[{"id":27035,"href":"https:\/\/portalmidia.net\/index.php\/wp-json\/wp\/v2\/posts\/27029\/revisions\/27035"}],"wp:featuredmedia":[{"embeddable":true,"href":"https:\/\/portalmidia.net\/index.php\/wp-json\/wp\/v2\/media\/27034"}],"wp:attachment":[{"href":"https:\/\/portalmidia.net\/index.php\/wp-json\/wp\/v2\/media?parent=27029"}],"wp:term":[{"taxonomy":"category","embeddable":true,"href":"https:\/\/portalmidia.net\/index.php\/wp-json\/wp\/v2\/categories?post=27029"},{"taxonomy":"post_tag","embeddable":true,"href":"https:\/\/portalmidia.net\/index.php\/wp-json\/wp\/v2\/tags?post=27029"}],"curies":[{"name":"wp","href":"https:\/\/api.w.org\/{rel}","templated":true}]}}