 {"id":27532,"date":"2024-04-10T08:55:25","date_gmt":"2024-04-10T11:55:25","guid":{"rendered":"https:\/\/portalmidia.net\/?p=27532"},"modified":"2024-04-10T08:55:25","modified_gmt":"2024-04-10T11:55:25","slug":"carro-usado-por-quadrilha-que-explodiu-banco-era-do-deputado-da-cunha","status":"publish","type":"post","link":"https:\/\/portalmidia.net\/index.php\/2024\/04\/10\/carro-usado-por-quadrilha-que-explodiu-banco-era-do-deputado-da-cunha\/","title":{"rendered":"Carro usado por quadrilha que explodiu banco era do deputado Da Cunha"},"content":{"rendered":"<p style=\"text-align: justify;\">\n<p style=\"text-align: justify;\">\u00a0Os criminosos que atacaram ag\u00eancia banc\u00e1ria na madrugada de segunda-feira (8\/4), na cidade de S\u00e3o Pedro, interior de\u00a0<a href=\"https:\/\/www.metropoles.com\/sao-paulo\" target=\"_blank\" rel=\"noopener\">S\u00e3o Paulo<\/a>, usaram um carro roubado que pertencia a Carlos Alberto da Cunha, conhecido como \u201cDelegado Da Cunha\u201d, deputado federal pelo PP.<\/p>\n<div class=\"m-banner-wrap m-banner-rectangle m-publicity-content-middle\" style=\"text-align: justify;\"><\/div>\n<p style=\"text-align: justify;\" data-gtm-vis-recent-on-screen104869357_94=\"269612\" data-gtm-vis-first-on-screen104869357_94=\"269612\" data-gtm-vis-total-visible-time104869357_94=\"100\" data-gtm-vis-has-fired104869357_94=\"1\">O ve\u00edculo tinha sido furtado no dia 27 de mar\u00e7o, na capital, e foi encontrado abandonado em Anal\u00e2ndia, tamb\u00e9m no interior.<\/p>\n<p style=\"text-align: justify;\">Um dos suspeitos presos foi o respons\u00e1vel por indicar a \u00e1rea em que o carro estava, em Anal\u00e2ndia. Al\u00e9m do autom\u00f3vel do deputado, foram localizados apetrechos do crime, usados no roubo ao banco, no mesmo local.<\/p>\n<p style=\"text-align: justify;\">At\u00e9 o momento, duas pessoas foram presas pela\u00a0<a href=\"https:\/\/www.policiamilitar.sp.gov.br\/\" target=\"_blank\" rel=\"noopener\">Pol\u00edcia Militar<\/a>\u00a0suspeitas de participarem de ataques a banco e roubos de carros-fortes no interior de\u00a0<a href=\"https:\/\/www.metropoles.com\/sao-paulo\" target=\"_blank\" rel=\"noopener\">S\u00e3o Paulo<\/a>. Um terceiro envolvido foi morto em suposto confronto com a pol\u00edcia.<\/p>\n<p style=\"text-align: justify;\">Segundo a\u00a0Secretaria da Seguran\u00e7a P\u00fablica (SSP), um suspeito foi preso em um ped\u00e1gio da rodovia dos Bandeirantes, na regi\u00e3o de Hortol\u00e2ndia. Com o detido foram encontrados dispositivos usados pelos criminosos para furar o pneu de ve\u00edculos id\u00eanticos aos materiais encontrados na ag\u00eancia banc\u00e1ria atacada em S\u00e3o Pedro. Al\u00e9m disso, a investiga\u00e7\u00e3o identificou tr\u00eas endere\u00e7os ligados aos outros integrantes do bando.<\/p>\n<p style=\"text-align: justify;\"><img decoding=\"async\" src=\"https:\/\/fly.metropoles.cloud\/upload\/q_85,w_600\/https:\/\/uploads.metropoles.cloud\/wp-content\/uploads\/2024\/04\/09151928\/apreensao-Policia-Militar.jpg\" alt=\"Imagem colorida de objetos, armas, dinheiro e muni\u00e7\u00f5es espalhadas em uma mesa. Metr\u00f3poles\" \/><\/p>\n<p style=\"text-align: justify;\">Ainda segundo a pasta, ao verificar um desses endere\u00e7os, em Sumar\u00e9, a pol\u00edcia foi recebida a tiros pelo suspeito\u00a0<a href=\"https:\/\/www.metropoles.com\/sao-paulo\/suspeito-quadrilha-ataque-banco-morto-pm\" target=\"_blank\" rel=\"noopener\">Ritchie de Souza Lima, de 40 anos<\/a>. Na a\u00e7\u00e3o, os agentes revidaram e atingiram o homem, que morreu no local. Junto a ele foram encontrados quatro fuzis, uma espingarda, mais de 500 cartuchos e muni\u00e7\u00f5es, 150 explosivos e tr\u00eas malas que carregavam roupas e acess\u00f3rios, como coletes, luvas, balaclavas, kit drone e r\u00e1dios comunicadores. Al\u00e9m disso, os militares apreenderam cerca de R$ 110 mil.<\/p>\n<p style=\"text-align: justify;\">Quando a pol\u00edcia checou o segundo endere\u00e7o, correspondente a uma casa na cidade de Indaiatuba, o suspeito, que era procurado pela Justi\u00e7a por ataque a carro-forte, se rendeu. Na resid\u00eancia, uma moto furtada em agosto do ano passado, em Itu, tamb\u00e9m foi apreendida.<\/p>\n<p style=\"text-align: justify;\">Guilherme Derrite, secret\u00e1rio da Seguran\u00e7a P\u00fablica, afirmou que PMs foram a campo para identificar e prender os envolvidos logo ap\u00f3s o ataque e ainda prometeu que \u201ca\u00e7\u00f5es ultraviolentas do crime organizado n\u00e3o ficar\u00e3o sem respostas no estado de S\u00e3o Paulo\u201d.<\/p>\n<div class=\"m-banner-wrap m-banner-rectangle m-publicity-content-middle\" style=\"text-align: justify;\"><\/div>\n<p style=\"text-align: justify;\">O caso foi registrado como associa\u00e7\u00e3o criminosa, roubo, localiza\u00e7\u00e3o e apreens\u00e3o de objeto e ve\u00edculo, homic\u00eddio, adultera\u00e7\u00e3o de sinal identificador de ve\u00edculo automotor, posse ou porte ilegal de arma de fogo de uso restrito, captura de procurado, recepta\u00e7\u00e3o e tentativa de homic\u00eddio pela 1\u00b0 Delegacia de Investiga\u00e7\u00f5es Gerais (DIG), do Deinter (Delegacia do Interior).<\/p>\n<h4 style=\"text-align: justify;\">Ag\u00eancia invadida<\/h4>\n<p style=\"text-align: justify;\">Uma ag\u00eancia do Banco do Brasil localizada na Rua Valentim Amaral, em S\u00e3o Pedro, no interior de S\u00e3o Paulo, foi invadida por um grupo de homens fortemente armados, na madruga de segunda-feira (8\/4). Os assaltantes ainda deixaram no local artefatos explosivos que foram desativados por Policiais do Grupo de Ac\u0327o\u0303es Ta\u0301ticas Especiais da Poli\u0301cia Militar (Gate). V\u00eddeo mostra a a\u00e7\u00e3o dos agentes.<\/p>\n<div style=\"text-align: justify;\"><iframe title=\"Equipe do Gate desativa explosivos ap\u00f3s roubo \u00e0 banco\" src=\"https:\/\/cdn.jwplayer.com\/players\/dgRRL7lQ-UoHZWlYw.html\" width=\"100%\" height=\"100%\" frameborder=\"0\" scrolling=\"auto\" allowfullscreen=\"allowfullscreen\" data-mce-fragment=\"1\"><\/iframe><\/div>\n<p style=\"text-align: justify;\">A Pol\u00edcia Militar foi acionada por volta das 4h da manh\u00e3 da \u00faltima segunda-feira ap\u00f3s ve\u00edculos bloquearem a rua onde fica a ag\u00eancia banc\u00e1ria. Ao chegar ao local, os agentes encontraram seis suspeitos no cofre do banco que conseguiram fugir do local ap\u00f3s uma troca de tiros entre as duas partes.<\/p>\n<p style=\"text-align: justify;\">Segundo a\u00a0<a href=\"https:\/\/www.ssp.sp.gov.br\/\" target=\"_blank\" rel=\"noopener\">SSP<\/a>, batalh\u00f5es de cidades pr\u00f3ximas e o helic\u00f3ptero \u00c1guia foram acionados para ajudar na localiza\u00e7\u00e3o dos criminosos. A pasta ainda informou que n\u00e3o houve feridos no confronto.<\/p>\n<h4 style=\"text-align: justify;\">Ataque a carros-fortes<\/h4>\n<p style=\"text-align: justify;\">Tr\u00eas carros-fortes foram alvo de criminosos no in\u00edcio da noite da \u00faltima segunda-feira (8\/4), em rodovias nos trechos de Cordeir\u00f3polis e Piracicaba, no interior de S\u00e3o Paulo. A\u00e7\u00e3o foi dividida em dois ataques que contaram com a participa\u00e7\u00e3o de homens fortemente armados e uso de explosivos.<\/p>\n<div class=\"m-banner-wrap m-banner-rectangle m-publicity-content-middle\" style=\"text-align: justify;\"><\/div>\n<p style=\"text-align: justify;\">No primeiro caso, dois carros-fortes foram atacados enquanto trafegavam na Rodovia Washington Lu\u00eds, sentido capital, no fim da tarde. Os criminosos lan\u00e7aram explosivos contra os ve\u00edculos, o que gerou muita fuma\u00e7a na pista e, segundo testemunhas, portavam fuzis. A quadrilha, que contava com cerca de dez homens, conseguiu fugir do local.<\/p>\n<div style=\"text-align: justify;\"><iframe title=\"C\u00e2meras de seguran\u00e7a flagram assalto a carros fortes no interior de SP\" src=\"https:\/\/cdn.jwplayer.com\/players\/BNWK0iUZ-UoHZWlYw.html\" width=\"100%\" height=\"100%\" frameborder=\"0\" scrolling=\"auto\" allowfullscreen=\"allowfullscreen\" data-mce-fragment=\"1\"><\/iframe><\/div>\n<p style=\"text-align: justify;\">Segundo a pol\u00edcia, os carros usados na fuga, um Mitsubishi Outlander e um Hyundai Santa F\u00e9, foram vistos no ataque a banco em S\u00e3o Pedro horas antes.<\/p>\n<p style=\"text-align: justify;\">O terceiro ve\u00edculo foi abordado no in\u00edcio da noite, na altura do km 143 da Rodovia Luiz de Queiroz, em Piracicaba. Novamente, testemunhas relataram que os criminosos usaram fuzis contra os vigilantes e tamb\u00e9m conseguiram fugir.<\/p>\n<div class=\"m-banner-wrap m-banner-rectangle m-publicity-content-middle\" style=\"text-align: justify;\">A SSP n\u00e3o informou se os suspeitos conseguiram roubar o conte\u00fado dos carros-fortes. As investiga\u00e7\u00f5es apontam que ambos os casos t\u00eam rela\u00e7\u00e3o com o ataque \u00e0 ag\u00eancia banc\u00e1ria em S\u00e3o Pedro, realizado anteriormente.<\/div>\n<p style=\"text-align: justify;\">\n<p style=\"text-align: justify;\">\n<p style=\"text-align: justify;\">\n<p style=\"text-align: justify;\">\n<p style=\"text-align: justify;\">\n<p style=\"text-align: justify;\">metropoles<\/p>\n","protected":false},"excerpt":{"rendered":"<p>\u00a0Os criminosos que atacaram ag\u00eancia banc\u00e1ria na madrugada de segunda-feira (8\/4), na cidade de S\u00e3o Pedro, interior de\u00a0S\u00e3o Paulo, usaram um carro roubado que pertencia a Carlos Alberto da Cunha, conhecido como \u201cDelegado Da Cunha\u201d, deputado federal pelo PP. O ve\u00edculo tinha sido furtado no dia 27 de mar\u00e7o, na capital, e foi encontrado abandonado<\/p>\n","protected":false},"author":1,"featured_media":27537,"comment_status":"open","ping_status":"open","sticky":false,"template":"","format":"standard","meta":{"_eb_attr":"","footnotes":""},"categories":[7,2],"tags":[],"class_list":["post-27532","post","type-post","status-publish","format-standard","has-post-thumbnail","hentry","category-destaque","category-policial"],"_links":{"self":[{"href":"https:\/\/portalmidia.net\/index.php\/wp-json\/wp\/v2\/posts\/27532","targetHints":{"allow":["GET"]}}],"collection":[{"href":"https:\/\/portalmidia.net\/index.php\/wp-json\/wp\/v2\/posts"}],"about":[{"href":"https:\/\/portalmidia.net\/index.php\/wp-json\/wp\/v2\/types\/post"}],"author":[{"embeddable":true,"href":"https:\/\/portalmidia.net\/index.php\/wp-json\/wp\/v2\/users\/1"}],"replies":[{"embeddable":true,"href":"https:\/\/portalmidia.net\/index.php\/wp-json\/wp\/v2\/comments?post=27532"}],"version-history":[{"count":1,"href":"https:\/\/portalmidia.net\/index.php\/wp-json\/wp\/v2\/posts\/27532\/revisions"}],"predecessor-version":[{"id":27538,"href":"https:\/\/portalmidia.net\/index.php\/wp-json\/wp\/v2\/posts\/27532\/revisions\/27538"}],"wp:featuredmedia":[{"embeddable":true,"href":"https:\/\/portalmidia.net\/index.php\/wp-json\/wp\/v2\/media\/27537"}],"wp:attachment":[{"href":"https:\/\/portalmidia.net\/index.php\/wp-json\/wp\/v2\/media?parent=27532"}],"wp:term":[{"taxonomy":"category","embeddable":true,"href":"https:\/\/portalmidia.net\/index.php\/wp-json\/wp\/v2\/categories?post=27532"},{"taxonomy":"post_tag","embeddable":true,"href":"https:\/\/portalmidia.net\/index.php\/wp-json\/wp\/v2\/tags?post=27532"}],"curies":[{"name":"wp","href":"https:\/\/api.w.org\/{rel}","templated":true}]}}