 {"id":27608,"date":"2024-04-11T08:18:52","date_gmt":"2024-04-11T11:18:52","guid":{"rendered":"https:\/\/portalmidia.net\/?p=27608"},"modified":"2024-04-11T08:18:52","modified_gmt":"2024-04-11T11:18:52","slug":"brasil-ja-tem-mais-de-3-milhoes-de-casos-de-dengue-em-2024","status":"publish","type":"post","link":"https:\/\/portalmidia.net\/index.php\/2024\/04\/11\/brasil-ja-tem-mais-de-3-milhoes-de-casos-de-dengue-em-2024\/","title":{"rendered":"Brasil j\u00e1 tem mais de 3 milh\u00f5es de casos de dengue em 2024"},"content":{"rendered":"<p style=\"text-align: justify;\">O Brasil j\u00e1 registrou, desde o in\u00edcio do ano, 3.062.181 casos prov\u00e1veis de dengue. O n\u00famero j\u00e1 \u00e9 quase o dobro de todo o ano passado, quando foram detectados 1,6 milh\u00e3o de casos.\u00a0<img decoding=\"async\" src=\"https:\/\/agenciabrasil.ebc.com.br\/ebc.png?id=1589846&amp;o=node\" \/><img decoding=\"async\" src=\"https:\/\/agenciabrasil.ebc.com.br\/ebc.gif?id=1589846&amp;o=node\" \/><\/p>\n<p style=\"text-align: justify;\">Desde o in\u00edcio do ano, foram registradas 1.256 mortes por dengue em todo o pa\u00eds. Outros 1.857 \u00f3bitos est\u00e3o em investiga\u00e7\u00e3o.<\/p>\n<p style=\"text-align: justify;\">Os n\u00fameros foram divulgados nesta quarta-feira (10) pelo Minist\u00e9rio da Sa\u00fade, por meio do Painel de Monitoramento das Arboviroses.<\/p>\n<h2 style=\"text-align: justify;\">Estados<\/h2>\n<p style=\"text-align: justify;\">Segundo o Minist\u00e9rio da Sa\u00fade, nove unidades federativas est\u00e3o com tend\u00eancia de queda consolidada no n\u00famero de casos de dengue: Acre, Roraima, Amazonas, Tocantins, Goi\u00e1s, Piau\u00ed, Minas Gerais, Esp\u00edrito Santo e Distrito Federal.<\/p>\n<p style=\"text-align: justify;\">Outros 13 estados apresentam com tend\u00eancia de estabilidade: Rond\u00f4nia, Par\u00e1, Amap\u00e1, Mato Grosso, Mato Grosso do Sul, Rio Grande do Sul, Santa Catarina, Paran\u00e1, Cear\u00e1, Para\u00edba, Rio Grande do Norte, Rio de Janeiro e S\u00e3o Paulo.<\/p>\n<p style=\"text-align: justify;\">Alagoas, Bahia, Maranh\u00e3o, Pernambuco, Sergipe permanecem com tend\u00eancia de aumento no n\u00famero de casos. Os n\u00fameros foram divulgados nesta ter\u00e7a-feira (9) pelo Minist\u00e9rio da Sa\u00fade.<\/p>\n<p style=\"text-align: justify;\">\n<p style=\"text-align: justify;\">\n<p style=\"text-align: justify;\">\n<p style=\"text-align: justify;\">\n<p style=\"text-align: justify;\">\n<p style=\"text-align: justify;\">agenciabrasil<\/p>\n","protected":false},"excerpt":{"rendered":"<p>O Brasil j\u00e1 registrou, desde o in\u00edcio do ano, 3.062.181 casos prov\u00e1veis de dengue. O n\u00famero j\u00e1 \u00e9 quase o dobro de todo o ano passado, quando foram detectados 1,6 milh\u00e3o de casos.\u00a0 Desde o in\u00edcio do ano, foram registradas 1.256 mortes por dengue em todo o pa\u00eds. Outros 1.857 \u00f3bitos est\u00e3o em investiga\u00e7\u00e3o. Os<\/p>\n","protected":false},"author":1,"featured_media":27612,"comment_status":"open","ping_status":"open","sticky":false,"template":"","format":"standard","meta":{"_eb_attr":"","footnotes":""},"categories":[7,5],"tags":[],"class_list":["post-27608","post","type-post","status-publish","format-standard","has-post-thumbnail","hentry","category-destaque","category-saude"],"_links":{"self":[{"href":"https:\/\/portalmidia.net\/index.php\/wp-json\/wp\/v2\/posts\/27608","targetHints":{"allow":["GET"]}}],"collection":[{"href":"https:\/\/portalmidia.net\/index.php\/wp-json\/wp\/v2\/posts"}],"about":[{"href":"https:\/\/portalmidia.net\/index.php\/wp-json\/wp\/v2\/types\/post"}],"author":[{"embeddable":true,"href":"https:\/\/portalmidia.net\/index.php\/wp-json\/wp\/v2\/users\/1"}],"replies":[{"embeddable":true,"href":"https:\/\/portalmidia.net\/index.php\/wp-json\/wp\/v2\/comments?post=27608"}],"version-history":[{"count":1,"href":"https:\/\/portalmidia.net\/index.php\/wp-json\/wp\/v2\/posts\/27608\/revisions"}],"predecessor-version":[{"id":27613,"href":"https:\/\/portalmidia.net\/index.php\/wp-json\/wp\/v2\/posts\/27608\/revisions\/27613"}],"wp:featuredmedia":[{"embeddable":true,"href":"https:\/\/portalmidia.net\/index.php\/wp-json\/wp\/v2\/media\/27612"}],"wp:attachment":[{"href":"https:\/\/portalmidia.net\/index.php\/wp-json\/wp\/v2\/media?parent=27608"}],"wp:term":[{"taxonomy":"category","embeddable":true,"href":"https:\/\/portalmidia.net\/index.php\/wp-json\/wp\/v2\/categories?post=27608"},{"taxonomy":"post_tag","embeddable":true,"href":"https:\/\/portalmidia.net\/index.php\/wp-json\/wp\/v2\/tags?post=27608"}],"curies":[{"name":"wp","href":"https:\/\/api.w.org\/{rel}","templated":true}]}}