 {"id":2856,"date":"2023-07-20T08:49:26","date_gmt":"2023-07-20T11:49:26","guid":{"rendered":"https:\/\/portalmidia.net\/?p=2856"},"modified":"2023-07-20T08:49:26","modified_gmt":"2023-07-20T11:49:26","slug":"secretario-de-seguranca-acredita-que-ataque-a-onibus-e-retaliacao-de-criminosos-ao-trabalho-da-policia","status":"publish","type":"post","link":"https:\/\/portalmidia.net\/index.php\/2023\/07\/20\/secretario-de-seguranca-acredita-que-ataque-a-onibus-e-retaliacao-de-criminosos-ao-trabalho-da-policia\/","title":{"rendered":"Secret\u00e1rio de Seguran\u00e7a acredita que ataque a \u00f4nibus \u00e9 retalia\u00e7\u00e3o de criminosos ao trabalho da pol\u00edcia"},"content":{"rendered":"<p style=\"text-align: justify;\">O secret\u00e1rio estadual de Seguran\u00e7a, Jean Nunes, entende o ataque a um \u00f4nibus, em Jo\u00e3o Pessoa, \u00e9 uma retalia\u00e7\u00e3o de criminosos ao trabalho que vem sendo desenvolvido pela pol\u00edcia. Tr\u00eas pessoas ficaram feridas no ataque ocorrido no bairro de Mandacaru. O motorista do \u00f4nibus est\u00e1 em estado grave.<\/p>\n<p style=\"text-align: justify;\">Segundo Jean Nunes, a pol\u00edcia intensificou as a\u00e7\u00f5es em algumas comunidades da capital e, para ele, querem retaliar e desafiar a pol\u00edcia.<\/p>\n<p style=\"text-align: justify;\">&#8220;Isso \u00e9 um ato terrorista e vamos investigar. As for\u00e7as de seguran\u00e7a tem feito um trabalho forte no combate a roubos e furtos, apreens\u00e3o de drogas e armas, e tem incomodado em algumas \u00e1reas em que antigamente podia se entrar e praticar esses crimes. Isso gera descontentamento e faz com que alguns tentem desafiar ou demover a pol\u00edcia de suas a\u00e7\u00f5es&#8221;, declarou em entrevista ao programa Arapuan Verdade.<\/p>\n<p style=\"text-align: justify;\">Na noite de ontem (18)\u00a0dois bandidos invadiram um \u00f4nibus e atearam fogo no ve\u00edculo da linha 604, em um trecho\u00a0da avenida Mandacaru. Segundo informa\u00e7\u00f5es da Pol\u00edcia Militar, o fato ocorreu por volta das 21h. Dois passageiros e o motorista estavam no ve\u00edculo e sofreram queimaduras.<\/p>\n<p>&nbsp;<\/p>\n<p>&nbsp;<\/p>\n<p>&nbsp;<\/p>\n<p>&nbsp;<\/p>\n<p>&nbsp;<\/p>\n<p>clickpb<\/p>\n","protected":false},"excerpt":{"rendered":"<p>O secret\u00e1rio estadual de Seguran\u00e7a, Jean Nunes, entende o ataque a um \u00f4nibus, em Jo\u00e3o Pessoa, \u00e9 uma retalia\u00e7\u00e3o de criminosos ao trabalho que vem sendo desenvolvido pela pol\u00edcia. Tr\u00eas pessoas ficaram feridas no ataque ocorrido no bairro de Mandacaru. O motorista do \u00f4nibus est\u00e1 em estado grave. Segundo Jean Nunes, a pol\u00edcia intensificou as<\/p>\n","protected":false},"author":1,"featured_media":2858,"comment_status":"open","ping_status":"open","sticky":false,"template":"","format":"standard","meta":{"_eb_attr":"","footnotes":""},"categories":[7,2],"tags":[],"class_list":["post-2856","post","type-post","status-publish","format-standard","has-post-thumbnail","hentry","category-destaque","category-policial"],"_links":{"self":[{"href":"https:\/\/portalmidia.net\/index.php\/wp-json\/wp\/v2\/posts\/2856","targetHints":{"allow":["GET"]}}],"collection":[{"href":"https:\/\/portalmidia.net\/index.php\/wp-json\/wp\/v2\/posts"}],"about":[{"href":"https:\/\/portalmidia.net\/index.php\/wp-json\/wp\/v2\/types\/post"}],"author":[{"embeddable":true,"href":"https:\/\/portalmidia.net\/index.php\/wp-json\/wp\/v2\/users\/1"}],"replies":[{"embeddable":true,"href":"https:\/\/portalmidia.net\/index.php\/wp-json\/wp\/v2\/comments?post=2856"}],"version-history":[{"count":0,"href":"https:\/\/portalmidia.net\/index.php\/wp-json\/wp\/v2\/posts\/2856\/revisions"}],"wp:featuredmedia":[{"embeddable":true,"href":"https:\/\/portalmidia.net\/index.php\/wp-json\/wp\/v2\/media\/2858"}],"wp:attachment":[{"href":"https:\/\/portalmidia.net\/index.php\/wp-json\/wp\/v2\/media?parent=2856"}],"wp:term":[{"taxonomy":"category","embeddable":true,"href":"https:\/\/portalmidia.net\/index.php\/wp-json\/wp\/v2\/categories?post=2856"},{"taxonomy":"post_tag","embeddable":true,"href":"https:\/\/portalmidia.net\/index.php\/wp-json\/wp\/v2\/tags?post=2856"}],"curies":[{"name":"wp","href":"https:\/\/api.w.org\/{rel}","templated":true}]}}