 {"id":2860,"date":"2023-07-20T08:50:33","date_gmt":"2023-07-20T11:50:33","guid":{"rendered":"https:\/\/portalmidia.net\/?p=2860"},"modified":"2023-07-20T08:58:49","modified_gmt":"2023-07-20T11:58:49","slug":"governo-federal-estuda-incluir-autonomos-no-minha-casa-minha-vida","status":"publish","type":"post","link":"https:\/\/portalmidia.net\/index.php\/2023\/07\/20\/governo-federal-estuda-incluir-autonomos-no-minha-casa-minha-vida\/","title":{"rendered":"Governo Federal estuda incluir aut\u00f4nomos no Minha Casa, Minha Vida"},"content":{"rendered":"<p style=\"text-align: justify;\">Est\u00e1 em estudo uma forma para trabalhadores de aplicativo, sem renda fixa, e aut\u00f4nomos comprovarem renda para adquirir im\u00f3veis pelo Minha Casa, Minha Vida. \u00c9 o que adiantou o ministro das Cidades, Jader Filho.<\/p>\n<p style=\"text-align: justify;\">A declara\u00e7\u00e3o foi dada nesta quarta-feira (19), a ve\u00edculos da EBC, Empresa Brasil de Comunica\u00e7\u00e3o. Segundo Jader Filho, o assunto ainda est\u00e1 em discuss\u00e3o e precisa ser afinado com a Casa Civil.<\/p>\n<p style=\"text-align: justify;\">Ainda no contexto do novo Minha Casa, Minha Vida, o titular do Minist\u00e9rio das Cidades tamb\u00e9m disse que a pasta da Gest\u00e3o e Inova\u00e7\u00e3o realiza um levantamento para saber quantos e quais im\u00f3veis e terrenos da Uni\u00e3o est\u00e3o desocupados. A ideia \u00e9 destinar para o programa habitacional do governo.<\/p>\n<p style=\"text-align: justify;\">Jader Filho destacou que, at\u00e9 este m\u00eas, cerca de 310 mil unidades foram cadastradas no sistema da Caixa Econ\u00f4mica Federal, para novos contratos do Minha Casa, Minha Vida.<\/p>\n<p>&nbsp;<\/p>\n<p>&nbsp;<\/p>\n<p>&nbsp;<\/p>\n<p>&nbsp;<\/p>\n<p>&nbsp;<\/p>\n<p>&nbsp;<\/p>\n<p>clickpb<\/p>\n","protected":false},"excerpt":{"rendered":"<p>Est\u00e1 em estudo uma forma para trabalhadores de aplicativo, sem renda fixa, e aut\u00f4nomos comprovarem renda para adquirir im\u00f3veis pelo Minha Casa, Minha Vida. \u00c9 o que adiantou o ministro das Cidades, Jader Filho. A declara\u00e7\u00e3o foi dada nesta quarta-feira (19), a ve\u00edculos da EBC, Empresa Brasil de Comunica\u00e7\u00e3o. Segundo Jader Filho, o assunto ainda<\/p>\n","protected":false},"author":1,"featured_media":2862,"comment_status":"open","ping_status":"open","sticky":false,"template":"","format":"standard","meta":{"_eb_attr":"","footnotes":""},"categories":[7,13],"tags":[],"class_list":["post-2860","post","type-post","status-publish","format-standard","has-post-thumbnail","hentry","category-destaque","category-noticias"],"_links":{"self":[{"href":"https:\/\/portalmidia.net\/index.php\/wp-json\/wp\/v2\/posts\/2860","targetHints":{"allow":["GET"]}}],"collection":[{"href":"https:\/\/portalmidia.net\/index.php\/wp-json\/wp\/v2\/posts"}],"about":[{"href":"https:\/\/portalmidia.net\/index.php\/wp-json\/wp\/v2\/types\/post"}],"author":[{"embeddable":true,"href":"https:\/\/portalmidia.net\/index.php\/wp-json\/wp\/v2\/users\/1"}],"replies":[{"embeddable":true,"href":"https:\/\/portalmidia.net\/index.php\/wp-json\/wp\/v2\/comments?post=2860"}],"version-history":[{"count":0,"href":"https:\/\/portalmidia.net\/index.php\/wp-json\/wp\/v2\/posts\/2860\/revisions"}],"wp:featuredmedia":[{"embeddable":true,"href":"https:\/\/portalmidia.net\/index.php\/wp-json\/wp\/v2\/media\/2862"}],"wp:attachment":[{"href":"https:\/\/portalmidia.net\/index.php\/wp-json\/wp\/v2\/media?parent=2860"}],"wp:term":[{"taxonomy":"category","embeddable":true,"href":"https:\/\/portalmidia.net\/index.php\/wp-json\/wp\/v2\/categories?post=2860"},{"taxonomy":"post_tag","embeddable":true,"href":"https:\/\/portalmidia.net\/index.php\/wp-json\/wp\/v2\/tags?post=2860"}],"curies":[{"name":"wp","href":"https:\/\/api.w.org\/{rel}","templated":true}]}}