 {"id":2864,"date":"2023-07-20T08:52:10","date_gmt":"2023-07-20T11:52:10","guid":{"rendered":"https:\/\/portalmidia.net\/?p=2864"},"modified":"2023-07-20T08:52:10","modified_gmt":"2023-07-20T11:52:10","slug":"governo-da-paraiba-decide-decretar-ponto-facultativo-em-jogos-da-selecao-feminina-na-copa-do-mundo","status":"publish","type":"post","link":"https:\/\/portalmidia.net\/index.php\/2023\/07\/20\/governo-da-paraiba-decide-decretar-ponto-facultativo-em-jogos-da-selecao-feminina-na-copa-do-mundo\/","title":{"rendered":"Governo da Para\u00edba decide decretar ponto facultativo em jogos da Sele\u00e7\u00e3o feminina na Copa do Mundo"},"content":{"rendered":"<div id=\"chunk-d93l1\">\n<div class=\"mc-column content-text active-extra-styles \" data-block-type=\"unstyled\" data-block-weight=\"53\" data-block-id=\"3\">\n<p class=\"content-text__container \" style=\"text-align: justify;\" data-track-category=\"Link no Texto\" data-track-links=\"\">A Secretaria de Administra\u00e7\u00e3o deve publicar nesta quinta-feira (20) uma portaria com as regras para permitir ponto facultativo para servidores p\u00fablicos estaduais da Para\u00edba nos dias de jogos da Sele\u00e7\u00e3o Brasileira Feminina de futebol durante a Copa do Mundo, que ser\u00e1 disputada na Austr\u00e1lia e Nova Zel\u00e2ndia, nos meses de julho e agosto.<\/p>\n<\/div>\n<\/div>\n<div class=\"wall protected-content\">\n<div id=\"chunk-agasv\" style=\"text-align: justify;\">\n<div class=\"mc-column content-text active-extra-styles \" data-block-type=\"unstyled\" data-block-weight=\"46\" data-block-id=\"4\">\n<p class=\"content-text__container \" data-track-category=\"Link no Texto\" data-track-links=\"\">A previs\u00e3o \u00e9 que a portaria seja publicada no Di\u00e1rio Oficial da Para\u00edba, segundo informado nesta quarta-feira (18) pela secretaria. O titular da pasta, Tib\u00e9rio Limeira, disse que o expediente das reparti\u00e7\u00f5es, em dias de jogos da sele\u00e7\u00e3o feminina, vai come\u00e7ar ao meio-dia, encerrando \u00e0s 18h.<\/p>\n<\/div>\n<\/div>\n<div id=\"chunk-6pvch\" style=\"text-align: justify;\">\n<div class=\"mc-column content-text active-extra-styles \" data-block-type=\"unstyled\" data-block-weight=\"41\" data-block-id=\"5\">\n<p class=\"content-text__container \" data-track-category=\"Link no Texto\" data-track-links=\"\">A medida \u00e9 diferente da que foi adotada pelo Governo Federal, que vai ter hor\u00e1rio diferenciado apenas nas horas pr\u00e9, durante e p\u00f3s jogos, e com compensa\u00e7\u00e3o de hor\u00e1rio n\u00e3o trabalhado. No caso da Para\u00edba, n\u00e3o h\u00e1 informa\u00e7\u00f5es sobre a compensa\u00e7\u00e3o.<\/p>\n<\/div>\n<\/div>\n<div id=\"chunk-bvg9o\" style=\"text-align: justify;\">\n<div class=\"content-ads content-ads--reveal\" data-block-type=\"ads\" data-block-id=\"6\">\n<div id=\"banner_materia2\" class=\"tag-manager-publicidade-container mc-has-reveal mc-has-ad-lazyload\" data-id=\"banner_materia2\">\n<div id=\"google_ads_iframe_\/95377733\/tvg_G1\/Sua_Regiao&gt;Nordeste&gt;Paraiba_3__container__\" style=\"box-sizing: inherit; margin: auto; padding: 0px; border: 0pt none; font: inherit; vertical-align: baseline; text-align: center; width: 970px; height: 0px;\"><\/div>\n<\/div>\n<\/div>\n<\/div>\n<div id=\"chunk-34uha\" style=\"text-align: justify;\">\n<div class=\"mc-column content-text active-extra-styles \" data-block-type=\"unstyled\" data-block-weight=\"44\" data-block-id=\"7\">\n<p class=\"content-text__container \" data-track-category=\"Link no Texto\" data-track-links=\"\">O torneio ocorre entre os dias 20 de julho e 20 de agosto. Mas a estreia da sele\u00e7\u00e3o brasileira feminina ocorre no pr\u00f3ximo dia 24, contra o Panam\u00e1. A equipe est\u00e1 no Grupo F, que conta ainda com Fran\u00e7a e Jamaica<strong><em>\u00a0(veja tabela abaixo).<\/em><\/strong><\/p>\n<\/div>\n<\/div>\n<div id=\"chunk-578s1\" style=\"text-align: justify;\">\n<div class=\"mc-column content-text active-extra-styles \" data-block-type=\"unstyled\" data-block-weight=\"19\" data-block-id=\"8\">\n<p class=\"content-text__container \" data-track-category=\"Link no Texto\" data-track-links=\"\">O ponto facultativo em dias de jogos \u00e9 uma medida tradicionalmente adotada na Copa do Mundo masculina de futebol.<\/p>\n<\/div>\n<\/div>\n<div id=\"chunk-68m7m\" style=\"text-align: justify;\">\n<div class=\"mc-column content-text active-extra-styles\" data-block-type=\"raw\" data-block-weight=\"7\" data-block-id=\"9\">\n<p class=\"content-text__container\">\n<div class=\"content-intertitle\">\n<h2>Previs\u00e3o de ponto facultativo em\u00a0Jo\u00e3o Pessoa<\/h2>\n<\/div>\n<p>&nbsp;<\/p>\n<\/div>\n<\/div>\n<div id=\"chunk-1qj6n\" style=\"text-align: justify;\">\n<div class=\"mc-column content-text active-extra-styles \" data-block-type=\"unstyled\" data-block-weight=\"47\" data-block-id=\"10\">\n<p class=\"content-text__container \" data-track-category=\"Link no Texto\" data-track-links=\"\">Segundo o Jornal da Para\u00edba, a prefeitura de Jo\u00e3o Pessoa tamb\u00e9m deve determinar pontos facultativos para os servidores municipais nos dias de jogos da sele\u00e7\u00e3o feminina do Brasil na Copa. Ainda n\u00e3o foram definidos os detalhes. Tanto poder\u00e1 seguir as regras do governo estadual, quanto do federal.<\/p>\n<\/div>\n<\/div>\n<div id=\"chunk-4gjne\" style=\"text-align: justify;\">\n<div class=\"mc-column content-text active-extra-styles\" data-block-type=\"raw\" data-block-weight=\"3\" data-block-id=\"11\">\n<p class=\"content-text__container\">\n<div class=\"content-intertitle\">\n<h2>Jogos da Sele\u00e7\u00e3o<\/h2>\n<\/div>\n<p>&nbsp;<\/p>\n<\/div>\n<\/div>\n<div id=\"chunk-1u612\">\n<div class=\"row medium-uncollapsed content-text\" data-block-type=\"table-plugin\" data-block-id=\"12\">\n<div class=\"column medium-centered medium-22 large-20\">\n<div class=\"show-table content-media content-media--normal\">\n<p class=\"mc-column show-table__title\" style=\"text-align: justify;\">Quando ser\u00e3o os jogos do Brasil na Copa do Mundo Feminina<\/p>\n<div class=\"show-table__centralized\">\n<div class=\"show-table__container\">\n<table class=\"show-table__content\n show-table__content--highlight-top        \"><\/p>\n<tbody>\n<tr style=\"text-align: justify;\">\n<td>Partida<\/td>\n<td>Hor\u00e1rio<\/td>\n<td>Data<\/td>\n<\/tr>\n<tr style=\"text-align: justify;\">\n<td>Brasil x Panam\u00e1<\/td>\n<td>8h<\/td>\n<td>24 de julho<\/td>\n<\/tr>\n<tr style=\"text-align: justify;\">\n<td>Brasil x Fran\u00e7a<\/td>\n<td>7h<\/td>\n<td>29 de julho<\/td>\n<\/tr>\n<tr>\n<td style=\"text-align: justify;\">Brasil x Jamaica<\/td>\n<td style=\"text-align: justify;\">7h<\/td>\n<td style=\"text-align: justify;\">2 de agosto<\/td>\n<\/tr>\n<\/tbody>\n<\/table>\n<\/div>\n<\/div>\n<\/div>\n<\/div>\n<\/div>\n<\/div>\n<\/div>\n<p>&nbsp;<\/p>\n<p>&nbsp;<\/p>\n<p>&nbsp;<\/p>\n<p>&nbsp;<\/p>\n<p>G1<\/p>\n","protected":false},"excerpt":{"rendered":"<p>A Secretaria de Administra\u00e7\u00e3o deve publicar nesta quinta-feira (20) uma portaria com as regras para permitir ponto facultativo para servidores p\u00fablicos estaduais da Para\u00edba nos dias de jogos da Sele\u00e7\u00e3o Brasileira Feminina de futebol durante a Copa do Mundo, que ser\u00e1 disputada na Austr\u00e1lia e Nova Zel\u00e2ndia, nos meses de julho e agosto. A previs\u00e3o<\/p>\n","protected":false},"author":1,"featured_media":2866,"comment_status":"open","ping_status":"open","sticky":false,"template":"","format":"standard","meta":{"_eb_attr":"","footnotes":""},"categories":[7,10],"tags":[],"class_list":["post-2864","post","type-post","status-publish","format-standard","has-post-thumbnail","hentry","category-destaque","category-esportes"],"_links":{"self":[{"href":"https:\/\/portalmidia.net\/index.php\/wp-json\/wp\/v2\/posts\/2864","targetHints":{"allow":["GET"]}}],"collection":[{"href":"https:\/\/portalmidia.net\/index.php\/wp-json\/wp\/v2\/posts"}],"about":[{"href":"https:\/\/portalmidia.net\/index.php\/wp-json\/wp\/v2\/types\/post"}],"author":[{"embeddable":true,"href":"https:\/\/portalmidia.net\/index.php\/wp-json\/wp\/v2\/users\/1"}],"replies":[{"embeddable":true,"href":"https:\/\/portalmidia.net\/index.php\/wp-json\/wp\/v2\/comments?post=2864"}],"version-history":[{"count":0,"href":"https:\/\/portalmidia.net\/index.php\/wp-json\/wp\/v2\/posts\/2864\/revisions"}],"wp:featuredmedia":[{"embeddable":true,"href":"https:\/\/portalmidia.net\/index.php\/wp-json\/wp\/v2\/media\/2866"}],"wp:attachment":[{"href":"https:\/\/portalmidia.net\/index.php\/wp-json\/wp\/v2\/media?parent=2864"}],"wp:term":[{"taxonomy":"category","embeddable":true,"href":"https:\/\/portalmidia.net\/index.php\/wp-json\/wp\/v2\/categories?post=2864"},{"taxonomy":"post_tag","embeddable":true,"href":"https:\/\/portalmidia.net\/index.php\/wp-json\/wp\/v2\/tags?post=2864"}],"curies":[{"name":"wp","href":"https:\/\/api.w.org\/{rel}","templated":true}]}}