 {"id":2868,"date":"2023-07-20T08:55:35","date_gmt":"2023-07-20T11:55:35","guid":{"rendered":"https:\/\/portalmidia.net\/?p=2868"},"modified":"2023-07-20T08:56:57","modified_gmt":"2023-07-20T11:56:57","slug":"a-secretaria-de-administracao-deve-publicar-nesta-quinta-feira-20-uma-portaria-com-as-regras-para-permitir-ponto-facultativo-para-servidores-publicos-estaduais-da-paraiba-nos-dias-de-jogos-da-seleca","status":"publish","type":"post","link":"https:\/\/portalmidia.net\/index.php\/2023\/07\/20\/a-secretaria-de-administracao-deve-publicar-nesta-quinta-feira-20-uma-portaria-com-as-regras-para-permitir-ponto-facultativo-para-servidores-publicos-estaduais-da-paraiba-nos-dias-de-jogos-da-seleca\/","title":{"rendered":"Jogos do Brasil na Copa do Mundo Feminina: datas e hor\u00e1rios"},"content":{"rendered":"<p style=\"text-align: justify;\">Quer saber as datas e hor\u00e1rios dos jogos do Brasil na Copa do Mundo Feminina 2023? O\u00a0<strong>ge<\/strong>\u00a0te mostra todos os confrontos da sele\u00e7\u00e3o brasileira e times advers\u00e1rios no Mundial que come\u00e7a no dia 20 de julho. A equipe de Pia Sundhage,\u00a0<a class=\"\" href=\"http:\/\/globoesporte.globo.com\/atleta\/marta.html\">Marta<\/a>\u00a0e companhia vai em busca do t\u00edtulo in\u00e9dito. O Brasil est\u00e1 no Grupo F, junto com Panam\u00e1, Jamaica e Fran\u00e7a.\u00a0<strong>No dia 24 de julho, a sele\u00e7\u00e3o feminina estreia contra as panamenhas, \u00e0s 08h (hor\u00e1rio de Bras\u00edlia), no Hindmarsh Stadium, em Brisbane, na Austr\u00e1lia.<\/strong><\/p>\n<p style=\"text-align: justify;\">Na segunda rodada, no dia 29 de julho, o desafio ser\u00e1 diante da sele\u00e7\u00e3o francesa, \u00e0s 07h, em Brisbane. A sele\u00e7\u00e3o feminina vai a Melbourne na terceira e \u00faltima rodada da fase de grupos para enfrentar a Jamaica, no dia 2 de agosto, \u00e0s 07h.<\/p>\n<div id=\"chunk-hpc4\" style=\"text-align: justify;\">\n<div class=\"mc-column content-text active-extra-styles\" data-block-type=\"raw\" data-block-weight=\"14\" data-block-id=\"7\">\n<div class=\"content-intertitle\">\n<h2>Datas e hor\u00e1rios dos jogos do Brasil na fase de grupos da Copa 2023<\/h2>\n<\/div>\n<p>&nbsp;<\/p>\n<\/div>\n<\/div>\n<div id=\"chunk-f4qvp\" style=\"text-align: justify;\">\n<div class=\"mc-column content-text active-extra-styles\" data-block-type=\"raw\" data-block-weight=\"41\" data-block-id=\"8\">\n<p class=\"content-text__container\">\n<ul class=\"content-unordered-list\">\n<li><strong>Brasil x Panam\u00e1 &#8211; 24 de julho (segunda-feira), \u00e0s 08h &#8211; Hindmarsh Stadium, em Adelaide.<\/strong><\/li>\n<li><strong>Fran\u00e7a x Brasil &#8211; 29 de julho (s\u00e1bado), \u00e0s 07h &#8211; Brisbane Stadium<\/strong><\/li>\n<li><strong>Jamaica x Brasil &#8211; 2 de agosto (quarta-feira), \u00e0s 07h &#8211; Melbourne Rectangular<\/strong><\/li>\n<\/ul>\n<p>&nbsp;<\/p>\n<\/div>\n<\/div>\n<div id=\"chunk-445gc\" style=\"text-align: justify;\">\n<div class=\"mc-column content-text active-extra-styles \" data-block-type=\"unstyled\" data-block-weight=\"67\" data-block-id=\"9\">\n<p class=\"content-text__container \" data-track-category=\"Link no Texto\" data-track-links=\"\">Caso o Brasil se classifique em primeiro lugar, vai jogar no dia 8 de agosto, em Adelaide, e o advers\u00e1rio das oitavas de final ser\u00e1 o segundo colocado do Grupo H. Se a classifica\u00e7\u00e3o for na segunda coloca\u00e7\u00e3o, a sele\u00e7\u00e3o feminina entra em campo no mesmo dia e enfrenta o primeiro lugar do Grupo H, em Melbourne. Alemanha, Col\u00f4mbia, Coreia do Sul e Marrocos comp\u00f5em a chave.<\/p>\n<\/div>\n<\/div>\n<div id=\"chunk-5vo50\" style=\"text-align: justify;\">\n<div class=\"mc-column content-text active-extra-styles\" data-block-type=\"raw\" data-block-weight=\"12\" data-block-id=\"10\">\n<p class=\"content-text__container\">\n<div class=\"content-intertitle\">\n<h2>Poss\u00edveis jogos do Brasil a partir das oitavas de final da Copa:<\/h2>\n<\/div>\n<p>&nbsp;<\/p>\n<\/div>\n<\/div>\n<div id=\"chunk-b53lq\" style=\"text-align: justify;\">\n<div class=\"mc-column content-text active-extra-styles \" data-block-type=\"unstyled\" data-block-weight=\"9\" data-block-id=\"11\">\n<p class=\"content-text__container \" data-track-category=\"Link no Texto\" data-track-links=\"\"><strong>Em caso de classifica\u00e7\u00e3o em primeiro lugar no grupo:<\/strong><\/p>\n<\/div>\n<\/div>\n<div id=\"chunk-3potj\" style=\"text-align: justify;\">\n<div class=\"mc-column content-text active-extra-styles\" data-block-type=\"raw\" data-block-weight=\"27\" data-block-id=\"12\">\n<p class=\"content-text__container\">\n<ul class=\"content-unordered-list\">\n<li>Oitavas de final: 08\/08 (ter\u00e7a-feira), 08h<\/li>\n<li>Quartas de final: 12\/08 (s\u00e1bado), 04h<\/li>\n<li>Semifinal: 16\/08 (quarta-feira), 07h<\/li>\n<li>Disputa de terceiro lugar: 19\/08 (s\u00e1bado), 05h<\/li>\n<li>Final: 20\/08 (domingo), 07h<\/li>\n<\/ul>\n<p>&nbsp;<\/p>\n<\/div>\n<\/div>\n<div id=\"chunk-5qte2\" style=\"text-align: justify;\">\n<div class=\"mc-column content-text active-extra-styles \" data-block-type=\"unstyled\" data-block-weight=\"9\" data-block-id=\"13\">\n<p class=\"content-text__container \" data-track-category=\"Link no Texto\" data-track-links=\"\"><strong>Em caso de classifica\u00e7\u00e3o em segundo lugar no grupo:<\/strong><\/p>\n<\/div>\n<\/div>\n<div id=\"chunk-96j4s\" style=\"text-align: justify;\">\n<div class=\"mc-column content-text active-extra-styles\" data-block-type=\"raw\" data-block-weight=\"27\" data-block-id=\"14\">\n<p class=\"content-text__container\">\n<ul class=\"content-unordered-list\">\n<li>Oitavas de final: 08\/08 (ter\u00e7a-feira), 05h<\/li>\n<li>Quartas de final: 12\/08 (s\u00e1bado), 07h30<\/li>\n<li>Semifinal: 16\/08 (quarta-feira), 07h<\/li>\n<li>Disputa de terceiro lugar: 19\/08 (s\u00e1bado), 05h<\/li>\n<li>Final: 20\/08 (domingo), 07h<\/li>\n<\/ul>\n<p>&nbsp;<\/p>\n<\/div>\n<\/div>\n<div id=\"chunk-cvk69\" style=\"text-align: justify;\">\n<div class=\"content-ads content-ads--reveal\" data-block-type=\"ads\" data-block-id=\"15\">\n<div id=\"banner_materia__ed39a09c-c414-4511-8884-1544660fe6d9\" class=\"tag-manager-publicidade-container mc-has-reveal mc-has-ad-lazyload\" data-id=\"banner_materia__ed39a09c-c414-4511-8884-1544660fe6d9\">\n<div id=\"google_ads_iframe_\/95377733\/tvg_GE\/Futebol_Feminino\/Copa_do_Mundo_5__container__\"><\/div>\n<\/div>\n<\/div>\n<\/div>\n<div id=\"chunk-5knbn\" style=\"text-align: justify;\">\n<div class=\"mc-column content-text active-extra-styles\" data-block-type=\"raw\" data-block-weight=\"5\" data-block-id=\"16\">\n<p class=\"content-text__container\">\n<div class=\"content-intertitle\">\n<h2><em>* Todos hor\u00e1rios de Bras\u00edlia<\/em><\/h2>\n<\/div>\n<p>&nbsp;<\/p>\n<\/div>\n<\/div>\n<div data-track-category=\"multicontent\" data-track-action=\"ultimo chunk conteudo\" data-track-noninteraction=\"false\" data-track-scroll=\"view\">\n<div id=\"chunk-1coor\">\n<div class=\"row medium-uncollapsed content-media content-photo\" data-block-type=\"backstage-photo\" data-block-id=\"17\">\n<div class=\"mc-column content-media__container\">\n<div class=\"content-media-container glb-skeleton-box\" style=\"text-align: justify;\">\n<figure class=\"content-media-figure\"><img decoding=\"async\" class=\"i-amphtml-fill-content i-amphtml-replaced-content\" src=\"https:\/\/s2-ge.glbimg.com\/CC97fr3aOviHt5Pn0-Z8bofs33s=\/0x0:4283x2855\/984x0\/smart\/filters:strip_icc()\/i.s3.glbimg.com\/v1\/AUTH_bc8228b6673f488aa253bbcb03c80ec5\/internal_photos\/bs\/2023\/J\/X\/YmG3XxQKeOpLyhL23Bxg\/53016793037-23d6a32b69-o.jpg\" sizes=\"(max-width: 1300px) 648px, 100vw\" srcset=\"https:\/\/s2-ge.glbimg.com\/HjxFJAn9MpF4sdI5tZyUnbd7Akw=\/0x0:4283x2855\/1000x0\/smart\/filters:strip_icc()\/i.s3.glbimg.com\/v1\/AUTH_bc8228b6673f488aa253bbcb03c80ec5\/internal_photos\/bs\/2023\/J\/X\/YmG3XxQKeOpLyhL23Bxg\/53016793037-23d6a32b69-o.jpg 1000w, https:\/\/s2-ge.glbimg.com\/CC97fr3aOviHt5Pn0-Z8bofs33s=\/0x0:4283x2855\/984x0\/smart\/filters:strip_icc()\/i.s3.glbimg.com\/v1\/AUTH_bc8228b6673f488aa253bbcb03c80ec5\/internal_photos\/bs\/2023\/J\/X\/YmG3XxQKeOpLyhL23Bxg\/53016793037-23d6a32b69-o.jpg 984w, https:\/\/s2-ge.glbimg.com\/iel45_icaJxV_OYug2Hs2C9mOh8=\/0x0:4283x2855\/640x0\/smart\/filters:strip_icc()\/i.s3.glbimg.com\/v1\/AUTH_bc8228b6673f488aa253bbcb03c80ec5\/internal_photos\/bs\/2023\/J\/X\/YmG3XxQKeOpLyhL23Bxg\/53016793037-23d6a32b69-o.jpg 640w, https:\/\/s2-ge.glbimg.com\/gpmUjKbFrMpNtgSRRjiQO80FHOE=\/0x0:4283x2855\/600x0\/smart\/filters:strip_icc()\/i.s3.glbimg.com\/v1\/AUTH_bc8228b6673f488aa253bbcb03c80ec5\/internal_photos\/bs\/2023\/J\/X\/YmG3XxQKeOpLyhL23Bxg\/53016793037-23d6a32b69-o.jpg 600w\" alt=\"Brasil vai tentar seu primeiro t\u00edtulo na Copa do Mundo Feminina \u2014 Foto: Thais Magalh\u00e3es\/CBF\" \/><\/figure>\n<\/div>\n<p class=\"content-media__description \" style=\"text-align: justify;\">Brasil vai tentar seu primeiro t\u00edtulo na Copa do Mundo Feminina \u2014 Foto: Thais Magalh\u00e3es\/CBF<\/p>\n<\/div>\n<\/div>\n<\/div>\n<\/div>\n<p>&nbsp;<\/p>\n<p>&nbsp;<\/p>\n<p>&nbsp;<\/p>\n<p>&nbsp;<\/p>\n<p>&nbsp;<\/p>\n<p>&nbsp;<\/p>\n<p>globo<\/p>\n","protected":false},"excerpt":{"rendered":"<p>Quer saber as datas e hor\u00e1rios dos jogos do Brasil na Copa do Mundo Feminina 2023? O\u00a0ge\u00a0te mostra todos os confrontos da sele\u00e7\u00e3o brasileira e times advers\u00e1rios no Mundial que come\u00e7a no dia 20 de julho. A equipe de Pia Sundhage,\u00a0Marta\u00a0e companhia vai em busca do t\u00edtulo in\u00e9dito. O Brasil est\u00e1 no Grupo F, junto<\/p>\n","protected":false},"author":1,"featured_media":2870,"comment_status":"open","ping_status":"open","sticky":false,"template":"","format":"standard","meta":{"_eb_attr":"","footnotes":""},"categories":[7,10],"tags":[],"class_list":["post-2868","post","type-post","status-publish","format-standard","has-post-thumbnail","hentry","category-destaque","category-esportes"],"_links":{"self":[{"href":"https:\/\/portalmidia.net\/index.php\/wp-json\/wp\/v2\/posts\/2868","targetHints":{"allow":["GET"]}}],"collection":[{"href":"https:\/\/portalmidia.net\/index.php\/wp-json\/wp\/v2\/posts"}],"about":[{"href":"https:\/\/portalmidia.net\/index.php\/wp-json\/wp\/v2\/types\/post"}],"author":[{"embeddable":true,"href":"https:\/\/portalmidia.net\/index.php\/wp-json\/wp\/v2\/users\/1"}],"replies":[{"embeddable":true,"href":"https:\/\/portalmidia.net\/index.php\/wp-json\/wp\/v2\/comments?post=2868"}],"version-history":[{"count":0,"href":"https:\/\/portalmidia.net\/index.php\/wp-json\/wp\/v2\/posts\/2868\/revisions"}],"wp:featuredmedia":[{"embeddable":true,"href":"https:\/\/portalmidia.net\/index.php\/wp-json\/wp\/v2\/media\/2870"}],"wp:attachment":[{"href":"https:\/\/portalmidia.net\/index.php\/wp-json\/wp\/v2\/media?parent=2868"}],"wp:term":[{"taxonomy":"category","embeddable":true,"href":"https:\/\/portalmidia.net\/index.php\/wp-json\/wp\/v2\/categories?post=2868"},{"taxonomy":"post_tag","embeddable":true,"href":"https:\/\/portalmidia.net\/index.php\/wp-json\/wp\/v2\/tags?post=2868"}],"curies":[{"name":"wp","href":"https:\/\/api.w.org\/{rel}","templated":true}]}}