 {"id":2874,"date":"2023-07-20T09:33:16","date_gmt":"2023-07-20T12:33:16","guid":{"rendered":"https:\/\/portalmidia.net\/?p=2874"},"modified":"2023-07-20T09:33:16","modified_gmt":"2023-07-20T12:33:16","slug":"agencia-bancaria-e-fechada-por-sindicato-apos-denuncias-de-assedio-moral-em-joao-pessoa","status":"publish","type":"post","link":"https:\/\/portalmidia.net\/index.php\/2023\/07\/20\/agencia-bancaria-e-fechada-por-sindicato-apos-denuncias-de-assedio-moral-em-joao-pessoa\/","title":{"rendered":"Ag\u00eancia banc\u00e1ria \u00e9 fechada por sindicato, ap\u00f3s den\u00fancias de ass\u00e9dio moral, em Jo\u00e3o Pessoa"},"content":{"rendered":"<div id=\"chunk-1dnca\">\n<div class=\"mc-column content-text active-extra-styles \" data-block-type=\"unstyled\" data-block-weight=\"35\" data-block-id=\"3\">\n<p class=\"content-text__container \" style=\"text-align: justify;\" data-track-category=\"Link no Texto\" data-track-links=\"\">O Sindicato dos Banc\u00e1rios da Para\u00edba fechou, nesta quarta-feira (19), uma ag\u00eancia do Bradesco localizada na avenida Epit\u00e1cio Pessoa, em\u00a0<a class=\"\" href=\"https:\/\/g1.globo.com\/pb\/paraiba\/cidade\/joao-pessoa\/\">Jo\u00e3o Pessoa<\/a>. A justificativa da paralisa\u00e7\u00e3o \u00e9 um ac\u00famulo de den\u00fancias de ass\u00e9dio moral.<\/p>\n<\/div>\n<\/div>\n<div class=\"wall protected-content\">\n<div id=\"chunk-3vm7e\" style=\"text-align: justify;\">\n<div class=\"mc-column content-text active-extra-styles \" data-block-type=\"unstyled\" data-block-weight=\"24\" data-block-id=\"4\">\n<p class=\"content-text__container \" data-track-category=\"Link no Texto\" data-track-links=\"\">O fechamento da ag\u00eancia \u00e9 apenas nesta quarta-feira (19). Nesta quinta-feira (20), as atividades voltar\u00e3o a funcionar.<\/p>\n<\/div>\n<\/div>\n<div id=\"chunk-a4a4q\" style=\"text-align: justify;\">\n<div class=\"mc-column content-text active-extra-styles \" data-block-type=\"unstyled\" data-block-weight=\"30\" data-block-id=\"6\">\n<p class=\"content-text__container \" data-track-category=\"Link no Texto\" data-track-links=\"\">O presidente do sindicato, Lindonjhonson Almeida, deu mais detalhes sobre os motivos da atividade sindical. \u201cO sindicato vem recebendo reiteradas den\u00fancias sobre a pr\u00e1tica de ass\u00e9dio moral nesta ag\u00eancia&#8221;.<\/p>\n<\/div>\n<\/div>\n<div id=\"chunk-2ac8q\" style=\"text-align: justify;\">\n<div class=\"content-ads content-ads--reveal\" data-block-type=\"ads\" data-block-id=\"7\">\n<div id=\"banner_materia2\" class=\"tag-manager-publicidade-container mc-has-reveal mc-has-ad-lazyload tag-manager-publicidade-banner_materia2 tag-manager-publicidade-container--carregado tag-manager-publicidade-container--visivel\" data-id=\"banner_materia2\" data-google-query-id=\"CL_P0a-lnYADFU9S3QIdIwQOUQ\">\n<div id=\"google_ads_iframe_\/95377733\/tvg_G1\/Sua_Regiao&gt;Nordeste&gt;Paraiba_3__container__\" style=\"box-sizing: inherit; margin: auto; padding: 0px; border: 0pt none; font: inherit; vertical-align: baseline; max-width: 100%; width: 970px; height: 120px; text-align: justify;\"><span style=\"text-align: justify;\">Ele informou tamb\u00e9m que j\u00e1 foram feitas diversas tentativas de solu\u00e7\u00e3o, mas como os relatos de ass\u00e9dio moral continuaram, paralisaram a ag\u00eancia, com o objetivo de chamar a aten\u00e7\u00e3o da superintend\u00eancia estadual e da dire\u00e7\u00e3o do Bradesco.<\/span><\/div>\n<div style=\"box-sizing: inherit; margin: auto; padding: 0px; border: 0pt none; font: inherit; vertical-align: baseline; max-width: 100%; width: 970px; height: 120px; text-align: justify;\"><span style=\"text-align: justify;\">&#8220;Esgotadas as tentativas de uma solu\u00e7\u00e3o, estamos fazendo essa paralisa\u00e7\u00e3o com protesto para chamar a aten\u00e7\u00e3o da superintend\u00eancia estadual e a dire\u00e7\u00e3o do Bradesco, antes de partirmos para a esfera judicial em busca de uma solu\u00e7\u00e3o para barrar a pr\u00e1tica abusiva e criminosa\u201d, explicou.<\/span><\/div>\n<\/div>\n<\/div>\n<\/div>\n<\/div>\n<div><\/div>\n<div><\/div>\n<div><\/div>\n<div><\/div>\n<div><\/div>\n<div><\/div>\n<div><\/div>\n<div>G1<\/div>\n","protected":false},"excerpt":{"rendered":"<p>O Sindicato dos Banc\u00e1rios da Para\u00edba fechou, nesta quarta-feira (19), uma ag\u00eancia do Bradesco localizada na avenida Epit\u00e1cio Pessoa, em\u00a0Jo\u00e3o Pessoa. A justificativa da paralisa\u00e7\u00e3o \u00e9 um ac\u00famulo de den\u00fancias de ass\u00e9dio moral. O fechamento da ag\u00eancia \u00e9 apenas nesta quarta-feira (19). Nesta quinta-feira (20), as atividades voltar\u00e3o a funcionar. O presidente do sindicato, Lindonjhonson<\/p>\n","protected":false},"author":1,"featured_media":2876,"comment_status":"open","ping_status":"open","sticky":false,"template":"","format":"standard","meta":{"_eb_attr":"","footnotes":""},"categories":[7,13],"tags":[],"class_list":["post-2874","post","type-post","status-publish","format-standard","has-post-thumbnail","hentry","category-destaque","category-noticias"],"_links":{"self":[{"href":"https:\/\/portalmidia.net\/index.php\/wp-json\/wp\/v2\/posts\/2874","targetHints":{"allow":["GET"]}}],"collection":[{"href":"https:\/\/portalmidia.net\/index.php\/wp-json\/wp\/v2\/posts"}],"about":[{"href":"https:\/\/portalmidia.net\/index.php\/wp-json\/wp\/v2\/types\/post"}],"author":[{"embeddable":true,"href":"https:\/\/portalmidia.net\/index.php\/wp-json\/wp\/v2\/users\/1"}],"replies":[{"embeddable":true,"href":"https:\/\/portalmidia.net\/index.php\/wp-json\/wp\/v2\/comments?post=2874"}],"version-history":[{"count":0,"href":"https:\/\/portalmidia.net\/index.php\/wp-json\/wp\/v2\/posts\/2874\/revisions"}],"wp:featuredmedia":[{"embeddable":true,"href":"https:\/\/portalmidia.net\/index.php\/wp-json\/wp\/v2\/media\/2876"}],"wp:attachment":[{"href":"https:\/\/portalmidia.net\/index.php\/wp-json\/wp\/v2\/media?parent=2874"}],"wp:term":[{"taxonomy":"category","embeddable":true,"href":"https:\/\/portalmidia.net\/index.php\/wp-json\/wp\/v2\/categories?post=2874"},{"taxonomy":"post_tag","embeddable":true,"href":"https:\/\/portalmidia.net\/index.php\/wp-json\/wp\/v2\/tags?post=2874"}],"curies":[{"name":"wp","href":"https:\/\/api.w.org\/{rel}","templated":true}]}}