 {"id":2878,"date":"2023-07-20T09:36:37","date_gmt":"2023-07-20T12:36:37","guid":{"rendered":"https:\/\/portalmidia.net\/?p=2878"},"modified":"2023-07-20T09:36:37","modified_gmt":"2023-07-20T12:36:37","slug":"motorista-que-teve-54-do-corpo-queimado-em-incendio-a-onibus-de-joao-pessoa-fazia-rota-ha-5-anos","status":"publish","type":"post","link":"https:\/\/portalmidia.net\/index.php\/2023\/07\/20\/motorista-que-teve-54-do-corpo-queimado-em-incendio-a-onibus-de-joao-pessoa-fazia-rota-ha-5-anos\/","title":{"rendered":"Motorista que teve 54% do corpo queimado em inc\u00eandio a \u00f4nibus de Jo\u00e3o Pessoa fazia rota h\u00e1 5 anos"},"content":{"rendered":"<div id=\"chunk-b59nn\">\n<div class=\"mc-column content-text active-extra-styles \" data-block-type=\"unstyled\" data-block-weight=\"53\" data-block-id=\"3\">\n<p class=\"content-text__container \" style=\"text-align: justify;\" data-track-category=\"Link no Texto\" data-track-links=\"\">O motorista do \u00f4nibus que foi incendiado em\u00a0<a class=\"\" href=\"https:\/\/g1.globo.com\/pb\/paraiba\/cidade\/joao-pessoa\/\">Jo\u00e3o Pessoa<\/a>, na \u00faltima ter\u00e7a-feira (18), fazia a rota na linha 600, entre os bairros de Bessa e Varadouro, h\u00e1 5 anos. Conhecido como Silvano da Silva e vinculado ao cons\u00f3rcio Unitrans, o homem teve 54% de seu corpo queimado no ataque ao coletivo.<\/p>\n<\/div>\n<\/div>\n<div class=\"wall protected-content\">\n<div id=\"chunk-b7phe\" style=\"text-align: justify;\">\n<div class=\"mc-column content-text active-extra-styles \" data-block-type=\"unstyled\" data-block-weight=\"25\" data-block-id=\"4\">\n<p class=\"content-text__container \" data-track-category=\"Link no Texto\" data-track-links=\"\">Segundo o Hospital de Trauma, o motorista segue internado e seu estado de sa\u00fade \u00e9 grave. Ele teve queimaduras no rosto, bra\u00e7os e t\u00f3rax.<\/p>\n<\/div>\n<\/div>\n<div id=\"chunk-cg89n\" style=\"text-align: justify;\">\n<div class=\"mc-column content-text active-extra-styles \" data-block-type=\"unstyled\" data-block-weight=\"14\" data-block-id=\"5\">\n<p class=\"content-text__container \" data-track-category=\"Link no Texto\" data-track-links=\"\">Das tr\u00eas pessoas que foram internadas, ele \u00e9 o \u00fanico que segue internado.<\/p>\n<\/div>\n<\/div>\n<div id=\"chunk-8gvtp\" style=\"text-align: justify;\">\n<div class=\"mc-column content-text active-extra-styles\" data-block-type=\"raw\" data-block-weight=\"3\" data-block-id=\"6\">\n<p class=\"content-text__container\">\n<div class=\"content-intertitle\">\n<h2>Entenda o caso<\/h2>\n<\/div>\n<p>&nbsp;<\/p>\n<\/div>\n<\/div>\n<div id=\"chunk-brnde\" style=\"text-align: justify;\">\n<div class=\"mc-column content-text active-extra-styles \" data-block-type=\"unstyled\" data-block-weight=\"48\" data-block-id=\"7\">\n<p class=\"content-text__container \" data-track-category=\"Link no Texto\" data-track-links=\"\">Segundo a Pol\u00edcia Militar, ainda na noite da ter\u00e7a-feira (18), dois homens armados invadiram o coletivo que faz a linha 600, entre os bairros de Bessa e Varadouro. Na a\u00e7\u00e3o, eles obrigaram o motorista e cinco passageiros a permanecerem no \u00f4nibus, atiraram garrafas com combust\u00edvel e atearam fogo.<\/p>\n<\/div>\n<\/div>\n<div id=\"chunk-6n5t7\" style=\"text-align: justify;\">\n<div class=\"content-ads content-ads--reveal\" data-block-type=\"ads\" data-block-id=\"8\">\n<div style=\"box-sizing: inherit; margin: auto; padding: 0px; border: 0pt none; font: inherit; vertical-align: baseline; max-width: 100%; width: 970px; height: 250px; text-align: justify;\"><span style=\"text-align: justify;\">\u201cEles mandaram o pessoal correr para a parte de tr\u00e1s do \u00f4nibus, mas proibiram o motorista de abrir as portas, inclusive um deles deu uma coronhada na cabe\u00e7a do motorista. Em seguida, desceram pela porta da frente e jogaram gasolina na porta antes de atear fogo em tudo\u201d, disse a capit\u00e3 Marilyn, da PM.<\/span><\/div>\n<div style=\"box-sizing: inherit; margin: auto; padding: 0px; border: 0pt none; font: inherit; vertical-align: baseline; max-width: 100%; width: 970px; height: 250px; text-align: justify;\"><span style=\"text-align: justify;\">A PM foi acionada e resgatou as tr\u00eas v\u00edtimas, que foram levadas para o Hospital de Emerg\u00eancia e Trauma de Jo\u00e3o Pessoa. As outras duas pessoas que estavam no \u00f4nibus conseguiram fugir antes que as chamas consumissem o ve\u00edculo.<\/span><\/div>\n<div style=\"box-sizing: inherit; margin: auto; padding: 0px; border: 0pt none; font: inherit; vertical-align: baseline; max-width: 100%; width: 970px; height: 250px; text-align: justify;\">Entre os feridos est\u00e1 uma passageira de 27 anos e um passageiro de 30 anos tiveram ferimentos leves e tiveram alta do hospital ainda na madrugada desta quarta-feira (18).<\/div>\n<\/div>\n<\/div>\n<div id=\"chunk-8fa9\">\n<div class=\"mc-column content-text active-extra-styles \" data-block-type=\"unstyled\" data-block-weight=\"49\" data-block-id=\"12\">\n<p class=\"content-text__container \" style=\"text-align: justify;\" data-track-category=\"Link no Texto\" data-track-links=\"\">As chamas consumiram o \u00f4nibus em poucos minutos e o fogo tamb\u00e9m atingiu a rede de energia el\u00e9trica, deixando parte do bairro sem energia. A a\u00e7\u00e3o dos criminosos n\u00e3o ficou registrada em v\u00eddeo porque a c\u00e2mera de seguran\u00e7a presente no coletivo n\u00e3o transmite imagens e foi destru\u00edda pelo fogo.<\/p>\n<\/div>\n<\/div>\n<\/div>\n<p data-track-category=\"Link no Texto\" data-track-links=\"\">\n<p data-track-category=\"Link no Texto\" data-track-links=\"\">\n<p data-track-category=\"Link no Texto\" data-track-links=\"\">\n<p data-track-category=\"Link no Texto\" data-track-links=\"\">\n<p data-track-category=\"Link no Texto\" data-track-links=\"\">\n<p data-track-category=\"Link no Texto\" data-track-links=\"\">G1<\/p>\n","protected":false},"excerpt":{"rendered":"<p>O motorista do \u00f4nibus que foi incendiado em\u00a0Jo\u00e3o Pessoa, na \u00faltima ter\u00e7a-feira (18), fazia a rota na linha 600, entre os bairros de Bessa e Varadouro, h\u00e1 5 anos. Conhecido como Silvano da Silva e vinculado ao cons\u00f3rcio Unitrans, o homem teve 54% de seu corpo queimado no ataque ao coletivo. Segundo o Hospital de<\/p>\n","protected":false},"author":1,"featured_media":2880,"comment_status":"open","ping_status":"open","sticky":false,"template":"","format":"standard","meta":{"_eb_attr":"","footnotes":""},"categories":[7,2],"tags":[],"class_list":["post-2878","post","type-post","status-publish","format-standard","has-post-thumbnail","hentry","category-destaque","category-policial"],"_links":{"self":[{"href":"https:\/\/portalmidia.net\/index.php\/wp-json\/wp\/v2\/posts\/2878","targetHints":{"allow":["GET"]}}],"collection":[{"href":"https:\/\/portalmidia.net\/index.php\/wp-json\/wp\/v2\/posts"}],"about":[{"href":"https:\/\/portalmidia.net\/index.php\/wp-json\/wp\/v2\/types\/post"}],"author":[{"embeddable":true,"href":"https:\/\/portalmidia.net\/index.php\/wp-json\/wp\/v2\/users\/1"}],"replies":[{"embeddable":true,"href":"https:\/\/portalmidia.net\/index.php\/wp-json\/wp\/v2\/comments?post=2878"}],"version-history":[{"count":0,"href":"https:\/\/portalmidia.net\/index.php\/wp-json\/wp\/v2\/posts\/2878\/revisions"}],"wp:featuredmedia":[{"embeddable":true,"href":"https:\/\/portalmidia.net\/index.php\/wp-json\/wp\/v2\/media\/2880"}],"wp:attachment":[{"href":"https:\/\/portalmidia.net\/index.php\/wp-json\/wp\/v2\/media?parent=2878"}],"wp:term":[{"taxonomy":"category","embeddable":true,"href":"https:\/\/portalmidia.net\/index.php\/wp-json\/wp\/v2\/categories?post=2878"},{"taxonomy":"post_tag","embeddable":true,"href":"https:\/\/portalmidia.net\/index.php\/wp-json\/wp\/v2\/tags?post=2878"}],"curies":[{"name":"wp","href":"https:\/\/api.w.org\/{rel}","templated":true}]}}