 {"id":29352,"date":"2024-04-26T08:45:50","date_gmt":"2024-04-26T11:45:50","guid":{"rendered":"https:\/\/portalmidia.net\/?p=29352"},"modified":"2024-04-26T08:45:50","modified_gmt":"2024-04-26T11:45:50","slug":"detentos-fazem-rebeliao-em-presidio-no-sertao-da-pb-apos-diretor-ser-preso-em-operacao","status":"publish","type":"post","link":"https:\/\/portalmidia.net\/index.php\/2024\/04\/26\/detentos-fazem-rebeliao-em-presidio-no-sertao-da-pb-apos-diretor-ser-preso-em-operacao\/","title":{"rendered":"Detentos fazem rebeli\u00e3o em pres\u00eddio no Sert\u00e3o da PB ap\u00f3s diretor ser preso em opera\u00e7\u00e3o"},"content":{"rendered":"<div id=\"chunk-8kkd6\">\n<div class=\"mc-column content-text active-extra-styles \" data-block-type=\"unstyled\" data-block-weight=\"51\" data-block-id=\"2\">\n<p class=\" content-text__container \" style=\"text-align: justify;\" data-track-category=\"Link no Texto\" data-track-links=\"\" data-mrf-recirculation=\"Article links\">Uma rebeli\u00e3o foi registrada no Pres\u00eddio Padr\u00e3o de\u00a0<a class=\"\" href=\"https:\/\/g1.globo.com\/pb\/paraiba\/cidade\/cajazeiras-pb\/\" data-mrf-link=\"https:\/\/g1.globo.com\/pb\/paraiba\/cidade\/cajazeiras-pb\/\">Cajazeiras<\/a>, no Sert\u00e3o da Para\u00edba, na tarde desta quinta-feira (25). O motim aconteceu ap\u00f3s a pris\u00e3o do diretor da penitenci\u00e1ria estadual durante uma opera\u00e7\u00e3o, por suspeita de participar de um grupo criminoso que facilitava a sa\u00edda dos presos do local, fraudando documentos.<\/p>\n<\/div>\n<\/div>\n<div class=\"wall protected-content\" style=\"text-align: justify;\">\n<div id=\"chunk-efklu\">\n<div class=\"mc-column content-text active-extra-styles \" data-block-type=\"unstyled\" data-block-weight=\"44\" data-block-id=\"4\">\n<p class=\" content-text__container \" data-track-category=\"Link no Texto\" data-track-links=\"\" data-mrf-recirculation=\"Article links\">De acordo com informa\u00e7\u00f5es da Pol\u00edcia Militar, os detentos quebraram as paredes das celas e destru\u00edram parte no local. A rebeli\u00e3o foi contida pelas for\u00e7as de seguran\u00e7a da penitenci\u00e1ria e, posteriormente, os detentos foram transferidos para uma das salas de aula do pres\u00eddio.<\/p>\n<\/div>\n<\/div>\n<div id=\"chunk-aelg4\">\n<div class=\"mc-column content-text active-extra-styles \" data-block-type=\"unstyled\" data-block-weight=\"27\" data-block-id=\"5\">\n<p class=\" content-text__container \" data-track-category=\"Link no Texto\" data-track-links=\"\" data-mrf-recirculation=\"Article links\">Ainda segundo informa\u00e7\u00f5es da PM, uma revista vai ser feita nos presos para rastrear algum material il\u00edcito que por ventura possa estar em posse dos presos.<\/p>\n<\/div>\n<\/div>\n<div id=\"chunk-aea6t\">\n<div class=\"content-ads content-ads--reveal\" data-block-type=\"ads\" data-block-id=\"6\"><\/div>\n<\/div>\n<div id=\"chunk-19uon\">\n<div class=\"mc-column content-text active-extra-styles \" data-block-type=\"unstyled\" data-block-weight=\"47\" data-block-id=\"7\">\n<p class=\" content-text__container \" data-track-category=\"Link no Texto\" data-track-links=\"\" data-mrf-recirculation=\"Article links\">Em nota, a Secretaria de Administra\u00e7\u00e3o Penitenci\u00e1ria da Para\u00edba (Seap-PB), que \u00e9 respons\u00e1vel pela organiza\u00e7\u00e3o do pres\u00eddio em Cajazeiras, informou que a rebeli\u00e3o foi contida e que n\u00e3o houve feridos. Al\u00e9m disso, a secretaria tamb\u00e9m disse que procedimentos administrativos est\u00e3o sendo feitos para apurar a rebeli\u00e3o.<\/p>\n<\/div>\n<\/div>\n<div id=\"chunk-c77mb\">\n<div class=\"mc-column content-text active-extra-styles\" data-block-type=\"raw\" data-block-weight=\"1\" data-block-id=\"8\">\n<p class=\"content-text__container\" data-mrf-recirculation=\"Article links\">\n<div class=\"content-intertitle\">\n<h2>Opera\u00e7\u00e3o<\/h2>\n<\/div>\n<p>&nbsp;<\/p>\n<\/div>\n<\/div>\n<div id=\"chunk-a49ij\">\n<div class=\"mc-column content-text active-extra-styles \" data-block-type=\"unstyled\" data-block-weight=\"24\" data-block-id=\"9\">\n<p class=\" content-text__container \" data-track-category=\"Link no Texto\" data-track-links=\"\" data-mrf-recirculation=\"Article links\">Uma opera\u00e7\u00e3o conjunta de v\u00e1rios \u00f3rg\u00e3o foi deflagrada nesta quinta-feira (25) e\u00a0investiga um suposto esquema de corrup\u00e7\u00e3o no sistema prisional da Para\u00edba.<\/p>\n<\/div>\n<\/div>\n<div id=\"chunk-1f87h\">\n<div class=\"mc-column content-text active-extra-styles \" data-block-type=\"unstyled\" data-block-weight=\"35\" data-block-id=\"10\">\n<p class=\" content-text__container \" data-track-category=\"Link no Texto\" data-track-links=\"\" data-mrf-recirculation=\"Article links\">O diretor do pres\u00eddio de Cajazeiras que foi preso foi identificado como Tales Almeida. A defesa do investigado afirmou que n\u00e3o deve se manifestar publicamente porque n\u00e3o teve acesso aos autos do processo.<\/p>\n<\/div>\n<\/div>\n<div id=\"chunk-1u1e7\">\n<div class=\"mc-column content-text active-extra-styles \" data-block-type=\"unstyled\" data-block-weight=\"53\" data-block-id=\"11\">\n<p class=\" content-text__container \" data-track-category=\"Link no Texto\" data-track-links=\"\" data-mrf-recirculation=\"Article links\">Um advogado, identificado como \u00canio Alvios, tamb\u00e9m foi preso na opera\u00e7\u00e3o. Em nota, a OAB-PB afirmou que tomou conhecimento do caso e designou um advogado para acompanhar o suspeito. A defesa do advogado afirmou \u00e0 TV Para\u00edba que n\u00e3o vai se pronunciar sobre o caso porque n\u00e3o teve acesso aos detalhes da investiga\u00e7\u00e3o.<\/p>\n<\/div>\n<\/div>\n<div id=\"chunk-a59b3\">\n<div class=\"mc-column content-text active-extra-styles \" data-block-type=\"unstyled\" data-block-weight=\"30\" data-block-id=\"12\">\n<p class=\" content-text__container \" data-track-category=\"Link no Texto\" data-track-links=\"\" data-mrf-recirculation=\"Article links\">Segundo a Pol\u00edcia Civil, as investiga\u00e7\u00f5es apontam que uma organiza\u00e7\u00e3o criminosa liberou detentos, que s\u00e3o membros de fac\u00e7\u00f5es criminosas, de forma ilegal a partir da manipula\u00e7\u00e3o de procedimentos administrativos.<\/p>\n<\/div>\n<\/div>\n<div id=\"chunk-4udu1\">\n<div class=\"mc-column content-text active-extra-styles \" data-block-type=\"unstyled\" data-block-weight=\"43\" data-block-id=\"13\">\n<p class=\" content-text__container \" data-track-category=\"Link no Texto\" data-track-links=\"\" data-mrf-recirculation=\"Article links\">A opera\u00e7\u00e3o identificou que esse grupo criminoso alegava doen\u00e7as sem justificativa ou com documenta\u00e7\u00e3o falsa para conseguir a libera\u00e7\u00e3o tempor\u00e1ria ou definitiva de presos. Os suspeitos tamb\u00e9m conseguiam redu\u00e7\u00f5es fraudulentas de penas, baseadas em atividades educacionais e de trabalho supostamente realizadas pelos apenados.<\/p>\n<\/div>\n<\/div>\n<div id=\"chunk-fd97o\">\n<div class=\"content-ads content-ads--reveal\" data-block-type=\"ads\" data-block-id=\"14\"><\/div>\n<\/div>\n<div id=\"chunk-drojn\">\n<div class=\"mc-column content-text active-extra-styles \" data-block-type=\"unstyled\" data-block-weight=\"48\" data-block-id=\"15\">\n<p class=\" content-text__container \" data-track-category=\"Link no Texto\" data-track-links=\"\" data-mrf-recirculation=\"Article links\">Conforme a pol\u00edcia, h\u00e1 a suspeita de que essas atividades usadas como justificativa n\u00e3o tenham acontecido ou tenham sido notificadas de forma exagerada em registros prisionais. Dessa forma, os processos de progress\u00e3o de regime eram acelerados indevidamente, resultando na liberdade e tamb\u00e9m em outros benef\u00edcios para os detentos.<\/p>\n<\/div>\n<\/div>\n<div id=\"chunk-5e1kh\">\n<div class=\"mc-column content-text active-extra-styles \" data-block-type=\"unstyled\" data-block-weight=\"18\" data-block-id=\"16\">\n<p class=\" content-text__container \" data-track-category=\"Link no Texto\" data-track-links=\"\" data-mrf-recirculation=\"Article links\">Ao todo, cinco mandados de busca e apreens\u00e3o foram expedidos para Cajazeiras, S\u00e3o Jos\u00e9 de Piranhas e Mariz\u00f3polis.<\/p>\n<\/div>\n<\/div>\n<div id=\"chunk-4i8ug\">\n<div class=\"mc-column content-text active-extra-styles \" data-block-type=\"unstyled\" data-block-weight=\"51\" data-block-id=\"17\">\n<p class=\" content-text__container \" data-track-category=\"Link no Texto\" data-track-links=\"\" data-mrf-recirculation=\"Article links\">Sobre a pris\u00e3o do diretor, em nota, a Seap-PB informou que ap\u00f3s receber informa\u00e7\u00f5es sobre poss\u00edveis irregularidades no pres\u00eddio de Cajazeiras, iniciou uma apura\u00e7\u00e3o preliminar e comunicou o Minist\u00e9rio P\u00fablico e a Pol\u00edcia Civil sobre o caso. Garantiu tamb\u00e9m que o diretor preso foi exonerado e ser\u00e1 substitu\u00eddo por um interino.<\/p>\n<\/div>\n<\/div>\n<\/div>\n<p>https:\/\/www.instagram.com\/reel\/C6Ne2jVMCBP\/?utm_source=ig_web_copy_link<\/p>\n<p style=\"text-align: justify;\" data-track-category=\"Link no Texto\" data-track-links=\"\" data-mrf-recirculation=\"Article links\">\n<p style=\"text-align: justify;\" data-track-category=\"Link no Texto\" data-track-links=\"\" data-mrf-recirculation=\"Article links\">\n<p style=\"text-align: justify;\" data-track-category=\"Link no Texto\" data-track-links=\"\" data-mrf-recirculation=\"Article links\">G1<\/p>\n","protected":false},"excerpt":{"rendered":"<p>Uma rebeli\u00e3o foi registrada no Pres\u00eddio Padr\u00e3o de\u00a0Cajazeiras, no Sert\u00e3o da Para\u00edba, na tarde desta quinta-feira (25). O motim aconteceu ap\u00f3s a pris\u00e3o do diretor da penitenci\u00e1ria estadual durante uma opera\u00e7\u00e3o, por suspeita de participar de um grupo criminoso que facilitava a sa\u00edda dos presos do local, fraudando documentos. De acordo com informa\u00e7\u00f5es da Pol\u00edcia<\/p>\n","protected":false},"author":1,"featured_media":29358,"comment_status":"open","ping_status":"open","sticky":false,"template":"","format":"standard","meta":{"_eb_attr":"","footnotes":""},"categories":[7,13],"tags":[],"class_list":["post-29352","post","type-post","status-publish","format-standard","has-post-thumbnail","hentry","category-destaque","category-noticias"],"_links":{"self":[{"href":"https:\/\/portalmidia.net\/index.php\/wp-json\/wp\/v2\/posts\/29352","targetHints":{"allow":["GET"]}}],"collection":[{"href":"https:\/\/portalmidia.net\/index.php\/wp-json\/wp\/v2\/posts"}],"about":[{"href":"https:\/\/portalmidia.net\/index.php\/wp-json\/wp\/v2\/types\/post"}],"author":[{"embeddable":true,"href":"https:\/\/portalmidia.net\/index.php\/wp-json\/wp\/v2\/users\/1"}],"replies":[{"embeddable":true,"href":"https:\/\/portalmidia.net\/index.php\/wp-json\/wp\/v2\/comments?post=29352"}],"version-history":[{"count":1,"href":"https:\/\/portalmidia.net\/index.php\/wp-json\/wp\/v2\/posts\/29352\/revisions"}],"predecessor-version":[{"id":29359,"href":"https:\/\/portalmidia.net\/index.php\/wp-json\/wp\/v2\/posts\/29352\/revisions\/29359"}],"wp:featuredmedia":[{"embeddable":true,"href":"https:\/\/portalmidia.net\/index.php\/wp-json\/wp\/v2\/media\/29358"}],"wp:attachment":[{"href":"https:\/\/portalmidia.net\/index.php\/wp-json\/wp\/v2\/media?parent=29352"}],"wp:term":[{"taxonomy":"category","embeddable":true,"href":"https:\/\/portalmidia.net\/index.php\/wp-json\/wp\/v2\/categories?post=29352"},{"taxonomy":"post_tag","embeddable":true,"href":"https:\/\/portalmidia.net\/index.php\/wp-json\/wp\/v2\/tags?post=29352"}],"curies":[{"name":"wp","href":"https:\/\/api.w.org\/{rel}","templated":true}]}}