 {"id":29503,"date":"2024-04-27T08:03:19","date_gmt":"2024-04-27T11:03:19","guid":{"rendered":"https:\/\/portalmidia.net\/?p=29503"},"modified":"2024-04-27T08:03:19","modified_gmt":"2024-04-27T11:03:19","slug":"crm-pb-abre-sindicancia-para-apurar-cirurgia-em-perna-errada-de-crianca-de-seis-anos","status":"publish","type":"post","link":"https:\/\/portalmidia.net\/index.php\/2024\/04\/27\/crm-pb-abre-sindicancia-para-apurar-cirurgia-em-perna-errada-de-crianca-de-seis-anos\/","title":{"rendered":"CRM-PB abre sindic\u00e2ncia para apurar cirurgia em perna errada de crian\u00e7a de seis anos"},"content":{"rendered":"<div id=\"chunk-b0snm\">\n<div class=\"mc-column content-text active-extra-styles \" data-block-type=\"unstyled\" data-block-weight=\"89\" data-block-id=\"2\">\n<p class=\" content-text__container \" style=\"text-align: justify;\" data-track-category=\"Link no Texto\" data-track-links=\"\" data-mrf-recirculation=\"Article links\">O Conselho Regional de Medicina da Para\u00edba (CRM-PB) informou na manh\u00e3 desta sexta-feira (26) que est\u00e1 acompanhando de perto\u00a0o caso da menina de seis anos que foi v\u00edtima de erro m\u00e9dico, depois que uma equipe cl\u00ednica do Hospital de Emerg\u00eancia e Trauma de Campina Grande operou a perna errada da paciente. O presidente da entidade, Bruno Leandro de Sousa, determinou a abertura de uma sindic\u00e2ncia para &#8220;apurar o erro na condu\u00e7\u00e3o de cir\u00fargica ortop\u00e9dica&#8221;. O Minist\u00e9rio P\u00fablico da Para\u00edba (MPPB) tamb\u00e9m abriu uma investiga\u00e7\u00e3o sobre o caso.<\/p>\n<\/div>\n<\/div>\n<div class=\"wall protected-content\" style=\"text-align: justify;\">\n<div id=\"chunk-err27\">\n<div class=\"mc-column content-text active-extra-styles \" data-block-type=\"unstyled\" data-block-weight=\"34\" data-block-id=\"4\">\n<p class=\" content-text__container \" data-track-category=\"Link no Texto\" data-track-links=\"\" data-mrf-recirculation=\"Article links\">A crian\u00e7a deu entrada na unidade hospitalar para uma cirurgia que tinha como objetivo tratar de um quadro cl\u00ednico de celulite infecciosa na perna esquerda, mas foi a perna direita que acabou operada erroneamente.<\/p>\n<\/div>\n<\/div>\n<\/div>\n<div id=\"chunk-2cvi5\" style=\"text-align: justify;\">\n<div class=\"mc-column content-text active-extra-styles \" data-block-type=\"unstyled\" data-block-weight=\"20\" data-block-id=\"6\">\n<p class=\" content-text__container \" data-track-category=\"Link no Texto\" data-track-links=\"\" data-mrf-recirculation=\"Article links\">Bruno Leandro ponderou que, depois, a perna correta foi operada, mas admite que o caso provoca traumas e sequelas graves.<\/p>\n<\/div>\n<\/div>\n<div id=\"chunk-52le1\" style=\"text-align: justify;\">\n<div class=\"mc-column content-text active-extra-styles\" data-block-type=\"raw\" data-block-weight=\"36\" data-block-id=\"7\">\n<p class=\"content-text__container\" data-mrf-recirculation=\"Article links\">\n<blockquote class=\"content-blockquote theme-border-color-primary-before\"><p>&#8220;N\u00f3s nos solidarizamos com a crian\u00e7a e com a sua fam\u00edlia. J\u00e1 procurei saber como a paciente estava e ela est\u00e1 em enfermaria, respirando bem, sem dor, sendo bem tratada pela equipe cl\u00ednica\u201d, disse Bruno Leandro.<\/p><\/blockquote>\n<\/div>\n<\/div>\n<div id=\"chunk-1go7o\" style=\"text-align: justify;\">\n<div class=\"mc-column content-text active-extra-styles \" data-block-type=\"unstyled\" data-block-weight=\"34\" data-block-id=\"9\">\n<p class=\" content-text__container \" data-track-category=\"Link no Texto\" data-track-links=\"\" data-mrf-recirculation=\"Article links\">Ele lembrou tamb\u00e9m que o problema aconteceu justamente durante o &#8220;Abril Verde&#8221;, que \u00e9 o m\u00eas da seguran\u00e7a do paciente. A campanha busca conscientizar as equipes de sa\u00fade sobre as boas pr\u00e1ticas m\u00e9dicas.<\/p>\n<\/div>\n<\/div>\n<div id=\"chunk-cln07\" style=\"text-align: justify;\">\n<div class=\"mc-column content-text active-extra-styles \" data-block-type=\"unstyled\" data-block-weight=\"52\" data-block-id=\"10\">\n<p class=\" content-text__container \" data-track-category=\"Link no Texto\" data-track-links=\"\" data-mrf-recirculation=\"Article links\">&#8220;A meta 4, inclusive, \u00e9 sobre cirurgia segura, que visa evitar justamente estes erros de bilateralidade&#8221;, destacou o presidente do CRM-PB, se referindo a cuidados que se deve ter em cirurgias realizadas em membros ou \u00f3rg\u00e3os que existem em duplicidade no corpo humano, justamente para n\u00e3o se operar o lado errado.<\/p>\n<\/div>\n<\/div>\n<div id=\"chunk-5oi1v\" style=\"text-align: justify;\">\n<div class=\"mc-column content-text active-extra-styles \" data-block-type=\"unstyled\" data-block-weight=\"23\" data-block-id=\"12\">\n<p class=\" content-text__container \" data-track-category=\"Link no Texto\" data-track-links=\"\" data-mrf-recirculation=\"Article links\">Ele destacou que o caso serve de alerta para a import\u00e2ncia de um trabalho de preven\u00e7\u00e3o e educa\u00e7\u00e3o constantes das equipes de sa\u00fade.<\/p>\n<\/div>\n<\/div>\n<div id=\"chunk-ao5g8\" style=\"text-align: justify;\">\n<div class=\"mc-column content-text active-extra-styles \" data-block-type=\"unstyled\" data-block-weight=\"52\" data-block-id=\"13\">\n<p class=\" content-text__container \" data-track-category=\"Link no Texto\" data-track-links=\"\" data-mrf-recirculation=\"Article links\">Mais cedo, o pai da menina foi at\u00e9 a Central de Flagrantes da Pol\u00edcia Civil de Campina Grande e registrou um boletim de ocorr\u00eancia formalizando uma den\u00fancia sobre o caso. Na den\u00fancia, ele diz que &#8220;teme que sua filha fique com sequelas, vez que um membro saud\u00e1vel foi cirurgiado de forma errada&#8221;.<\/p>\n<\/div>\n<\/div>\n<div id=\"chunk-cfqg0\" style=\"text-align: justify;\">\n<div class=\"mc-column content-text active-extra-styles\" data-block-type=\"raw\" data-block-weight=\"5\" data-block-id=\"14\">\n<p class=\"content-text__container\" data-mrf-recirculation=\"Article links\">\n<div class=\"content-intertitle\">\n<h2>Investiga\u00e7\u00e3o tamb\u00e9m no Minist\u00e9rio P\u00fablico<\/h2>\n<\/div>\n<p>&nbsp;<\/p>\n<\/div>\n<\/div>\n<div id=\"chunk-7rp1k\" style=\"text-align: justify;\">\n<div class=\"mc-column content-text active-extra-styles \" data-block-type=\"unstyled\" data-block-weight=\"41\" data-block-id=\"15\">\n<p class=\" content-text__container \" data-track-category=\"Link no Texto\" data-track-links=\"\" data-mrf-recirculation=\"Article links\">O Minist\u00e9rio P\u00fablico da Para\u00edba (MPPB) tamb\u00e9m abriu uma investiga\u00e7\u00e3o sobre o erro m\u00e9dico. O caso est\u00e1 sendo acompanhado pela promotora de Justi\u00e7a, Adriana Amorim de Lacerda, que atua na \u00e1rea de defesa dos direitos da sa\u00fade, em Campina Grande.<\/p>\n<\/div>\n<\/div>\n<div id=\"chunk-b1gqt\" style=\"text-align: justify;\">\n<div class=\"mc-column content-text active-extra-styles \" data-block-type=\"unstyled\" data-block-weight=\"55\" data-block-id=\"16\">\n<p class=\" content-text__container \" data-track-category=\"Link no Texto\" data-track-links=\"\" data-mrf-recirculation=\"Article links\">\u201cDiante da gravidade do que foi noticiado, instauramos a Not\u00edcia de Fato para requerer que a administra\u00e7\u00e3o do hospital se manifeste sobre o atendimento e sobre as normas de seguran\u00e7a que devem ser adotadas para todos os pacientes da unidade, justamente para evitar erros dessa natureza. Vamos acompanhar e tomar as provid\u00eancias necess\u00e1rias\u201d, afirmou.<\/p>\n<\/div>\n<\/div>\n<p style=\"text-align: justify;\" data-track-category=\"Link no Texto\" data-track-links=\"\" data-mrf-recirculation=\"Article links\">\n<p data-track-category=\"Link no Texto\" data-track-links=\"\" data-mrf-recirculation=\"Article links\">\n<p data-track-category=\"Link no Texto\" data-track-links=\"\" data-mrf-recirculation=\"Article links\">\n<p data-track-category=\"Link no Texto\" data-track-links=\"\" data-mrf-recirculation=\"Article links\">\n<p data-track-category=\"Link no Texto\" data-track-links=\"\" data-mrf-recirculation=\"Article links\">\n<p data-track-category=\"Link no Texto\" data-track-links=\"\" data-mrf-recirculation=\"Article links\">\n<p data-track-category=\"Link no Texto\" data-track-links=\"\" data-mrf-recirculation=\"Article links\">\n<p data-track-category=\"Link no Texto\" data-track-links=\"\" data-mrf-recirculation=\"Article links\">G1<\/p>\n<p style=\"text-align: justify;\" data-track-category=\"Link no Texto\" data-track-links=\"\" data-mrf-recirculation=\"Article links\">\n","protected":false},"excerpt":{"rendered":"<p>O Conselho Regional de Medicina da Para\u00edba (CRM-PB) informou na manh\u00e3 desta sexta-feira (26) que est\u00e1 acompanhando de perto\u00a0o caso da menina de seis anos que foi v\u00edtima de erro m\u00e9dico, depois que uma equipe cl\u00ednica do Hospital de Emerg\u00eancia e Trauma de Campina Grande operou a perna errada da paciente. O presidente da entidade,<\/p>\n","protected":false},"author":1,"featured_media":29507,"comment_status":"open","ping_status":"open","sticky":false,"template":"","format":"standard","meta":{"_eb_attr":"","footnotes":""},"categories":[7,5],"tags":[],"class_list":["post-29503","post","type-post","status-publish","format-standard","has-post-thumbnail","hentry","category-destaque","category-saude"],"_links":{"self":[{"href":"https:\/\/portalmidia.net\/index.php\/wp-json\/wp\/v2\/posts\/29503","targetHints":{"allow":["GET"]}}],"collection":[{"href":"https:\/\/portalmidia.net\/index.php\/wp-json\/wp\/v2\/posts"}],"about":[{"href":"https:\/\/portalmidia.net\/index.php\/wp-json\/wp\/v2\/types\/post"}],"author":[{"embeddable":true,"href":"https:\/\/portalmidia.net\/index.php\/wp-json\/wp\/v2\/users\/1"}],"replies":[{"embeddable":true,"href":"https:\/\/portalmidia.net\/index.php\/wp-json\/wp\/v2\/comments?post=29503"}],"version-history":[{"count":1,"href":"https:\/\/portalmidia.net\/index.php\/wp-json\/wp\/v2\/posts\/29503\/revisions"}],"predecessor-version":[{"id":29508,"href":"https:\/\/portalmidia.net\/index.php\/wp-json\/wp\/v2\/posts\/29503\/revisions\/29508"}],"wp:featuredmedia":[{"embeddable":true,"href":"https:\/\/portalmidia.net\/index.php\/wp-json\/wp\/v2\/media\/29507"}],"wp:attachment":[{"href":"https:\/\/portalmidia.net\/index.php\/wp-json\/wp\/v2\/media?parent=29503"}],"wp:term":[{"taxonomy":"category","embeddable":true,"href":"https:\/\/portalmidia.net\/index.php\/wp-json\/wp\/v2\/categories?post=29503"},{"taxonomy":"post_tag","embeddable":true,"href":"https:\/\/portalmidia.net\/index.php\/wp-json\/wp\/v2\/tags?post=29503"}],"curies":[{"name":"wp","href":"https:\/\/api.w.org\/{rel}","templated":true}]}}