 {"id":29509,"date":"2024-04-27T08:05:46","date_gmt":"2024-04-27T11:05:46","guid":{"rendered":"https:\/\/portalmidia.net\/?p=29509"},"modified":"2024-04-27T08:05:46","modified_gmt":"2024-04-27T11:05:46","slug":"crianca-vitima-de-erro-medico-em-cirurgia-estava-com-a-perna-correta-identificada-era-visivel-diz-mae","status":"publish","type":"post","link":"https:\/\/portalmidia.net\/index.php\/2024\/04\/27\/crianca-vitima-de-erro-medico-em-cirurgia-estava-com-a-perna-correta-identificada-era-visivel-diz-mae\/","title":{"rendered":"Crian\u00e7a v\u00edtima de erro m\u00e9dico em cirurgia estava com a perna correta identificada: \u2018Era vis\u00edvel\u2019, diz m\u00e3e"},"content":{"rendered":"<div id=\"chunk-143qu\">\n<div class=\"mc-column content-text active-extra-styles \" data-block-type=\"unstyled\" data-block-weight=\"65\" data-block-id=\"2\">\n<p class=\" content-text__container \" style=\"text-align: justify;\" data-track-category=\"Link no Texto\" data-track-links=\"\" data-mrf-recirculation=\"Article links\">A m\u00e3e da menina\u00a0que teve a perna errada operada por uma equipe do Hospital de Trauma de Campina Grande, afirmou \u00e0 TV Para\u00edba que o membro que deveria ter sido submetido ao procedimento cir\u00fargico tinha uma tala, ou seja, estava identificada. O caso est\u00e1 sendo investigado pela Pol\u00edcia Civil, Minist\u00e9rio P\u00fablico e Conselho Regional de Medicina da Para\u00edba (CRM-PB). Equipe envolvida foi afastada.<\/p>\n<\/div>\n<\/div>\n<div class=\"wall protected-content\" style=\"text-align: justify;\">\n<div id=\"chunk-rchk\">\n<div class=\"mc-column content-text active-extra-styles \" data-block-type=\"unstyled\" data-block-weight=\"51\" data-block-id=\"4\">\n<p class=\" content-text__container \" data-track-category=\"Link no Texto\" data-track-links=\"\" data-mrf-recirculation=\"Article links\">A menina deu entrada inicialmente no Hospital Universit\u00e1rio de\u00a0<a class=\"\" href=\"https:\/\/g1.globo.com\/pb\/paraiba\/cidade\/campina-grande\/\" data-mrf-link=\"https:\/\/g1.globo.com\/pb\/paraiba\/cidade\/campina-grande\/\">Campina Grande<\/a>, depois, foi transferida para a unidade que trata de emerg\u00eancias. Ela apresentava um quadro cl\u00ednico de celulite infecciosa na perna esquerda e precisava passar por uma cirurgia invasiva para colocar pinos no local. Mas a perna direita foi operada.<\/p>\n<div id=\"chunk-45v4\">\n<div class=\"mc-column content-text active-extra-styles \" data-block-type=\"unstyled\" data-block-weight=\"53\" data-block-id=\"8\">\n<p class=\" content-text__container \" data-track-category=\"Link no Texto\" data-track-links=\"\" data-mrf-recirculation=\"Article links\">A m\u00e3e da crian\u00e7a, Fernanda de Oliveira, foi a primeira a perceber o erro m\u00e9dico quando a filha retornou do centro cir\u00fargico para a enfermaria. Ela conta que quando notaram que a perna errada foi operada, a equipe retornou com a crian\u00e7a para o bloco cir\u00fargico e fizeram a opera\u00e7\u00e3o na perna correta.<\/p>\n<\/div>\n<\/div>\n<div id=\"chunk-dr0m7\">\n<div class=\"mc-column content-text active-extra-styles \" data-block-type=\"unstyled\" data-block-weight=\"33\" data-block-id=\"9\">\n<p class=\" content-text__container \" data-track-category=\"Link no Texto\" data-track-links=\"\" data-mrf-recirculation=\"Article links\">Ainda de acordo com a m\u00e3e da v\u00edtima, a crian\u00e7a estava com uma tala de acesso para o edema na perna esquerda, mas mesmo assim a equipe fez a cirurgia na perna errada.<\/p>\n<\/div>\n<\/div>\n<div id=\"chunk-fnojm\">\n<div class=\"mc-column content-text active-extra-styles \" data-block-type=\"unstyled\" data-block-weight=\"31\" data-block-id=\"10\">\n<p class=\" content-text__container \" data-track-category=\"Link no Texto\" data-track-links=\"\" data-mrf-recirculation=\"Article links\">\u201cEra n\u00edtido, vis\u00edvel, porque ela estava com uma tala aberta com uma janela de acesso para o edema e eu n\u00e3o sei como uma equipe m\u00e9dica n\u00e3o deu conta disso\u201d, afirmou.<\/p>\n<\/div>\n<\/div>\n<div id=\"chunk-bi74k\">\n<div class=\"mc-column content-text active-extra-styles \" data-block-type=\"unstyled\" data-block-weight=\"25\" data-block-id=\"11\">\n<p class=\" content-text__container \" data-track-category=\"Link no Texto\" data-track-links=\"\" data-mrf-recirculation=\"Article links\">Fernanda de Oliveira tamb\u00e9m contou que a filha est\u00e1 bem, mas come\u00e7ou a questionar sobre o porque fizeram o procedimento na perna n\u00e3o havia problemas.<\/p>\n<\/div>\n<\/div>\n<div id=\"chunk-bckbn\">\n<div class=\"mc-column content-text active-extra-styles \" data-block-type=\"unstyled\" data-block-weight=\"65\" data-block-id=\"12\">\n<p class=\" content-text__container \" data-track-category=\"Link no Texto\" data-track-links=\"\" data-mrf-recirculation=\"Article links\">\u201cAbriram a perna esquerda da minha filha, colocaram um fixador externo, depois retiraram e fizeram a limpeza na outra perna. Ela dormiu a noite toda, acordou hoje cedo sem dor, mas perguntou porque a perna boa dela estava enfaixada. Eu respondi que foi preciso limpar e colocar na outra perna. Ainda vou procurar uma psic\u00f3loga para conversar com ela\u201d, disse a m\u00e3e da v\u00edtima.<\/p>\n<\/div>\n<\/div>\n<\/div>\n<\/div>\n<\/div>\n<div class=\"tag-manager-publicidade-container mc-has-reveal mc-has-ad-lazyload tag-manager-publicidade-banner_materia__53589d40-d0ef-4b4b-a137-cadf9917c4ac tag-manager-publicidade-container--carregado tag-manager-publicidade-container--visivel\" style=\"text-align: justify;\" data-id=\"banner_materia__53589d40-d0ef-4b4b-a137-cadf9917c4ac\" data-google-query-id=\"CNeth-Cf4oUDFVMwNQodWN0OSw\">\n<div id=\"chunk-6ucmk\">\n<div class=\"mc-column content-text active-extra-styles \" data-block-type=\"unstyled\" data-block-weight=\"57\" data-block-id=\"16\">\n<p class=\" content-text__container \" data-track-category=\"Link no Texto\" data-track-links=\"\" data-mrf-recirculation=\"Article links\">Os familiares da menina afirmaram que ela come\u00e7ou a sentir dores ap\u00f3s cair de bicicleta a cerca de dois meses, quando come\u00e7ou a buscar tratamento para um quadro cl\u00ednico de celulite infecciosa na perna esquerda desde ent\u00e3o. A menina tamb\u00e9m j\u00e1 havia passado por uma cirurgia no Hospital Universit\u00e1rio da UFCG, mas voltou a ter complica\u00e7\u00f5es.<\/p>\n<\/div>\n<\/div>\n<div id=\"chunk-pdtq\">\n<div class=\"mc-column content-text active-extra-styles \" data-block-type=\"unstyled\" data-block-weight=\"63\" data-block-id=\"17\">\n<p class=\" content-text__container \" data-track-category=\"Link no Texto\" data-track-links=\"\" data-mrf-recirculation=\"Article links\">Inicialmente, a m\u00e3e da crian\u00e7a levou a menina para o Hospital da Crian\u00e7a, tamb\u00e9m em Campina Grande, onde fez exames e foi internada. Em seguida, ela foi transferida para o Hospital de Trauma, onde passou alguns dias na Unidade de Terapia Intensiva (UTI). A equipe identificou uma bact\u00e9ria na perna da garota e ela foi transferida para o Hospital Universit\u00e1rio da UFCG.<\/p>\n<\/div>\n<\/div>\n<\/div>\n<div style=\"text-align: justify;\" data-id=\"banner_materia__53589d40-d0ef-4b4b-a137-cadf9917c4ac\" data-google-query-id=\"CNeth-Cf4oUDFVMwNQodWN0OSw\">\n<div id=\"chunk-8656i\">\n<div class=\"mc-column content-text active-extra-styles \" data-block-type=\"unstyled\" data-block-weight=\"40\" data-block-id=\"19\">\n<p class=\" content-text__container \" data-track-category=\"Link no Texto\" data-track-links=\"\" data-mrf-recirculation=\"Article links\">No Hospital Universit\u00e1rio, a menina passou pela primeira cirurgia para retirar a bact\u00e9ria. Cinco dias ap\u00f3s alta m\u00e9dica, a fam\u00edlia notou que a perna da menina voltou a inchar e ela foi diagnosticada com um quadro de trombose na perna.<\/p>\n<\/div>\n<\/div>\n<div id=\"chunk-b17ou\">\n<div class=\"mc-column content-text active-extra-styles \" data-block-type=\"unstyled\" data-block-weight=\"34\" data-block-id=\"20\">\n<p class=\" content-text__container \" data-track-category=\"Link no Texto\" data-track-links=\"\" data-mrf-recirculation=\"Article links\">A crian\u00e7a retornou para o HU, mas foi levada ao Hospital de Trauma e, ap\u00f3s o raio-x, foi internada para passar por uma nova cirurgia porque a bact\u00e9ria continuava na perna da menina.<\/p>\n<\/div>\n<\/div>\n<div id=\"chunk-erb2t\">\n<div class=\"mc-column content-text active-extra-styles \" data-block-type=\"unstyled\" data-block-weight=\"52\" data-block-id=\"21\">\n<p class=\" content-text__container \" data-track-category=\"Link no Texto\" data-track-links=\"\" data-mrf-recirculation=\"Article links\">O pai da menina, Telesmar Silva, foi at\u00e9 a Central de Flagrantes da Pol\u00edcia Civil de Campina Grande e registrou um boletim de ocorr\u00eancia formalizando uma den\u00fancia sobre o caso. Na den\u00fancia, ele diz que &#8220;teme que sua filha fique com sequelas, vez que um membro saud\u00e1vel foi cirurgiado de forma errada&#8221;.<\/p>\n<\/div>\n<\/div>\n<div id=\"chunk-31ujo\">\n<div class=\"mc-column content-text active-extra-styles \" data-block-type=\"unstyled\" data-block-weight=\"60\" data-block-id=\"22\">\n<p class=\" content-text__container \" data-track-category=\"Link no Texto\" data-track-links=\"\" data-mrf-recirculation=\"Article links\">De acordo com o boletim de ocorr\u00eancia registrado pelo pai da crian\u00e7a, a menina entrou em cirurgia por volta das 19 horas desta quinta-feira (26). A equipe deveria operar a perna esquerda, mas operaram a perna direita. Ap\u00f3s perceberem o erro, a menina passou por uma nova cirurgia na perna esquerda. Agora, ela est\u00e1 com as duas pernas operadas.<\/p>\n<\/div>\n<\/div>\n<\/div>\n<div style=\"text-align: justify;\" data-id=\"banner_materia__53589d40-d0ef-4b4b-a137-cadf9917c4ac\" data-google-query-id=\"CNeth-Cf4oUDFVMwNQodWN0OSw\">A delegada da Delegacia de Repress\u00e3o da Inf\u00e2ncia e Juventude, Renata Dias, afirmou que vai instaurar procedimento para apurar o que aconteceu. Ela tamb\u00e9m afirmou que ser\u00e3o ouvidos familiares da v\u00edtima, testemunhas e todos os profissionais envolvidos no procedimento cir\u00fargico.\u00a0O caso tamb\u00e9m est\u00e1 sendo apurado pelo Minist\u00e9rio P\u00fablico da Para\u00edba e Conselho Regional de Medicina da Para\u00edba (CRM-PB).<\/div>\n<div style=\"text-align: justify;\" data-id=\"banner_materia__53589d40-d0ef-4b4b-a137-cadf9917c4ac\" data-google-query-id=\"CNeth-Cf4oUDFVMwNQodWN0OSw\"><\/div>\n<div style=\"text-align: justify;\" data-id=\"banner_materia__53589d40-d0ef-4b4b-a137-cadf9917c4ac\" data-google-query-id=\"CNeth-Cf4oUDFVMwNQodWN0OSw\"><\/div>\n<div style=\"text-align: justify;\" data-id=\"banner_materia__53589d40-d0ef-4b4b-a137-cadf9917c4ac\" data-google-query-id=\"CNeth-Cf4oUDFVMwNQodWN0OSw\"><\/div>\n<div style=\"text-align: justify;\" data-id=\"banner_materia__53589d40-d0ef-4b4b-a137-cadf9917c4ac\" data-google-query-id=\"CNeth-Cf4oUDFVMwNQodWN0OSw\"><\/div>\n<div style=\"text-align: justify;\" data-id=\"banner_materia__53589d40-d0ef-4b4b-a137-cadf9917c4ac\" data-google-query-id=\"CNeth-Cf4oUDFVMwNQodWN0OSw\"><\/div>\n<div style=\"text-align: justify;\" data-id=\"banner_materia__53589d40-d0ef-4b4b-a137-cadf9917c4ac\" data-google-query-id=\"CNeth-Cf4oUDFVMwNQodWN0OSw\">G1<\/div>\n<div style=\"text-align: justify;\" data-id=\"banner_materia__53589d40-d0ef-4b4b-a137-cadf9917c4ac\" data-google-query-id=\"CNeth-Cf4oUDFVMwNQodWN0OSw\"><\/div>\n","protected":false},"excerpt":{"rendered":"<p>A m\u00e3e da menina\u00a0que teve a perna errada operada por uma equipe do Hospital de Trauma de Campina Grande, afirmou \u00e0 TV Para\u00edba que o membro que deveria ter sido submetido ao procedimento cir\u00fargico tinha uma tala, ou seja, estava identificada. O caso est\u00e1 sendo investigado pela Pol\u00edcia Civil, Minist\u00e9rio P\u00fablico e Conselho Regional de<\/p>\n","protected":false},"author":1,"featured_media":29513,"comment_status":"open","ping_status":"open","sticky":false,"template":"","format":"standard","meta":{"_eb_attr":"","footnotes":""},"categories":[7,5],"tags":[],"class_list":["post-29509","post","type-post","status-publish","format-standard","has-post-thumbnail","hentry","category-destaque","category-saude"],"_links":{"self":[{"href":"https:\/\/portalmidia.net\/index.php\/wp-json\/wp\/v2\/posts\/29509","targetHints":{"allow":["GET"]}}],"collection":[{"href":"https:\/\/portalmidia.net\/index.php\/wp-json\/wp\/v2\/posts"}],"about":[{"href":"https:\/\/portalmidia.net\/index.php\/wp-json\/wp\/v2\/types\/post"}],"author":[{"embeddable":true,"href":"https:\/\/portalmidia.net\/index.php\/wp-json\/wp\/v2\/users\/1"}],"replies":[{"embeddable":true,"href":"https:\/\/portalmidia.net\/index.php\/wp-json\/wp\/v2\/comments?post=29509"}],"version-history":[{"count":1,"href":"https:\/\/portalmidia.net\/index.php\/wp-json\/wp\/v2\/posts\/29509\/revisions"}],"predecessor-version":[{"id":29514,"href":"https:\/\/portalmidia.net\/index.php\/wp-json\/wp\/v2\/posts\/29509\/revisions\/29514"}],"wp:featuredmedia":[{"embeddable":true,"href":"https:\/\/portalmidia.net\/index.php\/wp-json\/wp\/v2\/media\/29513"}],"wp:attachment":[{"href":"https:\/\/portalmidia.net\/index.php\/wp-json\/wp\/v2\/media?parent=29509"}],"wp:term":[{"taxonomy":"category","embeddable":true,"href":"https:\/\/portalmidia.net\/index.php\/wp-json\/wp\/v2\/categories?post=29509"},{"taxonomy":"post_tag","embeddable":true,"href":"https:\/\/portalmidia.net\/index.php\/wp-json\/wp\/v2\/tags?post=29509"}],"curies":[{"name":"wp","href":"https:\/\/api.w.org\/{rel}","templated":true}]}}