 {"id":2992,"date":"2023-07-21T18:56:26","date_gmt":"2023-07-21T21:56:26","guid":{"rendered":"https:\/\/portalmidia.net\/?p=2992"},"modified":"2023-07-21T18:56:26","modified_gmt":"2023-07-21T21:56:26","slug":"policia-encerra-festa-regada-a-cocaina-e-maconha-e-prende-duas-pessoas-em-balneario-em-patos","status":"publish","type":"post","link":"https:\/\/portalmidia.net\/index.php\/2023\/07\/21\/policia-encerra-festa-regada-a-cocaina-e-maconha-e-prende-duas-pessoas-em-balneario-em-patos\/","title":{"rendered":"Pol\u00edcia encerra festa &#8216;regada&#8217; a coca\u00edna e maconha e prende duas pessoas em balne\u00e1rio em Patos"},"content":{"rendered":"<p style=\"text-align: justify;\">A Pol\u00edcia Civil encerrou, nesta sexta-feira (21), uma festa realizada em um balne\u00e1rio localizado no bairro Jatob\u00e1, no munic\u00edpio de Patos, no Sert\u00e3o da Para\u00edba. Conforme apurou o ClickPB, ap\u00f3s receber a den\u00fancia de que estavam consumindo coca\u00edna e maconha no local, os policiais prenderam duas pessoas suspeitas de envolvimento com tr\u00e1fico de drogas.<\/p>\n<figure style=\"text-align: justify;\"><img decoding=\"async\" src=\"https:\/\/www.clickpb.com.br\/media\/filer_public\/49\/13\/491303c1-26d2-4313-bd40-40618283731a\/whatsapp_image_2023-07-21_at_33300_pm_1.jpeg\" data-image=\"389523\" \/><\/figure>\n<p style=\"text-align: justify;\">&#8220;A Pol\u00edcia Civil de Patos, ap\u00f3s uma den\u00fancia do 197, chegou a um ponto de lazer localizado no bairro Jatob\u00e1, onde, segundo a den\u00fancia, pessoas estavam consumindo drogas. A pol\u00edcia foi verificar essa situa\u00e7\u00e3o e acabou flagrando pessoas l\u00e1 consumindo coca\u00edna e maconha. Duas pessoas foram presas&#8221;, afirmou o delegado Cristiano Jacques.<\/p>\n<p style=\"text-align: justify;\">Ainda de acordo com o delegado, as duas pessoas presas foram encaminhadas para a Delegacia de Homic\u00eddios e Entorpecentes de Patos, onde ficar\u00e3o \u00e0 disposi\u00e7\u00e3o da justi\u00e7a.<\/p>\n<figure style=\"text-align: justify;\"><img decoding=\"async\" src=\"https:\/\/www.clickpb.com.br\/media\/filer_public\/fa\/16\/fa161d24-1703-4384-bcdd-baa6862476b7\/whatsapp_image_2023-07-21_at_33300_pm.jpeg\" data-image=\"389524\" \/><\/figure>\n<p style=\"text-align: justify;\">\n<p style=\"text-align: justify;\">clickpb<\/p>\n","protected":false},"excerpt":{"rendered":"<p>A Pol\u00edcia Civil encerrou, nesta sexta-feira (21), uma festa realizada em um balne\u00e1rio localizado no bairro Jatob\u00e1, no munic\u00edpio de Patos, no Sert\u00e3o da Para\u00edba. Conforme apurou o ClickPB, ap\u00f3s receber a den\u00fancia de que estavam consumindo coca\u00edna e maconha no local, os policiais prenderam duas pessoas suspeitas de envolvimento com tr\u00e1fico de drogas. &#8220;A<\/p>\n","protected":false},"author":1,"featured_media":2994,"comment_status":"open","ping_status":"open","sticky":false,"template":"","format":"standard","meta":{"_eb_attr":"","footnotes":""},"categories":[7,2],"tags":[],"class_list":["post-2992","post","type-post","status-publish","format-standard","has-post-thumbnail","hentry","category-destaque","category-policial"],"_links":{"self":[{"href":"https:\/\/portalmidia.net\/index.php\/wp-json\/wp\/v2\/posts\/2992","targetHints":{"allow":["GET"]}}],"collection":[{"href":"https:\/\/portalmidia.net\/index.php\/wp-json\/wp\/v2\/posts"}],"about":[{"href":"https:\/\/portalmidia.net\/index.php\/wp-json\/wp\/v2\/types\/post"}],"author":[{"embeddable":true,"href":"https:\/\/portalmidia.net\/index.php\/wp-json\/wp\/v2\/users\/1"}],"replies":[{"embeddable":true,"href":"https:\/\/portalmidia.net\/index.php\/wp-json\/wp\/v2\/comments?post=2992"}],"version-history":[{"count":0,"href":"https:\/\/portalmidia.net\/index.php\/wp-json\/wp\/v2\/posts\/2992\/revisions"}],"wp:featuredmedia":[{"embeddable":true,"href":"https:\/\/portalmidia.net\/index.php\/wp-json\/wp\/v2\/media\/2994"}],"wp:attachment":[{"href":"https:\/\/portalmidia.net\/index.php\/wp-json\/wp\/v2\/media?parent=2992"}],"wp:term":[{"taxonomy":"category","embeddable":true,"href":"https:\/\/portalmidia.net\/index.php\/wp-json\/wp\/v2\/categories?post=2992"},{"taxonomy":"post_tag","embeddable":true,"href":"https:\/\/portalmidia.net\/index.php\/wp-json\/wp\/v2\/tags?post=2992"}],"curies":[{"name":"wp","href":"https:\/\/api.w.org\/{rel}","templated":true}]}}