 {"id":2996,"date":"2023-07-21T19:05:36","date_gmt":"2023-07-21T22:05:36","guid":{"rendered":"https:\/\/portalmidia.net\/?p=2996"},"modified":"2023-07-21T19:05:36","modified_gmt":"2023-07-21T22:05:36","slug":"quem-e-diego-ventura-suposto-lider-de-ataques-golpistas-no-df-preso-pela-pf","status":"publish","type":"post","link":"https:\/\/portalmidia.net\/index.php\/2023\/07\/21\/quem-e-diego-ventura-suposto-lider-de-ataques-golpistas-no-df-preso-pela-pf\/","title":{"rendered":"Quem \u00e9 Diego Ventura, suposto l\u00edder de ataques golpistas no DF preso pela PF"},"content":{"rendered":"<p style=\"text-align: justify;\">A Pol\u00edcia Federal (PF) prendeu, nesta quinta-feira, 20, em Campos dos Goytacazes, no Rio de Janeiro, o comerciante Diego Ventura, apontado como um dos chefes da invas\u00e3o ao Supremo Tribunal Federal (STF), nos atos antidemocr\u00e1ticos de 8 de janeiro, em Bras\u00edlia.<\/p>\n<p style=\"text-align: justify;\">Ventura foi preso em mais uma etapa da Opera\u00e7\u00e3o Lesa P\u00e1tria, que apura os ataques aos pr\u00e9dios dos Tr\u00eas Poderes. Ele estava a caminho da 3\u00aa Assembleia Nacional da Direita Brasileira.<\/p>\n<p style=\"text-align: justify;\">Considerado um dos l\u00edderes dos atos antidemocr\u00e1ticos em Bras\u00edlia, o comerciante j\u00e1 havia sido detido pela Pol\u00edcia Militar do Distrito Federal (PMDF) na v\u00e9spera do Natal do ano passado. Ele e mais nove pessoas foram presos a caminho do Supremo, com estilingues, bolinhas de gude, facas, al\u00e9m de r\u00e1dios transmissores. Todos foram detidos e conduzidos para a 5\u00aa Delegacia de Pol\u00edcia, na Asa Norte, e, posteriormente, liberados.<\/p>\n<p style=\"text-align: justify;\">\u00c0 \u00e9poca, Ventura e os outros detidos relataram aos militares que participariam de uma manifesta\u00e7\u00e3o em frente ao Quartel-General do Ex\u00e9rcito contra a pris\u00e3o do cacique Jos\u00e9 Ac\u00e1cio Serere Xavante, detido por atos antidemocr\u00e1ticos.<\/p>\n<p style=\"text-align: justify;\">O ind\u00edgena foi preso sob suspeita dos crimes de amea\u00e7a, persegui\u00e7\u00e3o e aboli\u00e7\u00e3o violenta do Estado Democr\u00e1tico de Direito. O mandado de pris\u00e3o sustentava, na ocasi\u00e3o, que Serere Xavante usa sua posi\u00e7\u00e3o como l\u00edder ind\u00edgena para arregimentar pessoas a \u201ccometer crimes mediante a amea\u00e7a de agress\u00e3o e persegui\u00e7\u00e3o do presidente eleito [Lula] e dos ministros do STF Alexandre de Moraes e Lu\u00eds Roberto Barroso\u201d.<\/p>\n<p style=\"text-align: justify;\">Ventura aparece em imagens, no dia 8 de janeiro, chutando grades de conten\u00e7\u00e3o do STF e, posteriormente, j\u00e1 dentro do pr\u00e9dio do Supremo, comemorando o que chamou de \u201cmiss\u00e3o cumprida\u201d. O comerciante aparece ao lado de Ana Priscilla Azevedo, uma das organizadoras do acampamento montado em frente ao Quartel-General do Ex\u00e9rcito, em Bras\u00edlia, e de um grupo de extremistas no Telegram.<\/p>\n<div id=\"mid2\" style=\"text-align: justify;\"><\/div>\n<p style=\"text-align: justify;\">O\u00a0<b>Estad\u00e3o<\/b>\u00a0identificou a participa\u00e7\u00e3o de 88 pessoas nas invas\u00f5es e depreda\u00e7\u00f5es dos espa\u00e7os p\u00fablicos. A convoca\u00e7\u00e3o para os atos j\u00e1 tinha um prop\u00f3sito golpista estabelecido. \u201cN\u00f3s vamos colapsar o sistema, n\u00f3s vamos sitiar Bras\u00edlia, n\u00f3s vamos tomar o poder de assalto, o poder que nos pertence\u201d, disse Ana Priscilla, numa live realizada em 5 de janeiro, no acampamento na capital federal.<\/p>\n<p style=\"text-align: justify;\">Pouco antes de ser preso na v\u00e9spera do Natal, Ventura transmitiu a caminhada do grupo nas imedia\u00e7\u00f5es do STF.<\/p>\n<p style=\"text-align: justify;\">\u201cHoje, dia 25 de dezembro, estamos aqui direto da Pra\u00e7a dos Tr\u00eas Poderes. Alguns patriotas ao longo do caminho. Estamos ao lado do pr\u00e9dio do STF, onde os \u00edndios invadiram o STF nas \u00faltimas horas. A \u00e1rea est\u00e1 toda cercada. Vamos tentar chegar o mais pr\u00f3ximo poss\u00edvel. O policiamento \u00e9 intenso. Momento tenso\u201d, diz Ventura na grava\u00e7\u00e3o.<\/p>\n<p style=\"text-align: justify;\">Ventura se apresentava como um dos l\u00edderes do grupo Abrapa 01, que ficou acampado em frente ao QG do Ex\u00e9rcito. Em v\u00eddeos e postagens nas redes sociais, o comerciante fez convoca\u00e7\u00f5es para que mais apoiadores aderissem ao acampamento e recolheu doa\u00e7\u00f5es para a manuten\u00e7\u00e3o da estrutura montada em Bras\u00edlia.<\/p>\n<p style=\"text-align: justify;\">\u201cVoc\u00ea que est\u00e1 levantando essa bandeira do nosso povo de bem, de direita, patriota, que ama e zela por Deus, P\u00e1tria, fam\u00edlia, liberdade e democracia, tem todo o direito de decidir ficar em casa, n\u00e3o fazer nada e desacreditar. Somente os covardes desistem de uma guerra, de uma luta, de uma batalha e de enfrentar aquilo que, de alguma forma, te oprime, te para, te imobiliza, te engessa e te tira os seus direitos. O povo mostrou que n\u00e3o \u00e9 s\u00f3 capaz de levantar bandeirinha\u201d, afirmou. \u201cLutar por aquilo que a gente acredita, que entendemos que \u00e9 nosso direito, \u00e9 a coisa mais honrada que n\u00f3s patriotas podemos fazer.\u201d<\/p>\n<p style=\"text-align: justify;\">Nas redes sociais, o comerciante fez campanha para o ex-ministro Eduardo Pazuello (Sa\u00fade) para deputado federal e para Ailton Barros, preso pela Pol\u00edcia Federal acusado de intermediar a inser\u00e7\u00e3o de dados no cart\u00e3o de vacina\u00e7\u00e3o da Covid do ex-presidente Jair Bolsonaro (PL). Capit\u00e3o reformado, Ailton j\u00e1 foi investigado por suposto acordo com o tr\u00e1fico e foi expulso do Ex\u00e9rcito ap\u00f3s puni\u00e7\u00f5es disciplinares. \u201cEsse \u00e9 o candidato do presidente, 38 anos de amizade, ser\u00e1 o olho dele no Rio\u201d, escreveu Ventura em um post durante a campanha eleitoral do ano passado.<\/p>\n<p style=\"text-align: justify;\">A\u00a0<strong>CNN<\/strong>\u00a0buscou contato com a defesa de Ventura, mas n\u00e3o teve retorno at\u00e9 o momento.<\/p>\n<p style=\"text-align: justify;\"><b>Benefici\u00e1rios do aux\u00edlio emergencial, Aux\u00edlio Brasil e Bolsa Fam\u00edlia<\/b><\/p>\n<p style=\"text-align: justify;\">O comerciante foi um dos benefici\u00e1rios do aux\u00edlio emergencial durante a pandemia de covid-19. Em 2020, ele recebeu nove parcelas do aux\u00edlio, o que corresponde a R$ 3.632 de dinheiro p\u00fablico. Ele recebeu cinco repasses de R$ 600 e outros quatro de R$ 158.<\/p>\n<p style=\"text-align: justify;\">A mulher de Ventura tamb\u00e9m foi beneficiada com o aux\u00edlio emergencial, Aux\u00edlio Brasil e Bolsa Fam\u00edlia. Ao todo, a fam\u00edlia do comerciante recebeu R$ 35,1 mil em repasses do governo federal.<\/p>\n<div class=\"tags__topics\" style=\"text-align: justify;\">\n<div class=\"tags__topics__content\"><\/div>\n<\/div>\n<p style=\"text-align: justify;\">\n<p style=\"text-align: justify;\">\n<p style=\"text-align: justify;\">\n<p style=\"text-align: justify;\">cnnbrasil<\/p>\n","protected":false},"excerpt":{"rendered":"<p>A Pol\u00edcia Federal (PF) prendeu, nesta quinta-feira, 20, em Campos dos Goytacazes, no Rio de Janeiro, o comerciante Diego Ventura, apontado como um dos chefes da invas\u00e3o ao Supremo Tribunal Federal (STF), nos atos antidemocr\u00e1ticos de 8 de janeiro, em Bras\u00edlia. Ventura foi preso em mais uma etapa da Opera\u00e7\u00e3o Lesa P\u00e1tria, que apura os<\/p>\n","protected":false},"author":1,"featured_media":2998,"comment_status":"open","ping_status":"open","sticky":false,"template":"","format":"standard","meta":{"_eb_attr":"","footnotes":""},"categories":[7,2],"tags":[],"class_list":["post-2996","post","type-post","status-publish","format-standard","has-post-thumbnail","hentry","category-destaque","category-policial"],"_links":{"self":[{"href":"https:\/\/portalmidia.net\/index.php\/wp-json\/wp\/v2\/posts\/2996","targetHints":{"allow":["GET"]}}],"collection":[{"href":"https:\/\/portalmidia.net\/index.php\/wp-json\/wp\/v2\/posts"}],"about":[{"href":"https:\/\/portalmidia.net\/index.php\/wp-json\/wp\/v2\/types\/post"}],"author":[{"embeddable":true,"href":"https:\/\/portalmidia.net\/index.php\/wp-json\/wp\/v2\/users\/1"}],"replies":[{"embeddable":true,"href":"https:\/\/portalmidia.net\/index.php\/wp-json\/wp\/v2\/comments?post=2996"}],"version-history":[{"count":0,"href":"https:\/\/portalmidia.net\/index.php\/wp-json\/wp\/v2\/posts\/2996\/revisions"}],"wp:featuredmedia":[{"embeddable":true,"href":"https:\/\/portalmidia.net\/index.php\/wp-json\/wp\/v2\/media\/2998"}],"wp:attachment":[{"href":"https:\/\/portalmidia.net\/index.php\/wp-json\/wp\/v2\/media?parent=2996"}],"wp:term":[{"taxonomy":"category","embeddable":true,"href":"https:\/\/portalmidia.net\/index.php\/wp-json\/wp\/v2\/categories?post=2996"},{"taxonomy":"post_tag","embeddable":true,"href":"https:\/\/portalmidia.net\/index.php\/wp-json\/wp\/v2\/tags?post=2996"}],"curies":[{"name":"wp","href":"https:\/\/api.w.org\/{rel}","templated":true}]}}