 {"id":3000,"date":"2023-07-21T19:07:15","date_gmt":"2023-07-21T22:07:15","guid":{"rendered":"https:\/\/portalmidia.net\/?p=3000"},"modified":"2023-07-21T19:07:15","modified_gmt":"2023-07-21T22:07:15","slug":"prefeitura-de-mari-gasta-mais-de-r-13-milhao-com-aluguel-de-veiculos-para-coleta-de-lixo","status":"publish","type":"post","link":"https:\/\/portalmidia.net\/index.php\/2023\/07\/21\/prefeitura-de-mari-gasta-mais-de-r-13-milhao-com-aluguel-de-veiculos-para-coleta-de-lixo\/","title":{"rendered":"Prefeitura de Mari gasta mais de R$ 1,3 milh\u00e3o com aluguel de ve\u00edculos para coleta de lixo"},"content":{"rendered":"<p style=\"text-align: justify;\">A Prefeitura de Mari, munic\u00edpio da Zona da Mata paraibana, vai gastar R$ 1.315.560,00 na loca\u00e7\u00e3o de ve\u00edculos para coleta de transporte de lixo. O processo de licita\u00e7\u00e3o para a loca\u00e7\u00e3o aconteceu em maio.<\/p>\n<p style=\"text-align: justify;\">A licita\u00e7\u00e3o foi para loca\u00e7\u00e3o de ve\u00edculos compactadores e m\u00e1quinas pesadas, para coleta e transporte de lixo at\u00e9 o aterro sanit\u00e1rio de Guarabira, munic\u00edpio do Brejo do estado.<\/p>\n<p style=\"text-align: justify;\">\u201cOs ve\u00edculos e m\u00e1quinas ser\u00e3o destinados a suprir as necessidades das atividades realizadas pela secretaria municipal de Servi\u00e7os Urbanos. Tendo a necessidade do transporte de res\u00edduos s\u00f3lidos, domiciliar e entulhos das ruas do munic\u00edpio e transportar at\u00e9 o aterro sanit\u00e1rio localizado no munic\u00edpio de Guarabira\u201d, justificou a Prefeitura de Mari na licita\u00e7\u00e3o.<\/p>\n<p style=\"text-align: justify;\">\n<figure style=\"text-align: justify;\"><img decoding=\"async\" src=\"https:\/\/www.clickpb.com.br\/media\/filer_public\/55\/62\/5562c004-a93f-46f0-8256-1f93e84a122e\/prefeitura_de_mari_lixo____.jpg\" data-image=\"389456\" \/><\/figure>\n<p>&nbsp;<\/p>\n<p>&nbsp;<\/p>\n<p>&nbsp;<\/p>\n<p>&nbsp;<\/p>\n<p>ClickPB<\/p>\n","protected":false},"excerpt":{"rendered":"<p>A Prefeitura de Mari, munic\u00edpio da Zona da Mata paraibana, vai gastar R$ 1.315.560,00 na loca\u00e7\u00e3o de ve\u00edculos para coleta de transporte de lixo. O processo de licita\u00e7\u00e3o para a loca\u00e7\u00e3o aconteceu em maio. A licita\u00e7\u00e3o foi para loca\u00e7\u00e3o de ve\u00edculos compactadores e m\u00e1quinas pesadas, para coleta e transporte de lixo at\u00e9 o aterro sanit\u00e1rio<\/p>\n","protected":false},"author":1,"featured_media":3002,"comment_status":"open","ping_status":"open","sticky":false,"template":"","format":"standard","meta":{"_eb_attr":"","footnotes":""},"categories":[7,3],"tags":[],"class_list":["post-3000","post","type-post","status-publish","format-standard","has-post-thumbnail","hentry","category-destaque","category-politica"],"_links":{"self":[{"href":"https:\/\/portalmidia.net\/index.php\/wp-json\/wp\/v2\/posts\/3000","targetHints":{"allow":["GET"]}}],"collection":[{"href":"https:\/\/portalmidia.net\/index.php\/wp-json\/wp\/v2\/posts"}],"about":[{"href":"https:\/\/portalmidia.net\/index.php\/wp-json\/wp\/v2\/types\/post"}],"author":[{"embeddable":true,"href":"https:\/\/portalmidia.net\/index.php\/wp-json\/wp\/v2\/users\/1"}],"replies":[{"embeddable":true,"href":"https:\/\/portalmidia.net\/index.php\/wp-json\/wp\/v2\/comments?post=3000"}],"version-history":[{"count":0,"href":"https:\/\/portalmidia.net\/index.php\/wp-json\/wp\/v2\/posts\/3000\/revisions"}],"wp:featuredmedia":[{"embeddable":true,"href":"https:\/\/portalmidia.net\/index.php\/wp-json\/wp\/v2\/media\/3002"}],"wp:attachment":[{"href":"https:\/\/portalmidia.net\/index.php\/wp-json\/wp\/v2\/media?parent=3000"}],"wp:term":[{"taxonomy":"category","embeddable":true,"href":"https:\/\/portalmidia.net\/index.php\/wp-json\/wp\/v2\/categories?post=3000"},{"taxonomy":"post_tag","embeddable":true,"href":"https:\/\/portalmidia.net\/index.php\/wp-json\/wp\/v2\/tags?post=3000"}],"curies":[{"name":"wp","href":"https:\/\/api.w.org\/{rel}","templated":true}]}}