 {"id":30211,"date":"2024-05-03T12:11:38","date_gmt":"2024-05-03T15:11:38","guid":{"rendered":"https:\/\/portalmidia.net\/?p=30211"},"modified":"2024-05-03T12:11:38","modified_gmt":"2024-05-03T15:11:38","slug":"pastor-que-culpou-criancas-por-abusos-da-dicas-sobre-briga-conjugal","status":"publish","type":"post","link":"https:\/\/portalmidia.net\/index.php\/2024\/05\/03\/pastor-que-culpou-criancas-por-abusos-da-dicas-sobre-briga-conjugal\/","title":{"rendered":"Pastor que culpou crian\u00e7as por abusos d\u00e1 \u201cdicas\u201d sobre briga conjugal"},"content":{"rendered":"<p style=\"text-align: justify;\">O pastor da igreja Tabern\u00e1culo da F\u00e9, da capital goiana, Jonas Fel\u00edcio Pimentel, criou pol\u00eamica ao dizer que crian\u00e7as abusadas sexualmente tamb\u00e9m t\u00eam participa\u00e7\u00e3o e s\u00e3o\u00a0culpadas dos crimes. Em novo v\u00eddeo, ele incentivou a\u00a0viol\u00eancia dom\u00e9stica\u00a0durante um culto.<\/p>\n<div class=\"m-banner-wrap m-banner-rectangle m-publicity-content-middle\" style=\"text-align: justify;\"><\/div>\n<p style=\"text-align: justify;\" data-gtm-vis-recent-on-screen104869357_94=\"123447\" data-gtm-vis-first-on-screen104869357_94=\"123447\" data-gtm-vis-total-visible-time104869357_94=\"100\" data-gtm-vis-has-fired104869357_94=\"1\">As imagens mostram outra prega\u00e7\u00e3o do\u00a0<a href=\"https:\/\/www.metropoles.com\/brasil\/pastor-que-culpou-criancas-por-abusos-diz-que-pais-devem-ficar-atentos\">l\u00edder religioso<\/a>, na qual ele orientou que casais se \u201cpeguem na briga\u201d longe dos filhos.<\/p>\n<p style=\"text-align: justify;\">\u201cSe tiver com algum hematoma [risos], cobre com um esparadrapo\u201d, disse Pimentel.<\/p>\n<div class=\"m-banner-wrap m-banner-rectangle m-publicity-content-middle\" style=\"text-align: justify;\"><\/div>\n<p style=\"text-align: justify;\">Veja o v\u00eddeo:<\/p>\n<div style=\"text-align: justify;\"><iframe title=\"Pastor que culpou crian\u00e7as por abusos incita viol\u00eancia dom\u00e9stica em culto\" src=\"https:\/\/cdn.jwplayer.com\/players\/LUeAQIZI-UoHZWlYw.html\" width=\"100%\" height=\"100%\" frameborder=\"0\" scrolling=\"auto\" allowfullscreen=\"allowfullscreen\" data-mce-fragment=\"1\"><\/iframe><\/div>\n<p style=\"text-align: justify;\">\n<div class=\"m-banner-video m-banner-wrap m-banner-rectangle m-publicity-content-middle\" style=\"text-align: justify;\">\n<h4>Orienta\u00e7\u00e3o aos casais dadas pelo pastor<\/h4>\n<p>O v\u00eddeo em quest\u00e3o \u00e9 de outubro de 2023 e foi publicado no canal oficial da\u00a0<a href=\"https:\/\/www.apalavraoriginal.org.br\/\" target=\"_blank\" rel=\"noopener\">igreja Tabern\u00e1culo da F\u00e9<\/a>. Na ocasi\u00e3o, Pimentel comentou sobre o trauma de uma fiel, que disse que os pais dela tiveram um relacionamento marcado por muitas brigas. Nesse momento, o pastor orientou como os casais devem agir.<\/p>\n<p>\u201cDeixem para brigar quando estiverem longe dos filhos. Mandem eles para a casa da av\u00f3 e, a\u00ed, voc\u00ea e a sua esposa se pegam na briga e rola. Se tiver com algum hematoma [risos], cobre com um esparadrapo\u201d, afirmou. O pastor ainda disse para a fiel esquecer os traumas e dar \u201cgra\u00e7as a Deus\u201d por estar viva.<\/p>\n<h4>Culpa por abusos<\/h4>\n<p>Nesta semana, falas de Pimentel repercutiram negativamente nas redes sociais ap\u00f3s o religioso comentar sobre o caso de uma crian\u00e7a de 5 anos, falando sobre a suposta participa\u00e7\u00e3o e culpa dela no abuso sexual que sofreu.<\/p>\n<div class=\"m-banner-wrap m-banner-rectangle m-publicity-content-middle\"><\/div>\n<p>\u201cExistem situa\u00e7\u00f5es que, quando acontece um abuso de uma crian\u00e7a, a crian\u00e7a \u00e9 tamb\u00e9m culpada, porque ela deu lugar. Crian\u00e7as tamb\u00e9m t\u00eam culpa, t\u00eam participa\u00e7\u00e3o, mas n\u00e3o todos os casos. Eu quero deixar isso bem claro\u201d, afirmou o pastor.<\/p>\n<p>No trecho, que foi compartilhado por uma p\u00e1gina na internet e j\u00e1 conta com mais de 300 mil visualiza\u00e7\u00f5es, Jonas Pimentel segue falando que o lugar dos filhos \u00e9 junto dos pais, a n\u00e3o ser quando \u201cexiste uma circunst\u00e2ncia imperiosa que n\u00e3o permite tal coisa\u201d.<\/p>\n<p>\u201cOs pais e, principalmente as m\u00e3es, devem ter muito cuidado, devem ter muita mal\u00edcia quanto \u00e0s suas filhas. Filho \u00e9 junto com o pai, junto com a m\u00e3e, a menos que exista uma circunst\u00e2ncia imperiosa que n\u00e3o permite tal coisa, n\u00e3o \u00e9?\u201d, diz o pastor.<\/p>\n<\/div>\n<h4 style=\"text-align: justify;\">Pais atentos<\/h4>\n<p style=\"text-align: justify;\" data-gtm-vis-recent-on-screen104869357_94=\"382570\" data-gtm-vis-first-on-screen104869357_94=\"382570\" data-gtm-vis-total-visible-time104869357_94=\"100\" data-gtm-vis-has-fired104869357_94=\"1\">Por meio de uma \u201cnota p\u00fablica\u201d, assinada pelo advogado Leandro Silva, o religioso refor\u00e7ou que \u00e9 de responsabilidade dos pais \u201cter seus filhos ao alcance dos olhos, somente perdendo contato visual deles quando situa\u00e7\u00f5es absolutas imperativas exigirem\u201d.<\/p>\n<p style=\"text-align: justify;\">Ainda na declara\u00e7\u00e3o, ele voltou a dizer que os pais n\u00e3o devem mandar os filhos para casa de parentes e amigos a fim de prevenir um poss\u00edvel crime.<\/p>\n<p style=\"text-align: justify;\">\n<p style=\"text-align: justify;\">\n<p style=\"text-align: justify;\">\n<p style=\"text-align: justify;\">\n<p style=\"text-align: justify;\">\n<p style=\"text-align: justify;\">\n<p style=\"text-align: justify;\">metropoles<\/p>\n","protected":false},"excerpt":{"rendered":"<p>O pastor da igreja Tabern\u00e1culo da F\u00e9, da capital goiana, Jonas Fel\u00edcio Pimentel, criou pol\u00eamica ao dizer que crian\u00e7as abusadas sexualmente tamb\u00e9m t\u00eam participa\u00e7\u00e3o e s\u00e3o\u00a0culpadas dos crimes. Em novo v\u00eddeo, ele incentivou a\u00a0viol\u00eancia dom\u00e9stica\u00a0durante um culto. As imagens mostram outra prega\u00e7\u00e3o do\u00a0l\u00edder religioso, na qual ele orientou que casais se \u201cpeguem na briga\u201d longe<\/p>\n","protected":false},"author":1,"featured_media":30217,"comment_status":"open","ping_status":"open","sticky":false,"template":"","format":"standard","meta":{"_eb_attr":"","footnotes":""},"categories":[7,13],"tags":[],"class_list":["post-30211","post","type-post","status-publish","format-standard","has-post-thumbnail","hentry","category-destaque","category-noticias"],"_links":{"self":[{"href":"https:\/\/portalmidia.net\/index.php\/wp-json\/wp\/v2\/posts\/30211","targetHints":{"allow":["GET"]}}],"collection":[{"href":"https:\/\/portalmidia.net\/index.php\/wp-json\/wp\/v2\/posts"}],"about":[{"href":"https:\/\/portalmidia.net\/index.php\/wp-json\/wp\/v2\/types\/post"}],"author":[{"embeddable":true,"href":"https:\/\/portalmidia.net\/index.php\/wp-json\/wp\/v2\/users\/1"}],"replies":[{"embeddable":true,"href":"https:\/\/portalmidia.net\/index.php\/wp-json\/wp\/v2\/comments?post=30211"}],"version-history":[{"count":1,"href":"https:\/\/portalmidia.net\/index.php\/wp-json\/wp\/v2\/posts\/30211\/revisions"}],"predecessor-version":[{"id":30218,"href":"https:\/\/portalmidia.net\/index.php\/wp-json\/wp\/v2\/posts\/30211\/revisions\/30218"}],"wp:featuredmedia":[{"embeddable":true,"href":"https:\/\/portalmidia.net\/index.php\/wp-json\/wp\/v2\/media\/30217"}],"wp:attachment":[{"href":"https:\/\/portalmidia.net\/index.php\/wp-json\/wp\/v2\/media?parent=30211"}],"wp:term":[{"taxonomy":"category","embeddable":true,"href":"https:\/\/portalmidia.net\/index.php\/wp-json\/wp\/v2\/categories?post=30211"},{"taxonomy":"post_tag","embeddable":true,"href":"https:\/\/portalmidia.net\/index.php\/wp-json\/wp\/v2\/tags?post=30211"}],"curies":[{"name":"wp","href":"https:\/\/api.w.org\/{rel}","templated":true}]}}