 {"id":3041,"date":"2023-07-23T11:26:43","date_gmt":"2023-07-23T14:26:43","guid":{"rendered":"https:\/\/portalmidia.net\/?p=3041"},"modified":"2023-07-23T11:26:43","modified_gmt":"2023-07-23T14:26:43","slug":"ataque-a-tiros-deixa-dois-mortos-e-tres-feridos-na-divisa-entre-paraiba-e-pernambuco","status":"publish","type":"post","link":"https:\/\/portalmidia.net\/index.php\/2023\/07\/23\/ataque-a-tiros-deixa-dois-mortos-e-tres-feridos-na-divisa-entre-paraiba-e-pernambuco\/","title":{"rendered":"Ataque a tiros deixa dois mortos e tr\u00eas feridos na divisa entre Para\u00edba e Pernambuco"},"content":{"rendered":"<p style=\"text-align: justify;\">Um ataque a tiros deixou pelos menos dois mortos e tr\u00eas feridos no in\u00edcio da tarde deste s\u00e1bado (22), na d\u00edvida entre\u00a0Para\u00edba e Pernambuco, no munic\u00edpio de Itamb\u00e9 (PE).<\/p>\n<p style=\"text-align: justify;\">O ataque a tiros ocorreu no bairro Bela Vista em Itamb\u00e9, que faz divisa com o munic\u00edpio paraibano de\u00a0\u00a0Pedras do Fogo. Mais de 20 disparos de arma de fogo foram relatados.<\/p>\n<p style=\"text-align: justify;\">De acordo com a pol\u00edcia, um grupo de criminosos fortemente armados chegou ao local onde as v\u00edtimas estavam e efetuou os disparos.<\/p>\n<p style=\"text-align: justify;\">Duas pessoas morreram na cena do crime, enquanto que tr\u00eas pessoas sobreviventes\u00a0foram levadas ao hospital em estado grave. O caso est\u00e1 sendo investigado pela pol\u00edcia, que n\u00e3o descarta um\u00a0acerto de contas relacionado ao tr\u00e1fico de drogas.<\/p>\n<p>&nbsp;<\/p>\n<p>&nbsp;<\/p>\n<p>&nbsp;<\/p>\n<p>&nbsp;<\/p>\n<p>clickpb<\/p>\n","protected":false},"excerpt":{"rendered":"<p>Um ataque a tiros deixou pelos menos dois mortos e tr\u00eas feridos no in\u00edcio da tarde deste s\u00e1bado (22), na d\u00edvida entre\u00a0Para\u00edba e Pernambuco, no munic\u00edpio de Itamb\u00e9 (PE). O ataque a tiros ocorreu no bairro Bela Vista em Itamb\u00e9, que faz divisa com o munic\u00edpio paraibano de\u00a0\u00a0Pedras do Fogo. Mais de 20 disparos de<\/p>\n","protected":false},"author":1,"featured_media":3043,"comment_status":"open","ping_status":"open","sticky":false,"template":"","format":"standard","meta":{"_eb_attr":"","footnotes":""},"categories":[7,2],"tags":[],"class_list":["post-3041","post","type-post","status-publish","format-standard","has-post-thumbnail","hentry","category-destaque","category-policial"],"_links":{"self":[{"href":"https:\/\/portalmidia.net\/index.php\/wp-json\/wp\/v2\/posts\/3041","targetHints":{"allow":["GET"]}}],"collection":[{"href":"https:\/\/portalmidia.net\/index.php\/wp-json\/wp\/v2\/posts"}],"about":[{"href":"https:\/\/portalmidia.net\/index.php\/wp-json\/wp\/v2\/types\/post"}],"author":[{"embeddable":true,"href":"https:\/\/portalmidia.net\/index.php\/wp-json\/wp\/v2\/users\/1"}],"replies":[{"embeddable":true,"href":"https:\/\/portalmidia.net\/index.php\/wp-json\/wp\/v2\/comments?post=3041"}],"version-history":[{"count":0,"href":"https:\/\/portalmidia.net\/index.php\/wp-json\/wp\/v2\/posts\/3041\/revisions"}],"wp:featuredmedia":[{"embeddable":true,"href":"https:\/\/portalmidia.net\/index.php\/wp-json\/wp\/v2\/media\/3043"}],"wp:attachment":[{"href":"https:\/\/portalmidia.net\/index.php\/wp-json\/wp\/v2\/media?parent=3041"}],"wp:term":[{"taxonomy":"category","embeddable":true,"href":"https:\/\/portalmidia.net\/index.php\/wp-json\/wp\/v2\/categories?post=3041"},{"taxonomy":"post_tag","embeddable":true,"href":"https:\/\/portalmidia.net\/index.php\/wp-json\/wp\/v2\/tags?post=3041"}],"curies":[{"name":"wp","href":"https:\/\/api.w.org\/{rel}","templated":true}]}}