 {"id":30438,"date":"2024-05-07T08:10:36","date_gmt":"2024-05-07T11:10:36","guid":{"rendered":"https:\/\/portalmidia.net\/?p=30438"},"modified":"2024-05-07T08:10:36","modified_gmt":"2024-05-07T11:10:36","slug":"nadadores-brasileiros-se-garantem-nos-jogos-olimpicos-de-paris","status":"publish","type":"post","link":"https:\/\/portalmidia.net\/index.php\/2024\/05\/07\/nadadores-brasileiros-se-garantem-nos-jogos-olimpicos-de-paris\/","title":{"rendered":"Nadadores brasileiros se garantem nos Jogos Ol\u00edmpicos de Paris"},"content":{"rendered":"<p style=\"text-align: justify;\">O Brasil conheceu, na noite desta segunda-feira (6), os seus primeiros representantes nas provas de nata\u00e7\u00e3o na pr\u00f3xima edi\u00e7\u00e3o dos Jogos Ol\u00edmpicos, que ser\u00e3o disputados em Paris (Fran\u00e7a). Guilherme Costa, Gabrielle Roncatto e Maria Fernanda Costa carimbaram o passaporte no primeiro dia de disputa da Seletiva Ol\u00edmpica &#8211; Trof\u00e9u Brasil de Nata\u00e7\u00e3o, que est\u00e1 sendo disputada no CDA da Aeron\u00e1utica, no Rio de Janeiro.<img decoding=\"async\" src=\"https:\/\/agenciabrasil.ebc.com.br\/ebc.png?id=1593719&amp;o=node\" \/><img decoding=\"async\" src=\"https:\/\/agenciabrasil.ebc.com.br\/ebc.gif?id=1593719&amp;o=node\" \/><\/p>\n<div class=\"twitter-tweet twitter-tweet-rendered\" style=\"text-align: justify;\"><iframe id=\"twitter-widget-0\" class=\"\" title=\"X Post\" src=\"https:\/\/platform.twitter.com\/embed\/Tweet.html?creatorScreenName=agenciabrasil&amp;dnt=false&amp;embedId=twitter-widget-0&amp;features=eyJ0ZndfdGltZWxpbmVfbGlzdCI6eyJidWNrZXQiOltdLCJ2ZXJzaW9uIjpudWxsfSwidGZ3X2ZvbGxvd2VyX2NvdW50X3N1bnNldCI6eyJidWNrZXQiOnRydWUsInZlcnNpb24iOm51bGx9LCJ0ZndfdHdlZXRfZWRpdF9iYWNrZW5kIjp7ImJ1Y2tldCI6Im9uIiwidmVyc2lvbiI6bnVsbH0sInRmd19yZWZzcmNfc2Vzc2lvbiI6eyJidWNrZXQiOiJvbiIsInZlcnNpb24iOm51bGx9LCJ0ZndfZm9zbnJfc29mdF9pbnRlcnZlbnRpb25zX2VuYWJsZWQiOnsiYnVja2V0Ijoib24iLCJ2ZXJzaW9uIjpudWxsfSwidGZ3X21peGVkX21lZGlhXzE1ODk3Ijp7ImJ1Y2tldCI6InRyZWF0bWVudCIsInZlcnNpb24iOm51bGx9LCJ0ZndfZXhwZXJpbWVudHNfY29va2llX2V4cGlyYXRpb24iOnsiYnVja2V0IjoxMjA5NjAwLCJ2ZXJzaW9uIjpudWxsfSwidGZ3X3Nob3dfYmlyZHdhdGNoX3Bpdm90c19lbmFibGVkIjp7ImJ1Y2tldCI6Im9uIiwidmVyc2lvbiI6bnVsbH0sInRmd19kdXBsaWNhdGVfc2NyaWJlc190b19zZXR0aW5ncyI6eyJidWNrZXQiOiJvbiIsInZlcnNpb24iOm51bGx9LCJ0ZndfdXNlX3Byb2ZpbGVfaW1hZ2Vfc2hhcGVfZW5hYmxlZCI6eyJidWNrZXQiOiJvbiIsInZlcnNpb24iOm51bGx9LCJ0ZndfdmlkZW9faGxzX2R5bmFtaWNfbWFuaWZlc3RzXzE1MDgyIjp7ImJ1Y2tldCI6InRydWVfYml0cmF0ZSIsInZlcnNpb24iOm51bGx9LCJ0ZndfbGVnYWN5X3RpbWVsaW5lX3N1bnNldCI6eyJidWNrZXQiOnRydWUsInZlcnNpb24iOm51bGx9LCJ0ZndfdHdlZXRfZWRpdF9mcm9udGVuZCI6eyJidWNrZXQiOiJvbiIsInZlcnNpb24iOm51bGx9fQ%3D%3D&amp;frame=false&amp;hideCard=false&amp;hideThread=false&amp;id=1787615464832618751&amp;lang=pt&amp;origin=https%3A%2F%2Fagenciabrasil.ebc.com.br%2Fesportes%2Fnoticia%2F2024-05%2Fnadadores-brasileiros-se-garantem-nos-jogos-olimpicos-de-paris&amp;sessionId=2dad401f26beec0e39def88472d96c6a6234e108&amp;siteScreenName=agenciabrasil&amp;theme=light&amp;widgetsVersion=2615f7e52b7e0%3A1702314776716&amp;width=550px\" frameborder=\"0\" scrolling=\"no\" allowfullscreen=\"allowfullscreen\" data-tweet-id=\"1787615464832618751\" data-mce-fragment=\"1\"><\/iframe><\/div>\n<p style=\"text-align: justify;\">Guilherme Costa, que j\u00e1 tinha o \u00edndice da prova dos 400 metros livre masculino pela salvaguarda da CBDA (Confedera\u00e7\u00e3o Brasileira de Desportos Aqu\u00e1ticos) nadou nesta segunda em 3min46s90 para ficar novamente abaixo da marca para estar nos Jogos de Paris. \u201cGostaria de ter nadado um pouco melhor. De manh\u00e3, me senti bem. Preciso ver quanto passei, mas sei que estou em uma fase de treino bastante forte para os Jogos Ol\u00edmpicos. \u00c9 l\u00e1 que tenho que nadar r\u00e1pido e certamente estarei bem\u201d, declarou.<\/p>\n<p style=\"text-align: justify;\">J\u00e1 na vers\u00e3o feminina da prova Maria Fernanda Costa e Gabrielle Roncatto tamb\u00e9m se garantiram. As duas j\u00e1 possu\u00edam \u00edndice feito nas competi\u00e7\u00f5es em salvaguarda e nesta segunda confirmaram presen\u00e7a em Paris.<\/p>\n<p style=\"text-align: justify;\">\u201cEu me senti bem. N\u00e3o \u00e9 o meu melhor, mas estou muito feliz de ter feito o \u00edndice novamente. \u00c9 uma prova que estamos botando no n\u00edvel muito competitivo mundialmente. Ent\u00e3o isso significa que a nata\u00e7\u00e3o feminina tem evolu\u00eddo muito e isso me deixa muito feliz\u201d, declarou Maria Fernanda.<\/p>\n<p style=\"text-align: justify;\">\n<p style=\"text-align: justify;\">\n<p style=\"text-align: justify;\">\n<p style=\"text-align: justify;\">\n<p style=\"text-align: justify;\">agenciabrasil<\/p>\n","protected":false},"excerpt":{"rendered":"<p>O Brasil conheceu, na noite desta segunda-feira (6), os seus primeiros representantes nas provas de nata\u00e7\u00e3o na pr\u00f3xima edi\u00e7\u00e3o dos Jogos Ol\u00edmpicos, que ser\u00e3o disputados em Paris (Fran\u00e7a). Guilherme Costa, Gabrielle Roncatto e Maria Fernanda Costa carimbaram o passaporte no primeiro dia de disputa da Seletiva Ol\u00edmpica &#8211; Trof\u00e9u Brasil de Nata\u00e7\u00e3o, que est\u00e1 sendo<\/p>\n","protected":false},"author":1,"featured_media":30443,"comment_status":"open","ping_status":"open","sticky":false,"template":"","format":"standard","meta":{"_eb_attr":"","footnotes":""},"categories":[7,10],"tags":[],"class_list":["post-30438","post","type-post","status-publish","format-standard","has-post-thumbnail","hentry","category-destaque","category-esportes"],"_links":{"self":[{"href":"https:\/\/portalmidia.net\/index.php\/wp-json\/wp\/v2\/posts\/30438","targetHints":{"allow":["GET"]}}],"collection":[{"href":"https:\/\/portalmidia.net\/index.php\/wp-json\/wp\/v2\/posts"}],"about":[{"href":"https:\/\/portalmidia.net\/index.php\/wp-json\/wp\/v2\/types\/post"}],"author":[{"embeddable":true,"href":"https:\/\/portalmidia.net\/index.php\/wp-json\/wp\/v2\/users\/1"}],"replies":[{"embeddable":true,"href":"https:\/\/portalmidia.net\/index.php\/wp-json\/wp\/v2\/comments?post=30438"}],"version-history":[{"count":1,"href":"https:\/\/portalmidia.net\/index.php\/wp-json\/wp\/v2\/posts\/30438\/revisions"}],"predecessor-version":[{"id":30446,"href":"https:\/\/portalmidia.net\/index.php\/wp-json\/wp\/v2\/posts\/30438\/revisions\/30446"}],"wp:featuredmedia":[{"embeddable":true,"href":"https:\/\/portalmidia.net\/index.php\/wp-json\/wp\/v2\/media\/30443"}],"wp:attachment":[{"href":"https:\/\/portalmidia.net\/index.php\/wp-json\/wp\/v2\/media?parent=30438"}],"wp:term":[{"taxonomy":"category","embeddable":true,"href":"https:\/\/portalmidia.net\/index.php\/wp-json\/wp\/v2\/categories?post=30438"},{"taxonomy":"post_tag","embeddable":true,"href":"https:\/\/portalmidia.net\/index.php\/wp-json\/wp\/v2\/tags?post=30438"}],"curies":[{"name":"wp","href":"https:\/\/api.w.org\/{rel}","templated":true}]}}