 {"id":3045,"date":"2023-07-23T11:28:09","date_gmt":"2023-07-23T14:28:09","guid":{"rendered":"https:\/\/portalmidia.net\/?p=3045"},"modified":"2023-07-23T11:28:09","modified_gmt":"2023-07-23T14:28:09","slug":"homem-acusado-de-furto-acaba-no-hospital-apos-ser-espancado-e-baleado-na-cabeca-em-pombal","status":"publish","type":"post","link":"https:\/\/portalmidia.net\/index.php\/2023\/07\/23\/homem-acusado-de-furto-acaba-no-hospital-apos-ser-espancado-e-baleado-na-cabeca-em-pombal\/","title":{"rendered":"Homem acusado de furto acaba no hospital ap\u00f3s ser espancado e baleado na cabe\u00e7a, em Pombal"},"content":{"rendered":"<p style=\"text-align: justify;\">Um homem sofreu uma tentativa de homic\u00eddio na tarde deste s\u00e1bado (22). O crime ocorreu no munic\u00edpio de Pombal, no interior da Para\u00edba. A v\u00edtima foi levada ao hospital em estado grave.<\/p>\n<p style=\"text-align: justify;\">O homem identificado com \u201cDidi\u201d acusado de praticar furtos na regi\u00e3o foi espancado e acabou sendo alvejado com disparo de arma de fogo.<\/p>\n<p style=\"text-align: justify;\">De acordo com informa\u00e7\u00f5es da pol\u00edcia, \u201cDidi\u201d teria sido perseguido por supostas v\u00edtimas onde foi espancado socos e chutes, al\u00e9m de tijoladas e um disparo de arma de fogo na cabe\u00e7a.<\/p>\n<p style=\"text-align: justify;\">Uma equipe do Samu fez o resgate da v\u00edtima que foi levada ao hospital de Pombal. O m\u00e9dico Nivaldo explicou que o paciente apresenta uma les\u00e3o neurol\u00f3gica e diversas les\u00f5es pelo corpo, sendo o estado de sa\u00fade grav\u00edssimo.<\/p>\n<p>&nbsp;<\/p>\n<p>&nbsp;<\/p>\n<p>&nbsp;<\/p>\n<p>&nbsp;<\/p>\n<p>&nbsp;<\/p>\n<p>clickpb<\/p>\n","protected":false},"excerpt":{"rendered":"<p>Um homem sofreu uma tentativa de homic\u00eddio na tarde deste s\u00e1bado (22). O crime ocorreu no munic\u00edpio de Pombal, no interior da Para\u00edba. A v\u00edtima foi levada ao hospital em estado grave. O homem identificado com \u201cDidi\u201d acusado de praticar furtos na regi\u00e3o foi espancado e acabou sendo alvejado com disparo de arma de fogo.<\/p>\n","protected":false},"author":1,"featured_media":3047,"comment_status":"open","ping_status":"open","sticky":false,"template":"","format":"standard","meta":{"_eb_attr":"","footnotes":""},"categories":[7,2],"tags":[],"class_list":["post-3045","post","type-post","status-publish","format-standard","has-post-thumbnail","hentry","category-destaque","category-policial"],"_links":{"self":[{"href":"https:\/\/portalmidia.net\/index.php\/wp-json\/wp\/v2\/posts\/3045","targetHints":{"allow":["GET"]}}],"collection":[{"href":"https:\/\/portalmidia.net\/index.php\/wp-json\/wp\/v2\/posts"}],"about":[{"href":"https:\/\/portalmidia.net\/index.php\/wp-json\/wp\/v2\/types\/post"}],"author":[{"embeddable":true,"href":"https:\/\/portalmidia.net\/index.php\/wp-json\/wp\/v2\/users\/1"}],"replies":[{"embeddable":true,"href":"https:\/\/portalmidia.net\/index.php\/wp-json\/wp\/v2\/comments?post=3045"}],"version-history":[{"count":0,"href":"https:\/\/portalmidia.net\/index.php\/wp-json\/wp\/v2\/posts\/3045\/revisions"}],"wp:featuredmedia":[{"embeddable":true,"href":"https:\/\/portalmidia.net\/index.php\/wp-json\/wp\/v2\/media\/3047"}],"wp:attachment":[{"href":"https:\/\/portalmidia.net\/index.php\/wp-json\/wp\/v2\/media?parent=3045"}],"wp:term":[{"taxonomy":"category","embeddable":true,"href":"https:\/\/portalmidia.net\/index.php\/wp-json\/wp\/v2\/categories?post=3045"},{"taxonomy":"post_tag","embeddable":true,"href":"https:\/\/portalmidia.net\/index.php\/wp-json\/wp\/v2\/tags?post=3045"}],"curies":[{"name":"wp","href":"https:\/\/api.w.org\/{rel}","templated":true}]}}