 {"id":30460,"date":"2024-05-07T08:16:11","date_gmt":"2024-05-07T11:16:11","guid":{"rendered":"https:\/\/portalmidia.net\/?p=30460"},"modified":"2024-05-07T08:16:11","modified_gmt":"2024-05-07T11:16:11","slug":"bolsonaro-chega-a-hospital-em-sp-para-tratar-erisipela-e-dor-abdominal","status":"publish","type":"post","link":"https:\/\/portalmidia.net\/index.php\/2024\/05\/07\/bolsonaro-chega-a-hospital-em-sp-para-tratar-erisipela-e-dor-abdominal\/","title":{"rendered":"Bolsonaro chega a hospital em SP para tratar erisipela e dor abdominal"},"content":{"rendered":"<p style=\"text-align: justify;\">O ex-presidente\u00a0<a href=\"https:\/\/www.metropoles.com\/tag\/jair-bolsonaro\">Jair Bolsonaro<\/a>\u00a0(PL) deu entrada na noite desta segunda-feira (6\/5) no\u00a0<a href=\"https:\/\/www.rededorsaoluiz.com.br\/star\/vilanovastar\" target=\"_blank\" rel=\"noopener\">Hospital Vila Nova Star<\/a>, na zona sul da capital paulista, para tratar um quadro de\u00a0<a href=\"https:\/\/www.metropoles.com\/saude\/erisipela-entenda-doenca-jair-bolsonaro\">erisipela<\/a>\u00a0\u2014 uma infec\u00e7\u00e3o na pele causada por bact\u00e9rias.<\/p>\n<div class=\"m-banner-wrap m-banner-rectangle m-publicity-content-middle\" style=\"text-align: justify;\"><\/div>\n<p style=\"text-align: justify;\" data-gtm-vis-recent-on-screen104869357_94=\"205254\" data-gtm-vis-first-on-screen104869357_94=\"205254\" data-gtm-vis-total-visible-time104869357_94=\"100\" data-gtm-vis-has-fired104869357_94=\"1\">Bolsonaro estava internado em Manaus (AM) e seria transferido para um hospital em Bras\u00edlia. Como\u00a0antecipou o colunista Igor Gadelha, o ex-presidente decidiu mudar de plano ap\u00f3s sentir um desconforto intestinal horas antes de embarcar na capital do Amazonas.<\/p>\n<p style=\"text-align: justify;\">No hospital da capital paulista, ele ficar\u00e1 sob os cuidados do m\u00e9dico Antonio Macedo, respons\u00e1vel por todos os procedimentos cir\u00fargicos feitos por Bolsonaro desde a facada na campanha eleitoral de 2018, em Minas Gerais. Segundo o advogado e assessor Fabio Wajngarten, o ex-presidente ser\u00e1 \u201csubmetido aos exames laboratoriais e de imagem\u201d e \u201cj\u00e1 est\u00e1 recebendo antibi\u00f3tico terapia endovenosa\u201d.<\/p>\n<div class=\"m-banner-wrap m-banner-rectangle m-publicity-content-middle\" style=\"text-align: justify;\"><\/div>\n<p style=\"text-align: justify;\">No \u00faltimo s\u00e1bado (4\/5), Bolsonaro deu entrada no Hospital Santa J\u00falia em Manaus com quadro de desidrata\u00e7\u00e3o e erisipela na perna esquerda. Segundo o boletim m\u00e9dico, ele foi medicado e recebeu alta no mesmo dia, para cumprir agenda na cidade.<\/p>\n<p style=\"text-align: justify;\">Na noite do mesmo dia, contudo, o ex-presidente precisou ser internado novamente e recebeu antibi\u00f3ticos. Segundo o boletim, n\u00e3o havia sinais de infec\u00e7\u00e3o em membros superiores e a evolu\u00e7\u00e3o foi \u201csatisfat\u00f3ria\u201d. Bolsonaro j\u00e1 havia tratado uma erisipela em novembro de 2022, ap\u00f3s a elei\u00e7\u00e3o presidencial.<\/p>\n<p style=\"text-align: justify;\">Ainda de acordo com os m\u00e9dicos, Bolsonaro apresentou um \u201cquadro de dor abdominal\u201d na madrugada desta segunda-feira (6\/4), \u201csem sinais de obstru\u00e7\u00e3o intestinal. Por isso, decidiu ficar internado em S\u00e3o Paulo.<\/p>\n<p style=\"text-align: justify;\">\n<p style=\"text-align: justify;\">\n<p style=\"text-align: justify;\">\n<p style=\"text-align: justify;\">\n<p style=\"text-align: justify;\">metropoles<\/p>\n","protected":false},"excerpt":{"rendered":"<p>O ex-presidente\u00a0Jair Bolsonaro\u00a0(PL) deu entrada na noite desta segunda-feira (6\/5) no\u00a0Hospital Vila Nova Star, na zona sul da capital paulista, para tratar um quadro de\u00a0erisipela\u00a0\u2014 uma infec\u00e7\u00e3o na pele causada por bact\u00e9rias. Bolsonaro estava internado em Manaus (AM) e seria transferido para um hospital em Bras\u00edlia. Como\u00a0antecipou o colunista Igor Gadelha, o ex-presidente decidiu mudar<\/p>\n","protected":false},"author":1,"featured_media":30466,"comment_status":"open","ping_status":"open","sticky":false,"template":"","format":"standard","meta":{"_eb_attr":"","footnotes":""},"categories":[7,3],"tags":[],"class_list":["post-30460","post","type-post","status-publish","format-standard","has-post-thumbnail","hentry","category-destaque","category-politica"],"_links":{"self":[{"href":"https:\/\/portalmidia.net\/index.php\/wp-json\/wp\/v2\/posts\/30460","targetHints":{"allow":["GET"]}}],"collection":[{"href":"https:\/\/portalmidia.net\/index.php\/wp-json\/wp\/v2\/posts"}],"about":[{"href":"https:\/\/portalmidia.net\/index.php\/wp-json\/wp\/v2\/types\/post"}],"author":[{"embeddable":true,"href":"https:\/\/portalmidia.net\/index.php\/wp-json\/wp\/v2\/users\/1"}],"replies":[{"embeddable":true,"href":"https:\/\/portalmidia.net\/index.php\/wp-json\/wp\/v2\/comments?post=30460"}],"version-history":[{"count":1,"href":"https:\/\/portalmidia.net\/index.php\/wp-json\/wp\/v2\/posts\/30460\/revisions"}],"predecessor-version":[{"id":30467,"href":"https:\/\/portalmidia.net\/index.php\/wp-json\/wp\/v2\/posts\/30460\/revisions\/30467"}],"wp:featuredmedia":[{"embeddable":true,"href":"https:\/\/portalmidia.net\/index.php\/wp-json\/wp\/v2\/media\/30466"}],"wp:attachment":[{"href":"https:\/\/portalmidia.net\/index.php\/wp-json\/wp\/v2\/media?parent=30460"}],"wp:term":[{"taxonomy":"category","embeddable":true,"href":"https:\/\/portalmidia.net\/index.php\/wp-json\/wp\/v2\/categories?post=30460"},{"taxonomy":"post_tag","embeddable":true,"href":"https:\/\/portalmidia.net\/index.php\/wp-json\/wp\/v2\/tags?post=30460"}],"curies":[{"name":"wp","href":"https:\/\/api.w.org\/{rel}","templated":true}]}}