 {"id":30469,"date":"2024-05-07T08:18:24","date_gmt":"2024-05-07T11:18:24","guid":{"rendered":"https:\/\/portalmidia.net\/?p=30469"},"modified":"2024-05-07T08:18:24","modified_gmt":"2024-05-07T11:18:24","slug":"camara-aprova-decreto-que-reconhece-calamidade-no-rio-grande-do-sul","status":"publish","type":"post","link":"https:\/\/portalmidia.net\/index.php\/2024\/05\/07\/camara-aprova-decreto-que-reconhece-calamidade-no-rio-grande-do-sul\/","title":{"rendered":"C\u00e2mara aprova decreto que reconhece calamidade no Rio Grande do Sul"},"content":{"rendered":"<p style=\"text-align: justify;\">A C\u00e2mara dos Deputados aprovou na noite desta segunda-feira (6) o projeto de decreto legislativo (PDL) 236\/2024<a href=\"https:\/\/agenciabrasil.ebc.com.br\/politica\/noticia\/2024-05\/lula-envia-projeto-para-flexibilizar-liberacao-de-recursos-para-o-rs\">\u00a0enviado pelo governo federal\u00a0<\/a>que reconhece o estado de calamidade p\u00fablica no Rio Grande do Sul at\u00e9 31 de dezembro de 2024. A medida ainda deve ser aprovada pelo Senado.\u00a0<img decoding=\"async\" src=\"https:\/\/agenciabrasil.ebc.com.br\/ebc.png?id=1593721&amp;o=node\" \/><img decoding=\"async\" src=\"https:\/\/agenciabrasil.ebc.com.br\/ebc.gif?id=1593721&amp;o=node\" \/><\/p>\n<p style=\"text-align: justify;\">Com isso, os limites e prazos previstos na Lei de Responsabilidade Fiscal poder\u00e3o ser suspensos, facilitando e acelerando o repasse de recursos federais para o estado afetado por enchentes, na maior crise clim\u00e1tica de sua hist\u00f3ria. O dinheiro usado nessa finalidade tamb\u00e9m n\u00e3o estar\u00e1 sujeito \u00e0 limita\u00e7\u00e3o de empenho.<\/p>\n<p style=\"text-align: justify;\">A medida tamb\u00e9m permite ao Rio Grande do Sul e a seus munic\u00edpios ampliar opera\u00e7\u00f5es de cr\u00e9dito e o recebimento de transfer\u00eancias volunt\u00e1rias.<\/p>\n<p style=\"text-align: justify;\">A trag\u00e9dia no Rio Grande do Sul j\u00e1 deixou 85 mortos e 339 feridos, al\u00e9m de 134 desaparecidos. Mais de 201 mil pessoas est\u00e3o fora de casa, sendo 153.824 desalojados e 47.676 em abrigos p\u00fablicos.<\/p>\n<p style=\"text-align: justify;\">O presidente da C\u00e2mara, Arthur Lira, informou que os deputados da bancada ga\u00facha foram liberados nesta semana da presen\u00e7a no plen\u00e1rio, no entanto a Casa ir\u00e1 buscar meios de registrar a presen\u00e7a e os votos favor\u00e1veis dos parlamentares do Rio Grande do Sul.<\/p>\n<p style=\"text-align: justify;\">Segundo o l\u00edder do governo na C\u00e2mara, deputado Jos\u00e9 Guimar\u00e3es (PT-CE), at\u00e9 quarta-feira (8) o Congresso votar\u00e1 outras medidas para auxiliar a reconstru\u00e7\u00e3o do estado, a depender das conversas entre o presidente Lula e o governador do Rio Grande do Sul, Eduardo Leite.<\/p>\n<p style=\"text-align: justify;\">\n<p style=\"text-align: justify;\">\n<p style=\"text-align: justify;\">\n<p style=\"text-align: justify;\">\n<p style=\"text-align: justify;\">\n<p style=\"text-align: justify;\">agenciabrasil<\/p>\n","protected":false},"excerpt":{"rendered":"<p>A C\u00e2mara dos Deputados aprovou na noite desta segunda-feira (6) o projeto de decreto legislativo (PDL) 236\/2024\u00a0enviado pelo governo federal\u00a0que reconhece o estado de calamidade p\u00fablica no Rio Grande do Sul at\u00e9 31 de dezembro de 2024. A medida ainda deve ser aprovada pelo Senado.\u00a0 Com isso, os limites e prazos previstos na Lei de<\/p>\n","protected":false},"author":1,"featured_media":30474,"comment_status":"open","ping_status":"open","sticky":false,"template":"","format":"standard","meta":{"_eb_attr":"","footnotes":""},"categories":[7,3],"tags":[],"class_list":["post-30469","post","type-post","status-publish","format-standard","has-post-thumbnail","hentry","category-destaque","category-politica"],"_links":{"self":[{"href":"https:\/\/portalmidia.net\/index.php\/wp-json\/wp\/v2\/posts\/30469","targetHints":{"allow":["GET"]}}],"collection":[{"href":"https:\/\/portalmidia.net\/index.php\/wp-json\/wp\/v2\/posts"}],"about":[{"href":"https:\/\/portalmidia.net\/index.php\/wp-json\/wp\/v2\/types\/post"}],"author":[{"embeddable":true,"href":"https:\/\/portalmidia.net\/index.php\/wp-json\/wp\/v2\/users\/1"}],"replies":[{"embeddable":true,"href":"https:\/\/portalmidia.net\/index.php\/wp-json\/wp\/v2\/comments?post=30469"}],"version-history":[{"count":1,"href":"https:\/\/portalmidia.net\/index.php\/wp-json\/wp\/v2\/posts\/30469\/revisions"}],"predecessor-version":[{"id":30475,"href":"https:\/\/portalmidia.net\/index.php\/wp-json\/wp\/v2\/posts\/30469\/revisions\/30475"}],"wp:featuredmedia":[{"embeddable":true,"href":"https:\/\/portalmidia.net\/index.php\/wp-json\/wp\/v2\/media\/30474"}],"wp:attachment":[{"href":"https:\/\/portalmidia.net\/index.php\/wp-json\/wp\/v2\/media?parent=30469"}],"wp:term":[{"taxonomy":"category","embeddable":true,"href":"https:\/\/portalmidia.net\/index.php\/wp-json\/wp\/v2\/categories?post=30469"},{"taxonomy":"post_tag","embeddable":true,"href":"https:\/\/portalmidia.net\/index.php\/wp-json\/wp\/v2\/tags?post=30469"}],"curies":[{"name":"wp","href":"https:\/\/api.w.org\/{rel}","templated":true}]}}