 {"id":30477,"date":"2024-05-07T08:22:55","date_gmt":"2024-05-07T11:22:55","guid":{"rendered":"https:\/\/portalmidia.net\/?p=30477"},"modified":"2024-05-07T08:22:55","modified_gmt":"2024-05-07T11:22:55","slug":"menina-de-9-anos-denuncia-abusos-de-padrasto-a-mae-pos-para-fora","status":"publish","type":"post","link":"https:\/\/portalmidia.net\/index.php\/2024\/05\/07\/menina-de-9-anos-denuncia-abusos-de-padrasto-a-mae-pos-para-fora\/","title":{"rendered":"Menina de 9 anos denuncia abusos de padrasto \u00e0 m\u00e3e: \u201cP\u00f4s para fora\u201d"},"content":{"rendered":"<p style=\"text-align: justify;\">Um homem, de 25 anos, acabou preso, ap\u00f3s a enteada, de 9,\u00a0denunciar abusos\u00a0por meio de\u00a0<a href=\"https:\/\/www.metropoles.com\/tag\/carta\" target=\"_blank\" rel=\"noopener\">uma carta<\/a>\u00a0e colocar na bolsa da m\u00e3e, em\u00a0Patos de Minas, Minas Gerais.<\/p>\n<p style=\"text-align: justify;\" data-gtm-vis-recent-on-screen104869357_94=\"111358\" data-gtm-vis-first-on-screen104869357_94=\"111358\" data-gtm-vis-total-visible-time104869357_94=\"100\" data-gtm-vis-has-fired104869357_94=\"1\">Segundo as autoridades, a m\u00e3e da menina relatou que, na ter\u00e7a-feira (30\/4), a filha pediu para que ela lesse uma carta que estava na bolsa, por\u00e9m ela acabou esquecendo. As informa\u00e7\u00f5es s\u00e3o do G1.<\/p>\n<p style=\"text-align: justify;\">Em uma parte da carta, a menina escreveu: \u201dEle colocou a m\u00e3o dentro da minha coxa, e eu tirei. Depois, ele come\u00e7ou a mexer na parte dele e p\u00f4s para fora do short\u201d.<\/p>\n<p style=\"text-align: justify;\">No dia seguinte, enquanto estava no trabalho, a m\u00e3e come\u00e7ou a receber diversas mensagens da filha contendo \u00e1udios e v\u00eddeos que evidenciavam os ass\u00e9dios cometidos pelo padrasto. O padastro foi preso ap\u00f3s a m\u00e3e pedir a uma amiga para acionar a\u00a0<a href=\"https:\/\/policiamilitar.mg.gov.br\/\" target=\"_blank\" rel=\"noopener\">Pol\u00edcia Militar.<\/a><\/p>\n<p style=\"text-align: justify;\">\n<p style=\"text-align: justify;\">\n<p style=\"text-align: justify;\">\n<p style=\"text-align: justify;\">metropoles<\/p>\n","protected":false},"excerpt":{"rendered":"<p>Um homem, de 25 anos, acabou preso, ap\u00f3s a enteada, de 9,\u00a0denunciar abusos\u00a0por meio de\u00a0uma carta\u00a0e colocar na bolsa da m\u00e3e, em\u00a0Patos de Minas, Minas Gerais. Segundo as autoridades, a m\u00e3e da menina relatou que, na ter\u00e7a-feira (30\/4), a filha pediu para que ela lesse uma carta que estava na bolsa, por\u00e9m ela acabou esquecendo.<\/p>\n","protected":false},"author":1,"featured_media":30486,"comment_status":"open","ping_status":"open","sticky":false,"template":"","format":"standard","meta":{"_eb_attr":"","footnotes":""},"categories":[7,2],"tags":[],"class_list":["post-30477","post","type-post","status-publish","format-standard","has-post-thumbnail","hentry","category-destaque","category-policial"],"_links":{"self":[{"href":"https:\/\/portalmidia.net\/index.php\/wp-json\/wp\/v2\/posts\/30477","targetHints":{"allow":["GET"]}}],"collection":[{"href":"https:\/\/portalmidia.net\/index.php\/wp-json\/wp\/v2\/posts"}],"about":[{"href":"https:\/\/portalmidia.net\/index.php\/wp-json\/wp\/v2\/types\/post"}],"author":[{"embeddable":true,"href":"https:\/\/portalmidia.net\/index.php\/wp-json\/wp\/v2\/users\/1"}],"replies":[{"embeddable":true,"href":"https:\/\/portalmidia.net\/index.php\/wp-json\/wp\/v2\/comments?post=30477"}],"version-history":[{"count":1,"href":"https:\/\/portalmidia.net\/index.php\/wp-json\/wp\/v2\/posts\/30477\/revisions"}],"predecessor-version":[{"id":30488,"href":"https:\/\/portalmidia.net\/index.php\/wp-json\/wp\/v2\/posts\/30477\/revisions\/30488"}],"wp:featuredmedia":[{"embeddable":true,"href":"https:\/\/portalmidia.net\/index.php\/wp-json\/wp\/v2\/media\/30486"}],"wp:attachment":[{"href":"https:\/\/portalmidia.net\/index.php\/wp-json\/wp\/v2\/media?parent=30477"}],"wp:term":[{"taxonomy":"category","embeddable":true,"href":"https:\/\/portalmidia.net\/index.php\/wp-json\/wp\/v2\/categories?post=30477"},{"taxonomy":"post_tag","embeddable":true,"href":"https:\/\/portalmidia.net\/index.php\/wp-json\/wp\/v2\/tags?post=30477"}],"curies":[{"name":"wp","href":"https:\/\/api.w.org\/{rel}","templated":true}]}}