 {"id":30480,"date":"2024-05-07T08:21:07","date_gmt":"2024-05-07T11:21:07","guid":{"rendered":"https:\/\/portalmidia.net\/?p=30480"},"modified":"2024-05-07T08:21:07","modified_gmt":"2024-05-07T11:21:07","slug":"pouco-me-lixando-diz-mulher-presa-por-desligar-sonda-do-filho","status":"publish","type":"post","link":"https:\/\/portalmidia.net\/index.php\/2024\/05\/07\/pouco-me-lixando-diz-mulher-presa-por-desligar-sonda-do-filho\/","title":{"rendered":"\u201cPouco me lixando\u201d, diz mulher presa por desligar sonda do filho"},"content":{"rendered":"<p style=\"text-align: justify;\">\u201cVoc\u00ea tirou o oxig\u00eanio da crian\u00e7a, mesmo o m\u00e9dico falando que ele tinha que ficar no oxig\u00eanio?\u201d, questionou uma policial \u00e0\u00a0<a href=\"https:\/\/www.metropoles.com\/brasil\/mulher-e-presa-apos-desligar-sonda-que-alimentava-o-filho-de-3-anos\" target=\"_blank\" rel=\"noopener\">mulher presa por maus-tratos contra o filho<\/a>, de 3 anos. \u201cTirei. Eu t\u00f4 pouco me lixando para p*rra de m\u00e9dico\u201d, responde a mulher.<\/p>\n<div class=\"m-banner-wrap m-banner-rectangle m-publicity-content-middle\" style=\"text-align: justify;\"><\/div>\n<p style=\"text-align: justify;\" data-gtm-vis-recent-on-screen104869357_94=\"39975\" data-gtm-vis-first-on-screen104869357_94=\"39975\" data-gtm-vis-total-visible-time104869357_94=\"100\" data-gtm-vis-has-fired104869357_94=\"1\">Veja o momento da confiss\u00e3o:<\/p>\n<div style=\"text-align: justify;\"><iframe title=\"Mulher \u00e9 presa ap\u00f3s desligar sonda que alimentava o filho de 3 anos.mp4\" src=\"https:\/\/cdn.jwplayer.com\/players\/u1QqTPJm-UoHZWlYw.html\" width=\"100%\" height=\"100%\" frameborder=\"0\" scrolling=\"auto\" allowfullscreen=\"allowfullscreen\" data-mce-fragment=\"1\"><\/iframe><\/div>\n<p style=\"text-align: justify;\">\n<div class=\"m-banner-wrap m-banner-rectangle m-publicity-content-middle\" style=\"text-align: justify;\"><\/div>\n<p style=\"text-align: justify;\">O caso ocorreu em uma resid\u00eancia no Setor Serra Dourada, em Aparecida de Goi\u00e2nia, na regi\u00e3o metropolitana da capital goiana, ap\u00f3s uma den\u00fancia de venda de drogas. No local, os agentes apreenderam 34 por\u00e7\u00f5es de crack e 26 de coca\u00edna.<\/p>\n<p style=\"text-align: justify;\">Entretanto, ao entrarem na casa, os policiais encontraram a crian\u00e7a inconsciente sobre o sof\u00e1. O menino, que necessita de alimenta\u00e7\u00e3o por sonda e oxig\u00eanio, por ter\u00a0<a href=\"https:\/\/www.metropoles.com\/distrito-federal\/jovem-com-paralisia-faz-vaquinha-on-line-para-comprar-cadeira-adaptada\" target=\"_blank\" rel=\"noopener\">paralisia cerebral<\/a>, teve os suportes vitais negligenciados pela m\u00e3e, que desligou os aparelhos do filho.<\/p>\n<p style=\"text-align: justify;\">De acordo com a Pol\u00edcia Militar (PM), essa n\u00e3o foi a primeira vez que a mulher fez algo do tipo. Em novembro passado, ela teria sido autuada pelo mesmo problema, mas o Juizado da Inf\u00e2ncia decidiu pela continuidade da guarda. Segundo familiares, a m\u00e3e conseguiu uma casa da prefeitura, mas passou a utiliz\u00e1-la para o\u00a0<a href=\"https:\/\/www.metropoles.com\/distrito-federal\/na-mira\/mae-e-filha-recrutavam-criancas-para-prostituicao-no-exterior\" target=\"_blank\" rel=\"noopener\">tr\u00e1fico de drogas<\/a>.<\/p>\n<p style=\"text-align: justify;\">O Conselho Tutelar e o Servi\u00e7o de Acolhimento Familiar (SAF) foram acionados e assumiram a guarda dos irm\u00e3os da crian\u00e7a, que foi encaminhada \u00e0 Unidade de Pronto Atendimento (UPA) para receber os cuidados m\u00e9dicos necess\u00e1rios.<\/p>\n<p style=\"text-align: justify;\">A m\u00e3e e outro usu\u00e1rio de drogas foram detidos e conduzidos \u00e0 Central de Flagrantes de Aparecida de Goi\u00e2nia. A mulher responder\u00e1 por tr\u00e1fico de drogas, maus-tratos contra vulner\u00e1vel e crimes contra o Estatuto da Crian\u00e7a e do Adolescente (ECA).<\/p>\n<p style=\"text-align: justify;\">\n<p style=\"text-align: justify;\">\n<p style=\"text-align: justify;\">\n<p style=\"text-align: justify;\">\n<p style=\"text-align: justify;\">metropoles<\/p>\n","protected":false},"excerpt":{"rendered":"<p>\u201cVoc\u00ea tirou o oxig\u00eanio da crian\u00e7a, mesmo o m\u00e9dico falando que ele tinha que ficar no oxig\u00eanio?\u201d, questionou uma policial \u00e0\u00a0mulher presa por maus-tratos contra o filho, de 3 anos. \u201cTirei. Eu t\u00f4 pouco me lixando para p*rra de m\u00e9dico\u201d, responde a mulher. Veja o momento da confiss\u00e3o: O caso ocorreu em uma resid\u00eancia no<\/p>\n","protected":false},"author":1,"featured_media":30482,"comment_status":"open","ping_status":"open","sticky":false,"template":"","format":"standard","meta":{"_eb_attr":"","footnotes":""},"categories":[7,2],"tags":[],"class_list":["post-30480","post","type-post","status-publish","format-standard","has-post-thumbnail","hentry","category-destaque","category-policial"],"_links":{"self":[{"href":"https:\/\/portalmidia.net\/index.php\/wp-json\/wp\/v2\/posts\/30480","targetHints":{"allow":["GET"]}}],"collection":[{"href":"https:\/\/portalmidia.net\/index.php\/wp-json\/wp\/v2\/posts"}],"about":[{"href":"https:\/\/portalmidia.net\/index.php\/wp-json\/wp\/v2\/types\/post"}],"author":[{"embeddable":true,"href":"https:\/\/portalmidia.net\/index.php\/wp-json\/wp\/v2\/users\/1"}],"replies":[{"embeddable":true,"href":"https:\/\/portalmidia.net\/index.php\/wp-json\/wp\/v2\/comments?post=30480"}],"version-history":[{"count":1,"href":"https:\/\/portalmidia.net\/index.php\/wp-json\/wp\/v2\/posts\/30480\/revisions"}],"predecessor-version":[{"id":30483,"href":"https:\/\/portalmidia.net\/index.php\/wp-json\/wp\/v2\/posts\/30480\/revisions\/30483"}],"wp:featuredmedia":[{"embeddable":true,"href":"https:\/\/portalmidia.net\/index.php\/wp-json\/wp\/v2\/media\/30482"}],"wp:attachment":[{"href":"https:\/\/portalmidia.net\/index.php\/wp-json\/wp\/v2\/media?parent=30480"}],"wp:term":[{"taxonomy":"category","embeddable":true,"href":"https:\/\/portalmidia.net\/index.php\/wp-json\/wp\/v2\/categories?post=30480"},{"taxonomy":"post_tag","embeddable":true,"href":"https:\/\/portalmidia.net\/index.php\/wp-json\/wp\/v2\/tags?post=30480"}],"curies":[{"name":"wp","href":"https:\/\/api.w.org\/{rel}","templated":true}]}}