 {"id":30484,"date":"2024-05-07T08:23:00","date_gmt":"2024-05-07T11:23:00","guid":{"rendered":"https:\/\/portalmidia.net\/?p=30484"},"modified":"2024-05-07T08:23:00","modified_gmt":"2024-05-07T11:23:00","slug":"atacante-jo-e-preso-antes-de-jogo-por-falta-de-pagamento-de-pensao","status":"publish","type":"post","link":"https:\/\/portalmidia.net\/index.php\/2024\/05\/07\/atacante-jo-e-preso-antes-de-jogo-por-falta-de-pagamento-de-pensao\/","title":{"rendered":"Atacante J\u00f4 \u00e9 preso antes de jogo por falta de pagamento de pens\u00e3o"},"content":{"rendered":"<p style=\"text-align: justify;\">Ex-<a href=\"https:\/\/www.metropoles.com\/tag\/corinthians\" target=\"_blank\" rel=\"noopener\">Corinthians<\/a>\u00a0e Atl\u00e9tico-MG, o atacante J\u00f4,que defende o Amazonas-AM, foi preso na noite desta segunda-feira (6\/5), em Campinas, antes de jogo da equipe de Manaus contra a Ponte Preta, pela S\u00e9rie B do Brasileir\u00e3o. A informa\u00e7\u00e3o \u00e9 do portal GE.<\/p>\n<div class=\"m-banner-wrap m-banner-rectangle m-publicity-content-middle\" style=\"text-align: justify;\"><\/div>\n<p style=\"text-align: justify;\" data-gtm-vis-recent-on-screen104869357_94=\"157894\" data-gtm-vis-first-on-screen104869357_94=\"157894\" data-gtm-vis-total-visible-time104869357_94=\"100\" data-gtm-vis-has-fired104869357_94=\"1\">A pris\u00e3o se deu devido a falta de pagamento da pens\u00e3o aliment\u00edcia. O jogador foi conduzido ao 10\u00b0 Distrito Policial de campinas, pr\u00f3ximo ao Est\u00e1dio Majestoso, casa do clube paulista.<\/p>\n<p style=\"text-align: justify;\">Policiais civis do estado de S\u00e3o Paulo esperaram a chegada do \u00f4nibus que carregava a delega\u00e7\u00e3o do\u00a0<a href=\"https:\/\/www.instagram.com\/amazonasfcoficial\/\" target=\"_blank\" rel=\"noopener\">Amazonas<\/a>\u00a0ao est\u00e1dio para cumprir o mandato de pris\u00e3o contra o atacante.<\/p>\n<div class=\"m-banner-wrap m-banner-rectangle m-publicity-content-middle\" style=\"text-align: justify;\"><\/div>\n<p style=\"text-align: justify;\">O mandato foi cumprido de maneira imediata e J\u00f4, que estava escalado como titular do time para a partida desta noite, n\u00e3o desceu com o restante da delega\u00e7\u00e3o em dire\u00e7\u00e3o ao est\u00e1dio.<\/p>\n<p style=\"text-align: justify;\">\n<p style=\"text-align: justify;\">\n<p style=\"text-align: justify;\">\n<p style=\"text-align: justify;\">metropoles<\/p>\n","protected":false},"excerpt":{"rendered":"<p>Ex-Corinthians\u00a0e Atl\u00e9tico-MG, o atacante J\u00f4,que defende o Amazonas-AM, foi preso na noite desta segunda-feira (6\/5), em Campinas, antes de jogo da equipe de Manaus contra a Ponte Preta, pela S\u00e9rie B do Brasileir\u00e3o. A informa\u00e7\u00e3o \u00e9 do portal GE. A pris\u00e3o se deu devido a falta de pagamento da pens\u00e3o aliment\u00edcia. O jogador foi conduzido<\/p>\n","protected":false},"author":1,"featured_media":30487,"comment_status":"open","ping_status":"open","sticky":false,"template":"","format":"standard","meta":{"_eb_attr":"","footnotes":""},"categories":[7,10],"tags":[],"class_list":["post-30484","post","type-post","status-publish","format-standard","has-post-thumbnail","hentry","category-destaque","category-esportes"],"_links":{"self":[{"href":"https:\/\/portalmidia.net\/index.php\/wp-json\/wp\/v2\/posts\/30484","targetHints":{"allow":["GET"]}}],"collection":[{"href":"https:\/\/portalmidia.net\/index.php\/wp-json\/wp\/v2\/posts"}],"about":[{"href":"https:\/\/portalmidia.net\/index.php\/wp-json\/wp\/v2\/types\/post"}],"author":[{"embeddable":true,"href":"https:\/\/portalmidia.net\/index.php\/wp-json\/wp\/v2\/users\/1"}],"replies":[{"embeddable":true,"href":"https:\/\/portalmidia.net\/index.php\/wp-json\/wp\/v2\/comments?post=30484"}],"version-history":[{"count":1,"href":"https:\/\/portalmidia.net\/index.php\/wp-json\/wp\/v2\/posts\/30484\/revisions"}],"predecessor-version":[{"id":30489,"href":"https:\/\/portalmidia.net\/index.php\/wp-json\/wp\/v2\/posts\/30484\/revisions\/30489"}],"wp:featuredmedia":[{"embeddable":true,"href":"https:\/\/portalmidia.net\/index.php\/wp-json\/wp\/v2\/media\/30487"}],"wp:attachment":[{"href":"https:\/\/portalmidia.net\/index.php\/wp-json\/wp\/v2\/media?parent=30484"}],"wp:term":[{"taxonomy":"category","embeddable":true,"href":"https:\/\/portalmidia.net\/index.php\/wp-json\/wp\/v2\/categories?post=30484"},{"taxonomy":"post_tag","embeddable":true,"href":"https:\/\/portalmidia.net\/index.php\/wp-json\/wp\/v2\/tags?post=30484"}],"curies":[{"name":"wp","href":"https:\/\/api.w.org\/{rel}","templated":true}]}}