 {"id":30491,"date":"2024-05-07T08:26:35","date_gmt":"2024-05-07T11:26:35","guid":{"rendered":"https:\/\/portalmidia.net\/?p=30491"},"modified":"2024-05-07T08:26:35","modified_gmt":"2024-05-07T11:26:35","slug":"veja-quem-esteve-na-festa-para-madonna-organizada-por-huck","status":"publish","type":"post","link":"https:\/\/portalmidia.net\/index.php\/2024\/05\/07\/veja-quem-esteve-na-festa-para-madonna-organizada-por-huck\/","title":{"rendered":"Veja quem esteve na festa para Madonna organizada por Huck"},"content":{"rendered":"<p style=\"text-align: justify;\">Ap\u00f3s o\u00a0show hist\u00f3rico de Madonna na praia de Copacabana, no Rio de Janeiro, a Rainha do Pop marcou presen\u00e7a na festa oferecida pelo apresentador\u00a0<a href=\"https:\/\/www.metropoles.com\/brasil\/madonna-fica-ate-as-4-horas-em-festa-de-luciano-huck-apos-show-no-rio\">Luciano Huck<\/a>\u00a0no restaurante japon\u00eas do Copacabana Palace, mesmo hotel em que a estrela ficou hospedada.<\/p>\n<div class=\"m-banner-wrap m-banner-rectangle m-publicity-content-middle\" style=\"text-align: justify;\"><\/div>\n<p style=\"text-align: justify;\" data-gtm-vis-recent-on-screen104869357_94=\"371187\" data-gtm-vis-first-on-screen104869357_94=\"371187\" data-gtm-vis-total-visible-time104869357_94=\"100\" data-gtm-vis-has-fired104869357_94=\"1\">Segundo Leo Dias, a comemora\u00e7\u00e3o foi intimista, com cerca de 150 convidados, entre eles, alguns famosos.<\/p>\n<p style=\"text-align: justify;\">Estiveram na festan\u00e7a VIP: Sabrina Sato, Marina Sena, Pabllo Vittar, Anitta, Luciano Huck, Ang\u00e9lica, Nicolas Prattes e, claro, a pr\u00f3pria Rainha do Pop, que teria sa\u00eddo do local \u00e0s 4 horas do domingo (5\/5).<\/p>\n<p style=\"text-align: justify;\">Anitta e Pabllo, que estiveram no palco da The Celebration Tour, posaram com Ang\u00e9lica, esposa de Luciano, logo no in\u00edcio. Ao longo da noite, as duas foram tietadas por v\u00e1rias pessoas.<\/p>\n<p style=\"text-align: justify;\">A m\u00fasica durante a noite ficou por conta dos DJs Diplo, que fez parte do line up de abertura da The Celebration, e de Thiago Mansur, tamb\u00e9m conhecido por ser casado com a jornalista Gabriela Prioli.<\/p>\n<p style=\"text-align: justify;\">\n<p style=\"text-align: justify;\">\n<p style=\"text-align: justify;\">\n<p style=\"text-align: justify;\">\n<p style=\"text-align: justify;\">\n<p style=\"text-align: justify;\">\n<p style=\"text-align: justify;\">metropoles<\/p>\n","protected":false},"excerpt":{"rendered":"<p>Ap\u00f3s o\u00a0show hist\u00f3rico de Madonna na praia de Copacabana, no Rio de Janeiro, a Rainha do Pop marcou presen\u00e7a na festa oferecida pelo apresentador\u00a0Luciano Huck\u00a0no restaurante japon\u00eas do Copacabana Palace, mesmo hotel em que a estrela ficou hospedada. Segundo Leo Dias, a comemora\u00e7\u00e3o foi intimista, com cerca de 150 convidados, entre eles, alguns famosos. Estiveram<\/p>\n","protected":false},"author":1,"featured_media":30496,"comment_status":"open","ping_status":"open","sticky":false,"template":"","format":"standard","meta":{"_eb_attr":"","footnotes":""},"categories":[7,11],"tags":[],"class_list":["post-30491","post","type-post","status-publish","format-standard","has-post-thumbnail","hentry","category-destaque","category-famosos"],"_links":{"self":[{"href":"https:\/\/portalmidia.net\/index.php\/wp-json\/wp\/v2\/posts\/30491","targetHints":{"allow":["GET"]}}],"collection":[{"href":"https:\/\/portalmidia.net\/index.php\/wp-json\/wp\/v2\/posts"}],"about":[{"href":"https:\/\/portalmidia.net\/index.php\/wp-json\/wp\/v2\/types\/post"}],"author":[{"embeddable":true,"href":"https:\/\/portalmidia.net\/index.php\/wp-json\/wp\/v2\/users\/1"}],"replies":[{"embeddable":true,"href":"https:\/\/portalmidia.net\/index.php\/wp-json\/wp\/v2\/comments?post=30491"}],"version-history":[{"count":1,"href":"https:\/\/portalmidia.net\/index.php\/wp-json\/wp\/v2\/posts\/30491\/revisions"}],"predecessor-version":[{"id":30499,"href":"https:\/\/portalmidia.net\/index.php\/wp-json\/wp\/v2\/posts\/30491\/revisions\/30499"}],"wp:featuredmedia":[{"embeddable":true,"href":"https:\/\/portalmidia.net\/index.php\/wp-json\/wp\/v2\/media\/30496"}],"wp:attachment":[{"href":"https:\/\/portalmidia.net\/index.php\/wp-json\/wp\/v2\/media?parent=30491"}],"wp:term":[{"taxonomy":"category","embeddable":true,"href":"https:\/\/portalmidia.net\/index.php\/wp-json\/wp\/v2\/categories?post=30491"},{"taxonomy":"post_tag","embeddable":true,"href":"https:\/\/portalmidia.net\/index.php\/wp-json\/wp\/v2\/tags?post=30491"}],"curies":[{"name":"wp","href":"https:\/\/api.w.org\/{rel}","templated":true}]}}