 {"id":30505,"date":"2024-05-07T08:30:44","date_gmt":"2024-05-07T11:30:44","guid":{"rendered":"https:\/\/portalmidia.net\/?p=30505"},"modified":"2024-05-07T08:30:44","modified_gmt":"2024-05-07T11:30:44","slug":"um-dia-apos-alta-datena-volta-a-ser-internado-e-faz-nova-cirurgia","status":"publish","type":"post","link":"https:\/\/portalmidia.net\/index.php\/2024\/05\/07\/um-dia-apos-alta-datena-volta-a-ser-internado-e-faz-nova-cirurgia\/","title":{"rendered":"Um dia ap\u00f3s alta, Datena volta a ser internado e faz nova cirurgia"},"content":{"rendered":"<p style=\"text-align: justify;\">Apenas um dia ap\u00f3s receber alta,\u00a0<a href=\"https:\/\/www.instagram.com\/datenareal\/\" target=\"_blank\" rel=\"noopener\">Jos\u00e9 Luiz Datena<\/a>\u00a0precisou voltar ao hospital e fazer uma nova cirurgia no per\u00edneo. De acordo com o colunista Fl\u00e1vio Ricco, do portal R7, o apresentador do Brasil Urgente apresentou outro sangramento e, por isso, passou por um novo procedimento no domingo (5\/5).<\/p>\n<div class=\"m-banner-wrap m-banner-rectangle m-publicity-content-middle\" style=\"text-align: justify;\"><\/div>\n<p style=\"text-align: justify;\" data-gtm-vis-recent-on-screen104869357_94=\"30009\" data-gtm-vis-first-on-screen104869357_94=\"30009\" data-gtm-vis-total-visible-time104869357_94=\"100\" data-gtm-vis-has-fired104869357_94=\"1\">Ainda segundo o jornalista, Datena agora est\u00e1 se recuperando na UTI (Unidade de Terapia Intensiva). O hospital para onde ele foi levado n\u00e3o foi revelado. Na \u00faltima quinta-feira (2\/5), o paciente j\u00e1 havia sido submetido a uma opera\u00e7\u00e3o na mesma regi\u00e3o. No s\u00e1bado (4\/5), o apresentador foi para casa, mas voltou a passar mal.<\/p>\n<p style=\"text-align: justify;\">Ap\u00f3s a primeira opera\u00e7\u00e3o, ele chegou a falar sobre o assunto, sem dar muitos detalhes: \u201cAcabei de fazer uma cirurgia, cara. Estou na UTI do S\u00edrio e estou bem. Foi uma cirurgia de quest\u00e3o t\u00e9cnica, nada importante\u201d, declarou, em conversa com o Splash, do UOL.<\/p>\n<div class=\"m-banner-wrap m-banner-rectangle m-publicity-content-middle\" style=\"text-align: justify;\"><\/div>\n<p style=\"text-align: justify;\">Vale lembrar que Datena est\u00e1 afastado do Brasil Urgente desde o \u00faltimo dia 29. Desde ent\u00e3o, o primog\u00eanito dele, Joel Miranda, \u00e9 quem tem comandado o programa.<\/p>\n<h4 style=\"text-align: justify;\">Cirurgias no fim do ano<\/h4>\n<p style=\"text-align: justify;\">Quando se recuperava de duas cirurgias delicadas, em outubro do ano passado, Jos\u00e9 Luiz Datena usou as redes sociais para atualizar seu estado de sa\u00fade.\u00a0Nos stories do Instagram, o jornalista agradeceu as ora\u00e7\u00f5es dos f\u00e3s e ainda lamentou a perda de uma familiar.<\/p>\n<p style=\"text-align: justify;\">\u201cEu continuo aqui na Unidade de Terapia Semi-intensiva do S\u00edrio. Sa\u00ed da UTI ontem [quinta-feira, 05\/10]. Agrade\u00e7o a todos pelas ora\u00e7\u00f5es. Eu fiz duas cirurgias relativamente grandes, mas com dois m\u00e9dicos de muita qualidade [\u2026]\u201d, afirmou.<\/p>\n<p style=\"text-align: justify;\">Em seguida, Datena falou sobre o falecimento de uma tia: \u201cEnt\u00e3o, gra\u00e7as a Deus, diferente da maioria do povo brasileiro, eu fui bem servido na medicina. Hoje eu estou passando por aqui, al\u00e9m de agradecer a voc\u00eas, para comunicar tamb\u00e9m o falecimento da minha tia, que foi uma pessoa muito importante na minha inf\u00e2ncia e juventude, irm\u00e3 da minha m\u00e3e querida, que h\u00e1 muito tempo eu perdi\u201d, lamentou.<\/p>\n<p style=\"text-align: justify;\">E finalizou: \u201cGostaria que voc\u00eas estendessem as ora\u00e7\u00f5es para que ela seja muito bem recebida l\u00e1 no c\u00e9u, porque \u00e9 l\u00e1 que ela est\u00e1 e l\u00e1 que ela merece estar. Eu estou vivendo um dia muito triste hoje, de verdade. Vou ficar por aqui mais um tempo e, talvez, em uma ou duas semanas eu esteja de volta. Muito obrigada, tenham um bom dia. Sa\u00fade, acima de tudo e muita f\u00e9\u201d.<\/p>\n<div class=\"m-banner-wrap m-banner-rectangle m-publicity-content-middle\" style=\"text-align: justify;\"><\/div>\n<h4 style=\"text-align: justify;\">O procedimento<\/h4>\n<p style=\"text-align: justify;\">Jos\u00e9 Luiz Datena, que informou seu afastamento do Brasil Urgente no fim de setembro para cuidar da sa\u00fade, passou por duas cirurgias card\u00edacas no in\u00edcio do m\u00eas seguinte, no Hospital S\u00edrio-Liban\u00eas, em S\u00e3o Paulo. A coluna conversou com exclusividade com o filho do apresentador, Joel Datena, que estava substituindo o pai no telejornal da Band.<\/p>\n<p style=\"text-align: justify;\">\u201cCorreu tudo bem, gra\u00e7as a Deus. Uma cirurgia tranquila, dentro do normal. J\u00e1 est\u00e1 em plena recupera\u00e7\u00e3o. Deve ser uma recupera\u00e7\u00e3o r\u00e1pida, com toda certeza, porque ele \u00e9 forte. Fora que correu tudo muito bem, [cirurgia] feita por grandes profissionais. Agora \u00e9 s\u00f3 esperar [a recupera\u00e7\u00e3o]\u201d, disse.<\/p>\n<p style=\"text-align: justify;\">Joel ainda ressaltou que em breve Datena retorna \u00e0s telinhas: \u201cTalvez na no final da semana que vem, no mais tardar na outra [semana], ele j\u00e1 esteja de volta, t\u00e1? Est\u00e1 tudo legal gra\u00e7as a Deus!\u201d.<\/p>\n<p style=\"text-align: justify;\">Na \u00e9poca do an\u00fancio do procedimento, Datena refor\u00e7ou sua f\u00e9 no sagrado e nos m\u00e9dicos. \u201cEu tenho a impress\u00e3o de que Deus vai me ajudar muito. Mas, mesmo com bons m\u00e9dicos, mesmo com um excelente hospital. Eu gostaria que voc\u00eas orassem por mim e rezassem por mim, porque eu confio muito nos m\u00e9dicos, mas eu confio que Deus ilumina os m\u00e9dicos\u201d.<\/p>\n<p style=\"text-align: justify;\">E explicou sobre o problema e o motivo de passar pelo hospital: \u201cS\u00e3o duas cirurgias meio que complexas, porque eu j\u00e1 tenho seis stents no cora\u00e7\u00e3o. Espero que voc\u00eas orem por mim e que, em uns cinco, seis dias, eu possa voltar a estar com voc\u00eas\u201d.<\/p>\n<p style=\"text-align: justify;\">\n<p style=\"text-align: justify;\">metropoles<\/p>\n","protected":false},"excerpt":{"rendered":"<p>Apenas um dia ap\u00f3s receber alta,\u00a0Jos\u00e9 Luiz Datena\u00a0precisou voltar ao hospital e fazer uma nova cirurgia no per\u00edneo. De acordo com o colunista Fl\u00e1vio Ricco, do portal R7, o apresentador do Brasil Urgente apresentou outro sangramento e, por isso, passou por um novo procedimento no domingo (5\/5). Ainda segundo o jornalista, Datena agora est\u00e1 se<\/p>\n","protected":false},"author":1,"featured_media":30510,"comment_status":"open","ping_status":"open","sticky":false,"template":"","format":"standard","meta":{"_eb_attr":"","footnotes":""},"categories":[7,11],"tags":[],"class_list":["post-30505","post","type-post","status-publish","format-standard","has-post-thumbnail","hentry","category-destaque","category-famosos"],"_links":{"self":[{"href":"https:\/\/portalmidia.net\/index.php\/wp-json\/wp\/v2\/posts\/30505","targetHints":{"allow":["GET"]}}],"collection":[{"href":"https:\/\/portalmidia.net\/index.php\/wp-json\/wp\/v2\/posts"}],"about":[{"href":"https:\/\/portalmidia.net\/index.php\/wp-json\/wp\/v2\/types\/post"}],"author":[{"embeddable":true,"href":"https:\/\/portalmidia.net\/index.php\/wp-json\/wp\/v2\/users\/1"}],"replies":[{"embeddable":true,"href":"https:\/\/portalmidia.net\/index.php\/wp-json\/wp\/v2\/comments?post=30505"}],"version-history":[{"count":1,"href":"https:\/\/portalmidia.net\/index.php\/wp-json\/wp\/v2\/posts\/30505\/revisions"}],"predecessor-version":[{"id":30511,"href":"https:\/\/portalmidia.net\/index.php\/wp-json\/wp\/v2\/posts\/30505\/revisions\/30511"}],"wp:featuredmedia":[{"embeddable":true,"href":"https:\/\/portalmidia.net\/index.php\/wp-json\/wp\/v2\/media\/30510"}],"wp:attachment":[{"href":"https:\/\/portalmidia.net\/index.php\/wp-json\/wp\/v2\/media?parent=30505"}],"wp:term":[{"taxonomy":"category","embeddable":true,"href":"https:\/\/portalmidia.net\/index.php\/wp-json\/wp\/v2\/categories?post=30505"},{"taxonomy":"post_tag","embeddable":true,"href":"https:\/\/portalmidia.net\/index.php\/wp-json\/wp\/v2\/tags?post=30505"}],"curies":[{"name":"wp","href":"https:\/\/api.w.org\/{rel}","templated":true}]}}