 {"id":30508,"date":"2024-05-07T08:32:06","date_gmt":"2024-05-07T11:32:06","guid":{"rendered":"https:\/\/portalmidia.net\/?p=30508"},"modified":"2024-05-07T08:32:06","modified_gmt":"2024-05-07T11:32:06","slug":"sobrinho-de-michael-jackson-surge-identico-ao-cantor-em-novas-fotos","status":"publish","type":"post","link":"https:\/\/portalmidia.net\/index.php\/2024\/05\/07\/sobrinho-de-michael-jackson-surge-identico-ao-cantor-em-novas-fotos\/","title":{"rendered":"Sobrinho de Michael Jackson surge id\u00eantico ao cantor em novas fotos"},"content":{"rendered":"<p style=\"text-align: justify;\">Fotos do ator e m\u00fasico Jafaar Jackson interpretando o tio, Michael Jackson, no set da\u00a0<a href=\"https:\/\/www.metropoles.com\/entretenimento\/cinema\/filme-sobre-vida-e-carreira-de-michael-jackson-ganha-data-de-estreia\" target=\"_blank\" rel=\"noopener\">cinebiografia do Rei do Pop<\/a>, foram divulgadas nas redes sociais. Confira!<\/p>\n<div class=\"m-banner-wrap m-banner-rectangle m-publicity-content-middle\" style=\"text-align: justify;\"><\/div>\n<div class=\"twitter-tweet twitter-tweet-rendered\" style=\"text-align: justify;\"><iframe id=\"twitter-widget-0\" class=\"\" title=\"X Post\" src=\"https:\/\/platform.twitter.com\/embed\/Tweet.html?creatorScreenName=Metropoles&amp;dnt=false&amp;embedId=twitter-widget-0&amp;features=eyJ0ZndfdGltZWxpbmVfbGlzdCI6eyJidWNrZXQiOltdLCJ2ZXJzaW9uIjpudWxsfSwidGZ3X2ZvbGxvd2VyX2NvdW50X3N1bnNldCI6eyJidWNrZXQiOnRydWUsInZlcnNpb24iOm51bGx9LCJ0ZndfdHdlZXRfZWRpdF9iYWNrZW5kIjp7ImJ1Y2tldCI6Im9uIiwidmVyc2lvbiI6bnVsbH0sInRmd19yZWZzcmNfc2Vzc2lvbiI6eyJidWNrZXQiOiJvbiIsInZlcnNpb24iOm51bGx9LCJ0ZndfZm9zbnJfc29mdF9pbnRlcnZlbnRpb25zX2VuYWJsZWQiOnsiYnVja2V0Ijoib24iLCJ2ZXJzaW9uIjpudWxsfSwidGZ3X21peGVkX21lZGlhXzE1ODk3Ijp7ImJ1Y2tldCI6InRyZWF0bWVudCIsInZlcnNpb24iOm51bGx9LCJ0ZndfZXhwZXJpbWVudHNfY29va2llX2V4cGlyYXRpb24iOnsiYnVja2V0IjoxMjA5NjAwLCJ2ZXJzaW9uIjpudWxsfSwidGZ3X3Nob3dfYmlyZHdhdGNoX3Bpdm90c19lbmFibGVkIjp7ImJ1Y2tldCI6Im9uIiwidmVyc2lvbiI6bnVsbH0sInRmd19kdXBsaWNhdGVfc2NyaWJlc190b19zZXR0aW5ncyI6eyJidWNrZXQiOiJvbiIsInZlcnNpb24iOm51bGx9LCJ0ZndfdXNlX3Byb2ZpbGVfaW1hZ2Vfc2hhcGVfZW5hYmxlZCI6eyJidWNrZXQiOiJvbiIsInZlcnNpb24iOm51bGx9LCJ0ZndfdmlkZW9faGxzX2R5bmFtaWNfbWFuaWZlc3RzXzE1MDgyIjp7ImJ1Y2tldCI6InRydWVfYml0cmF0ZSIsInZlcnNpb24iOm51bGx9LCJ0ZndfbGVnYWN5X3RpbWVsaW5lX3N1bnNldCI6eyJidWNrZXQiOnRydWUsInZlcnNpb24iOm51bGx9LCJ0ZndfdHdlZXRfZWRpdF9mcm9udGVuZCI6eyJidWNrZXQiOiJvbiIsInZlcnNpb24iOm51bGx9fQ%3D%3D&amp;frame=false&amp;hideCard=false&amp;hideThread=false&amp;id=1787187789630484532&amp;lang=pt&amp;origin=https%3A%2F%2Fwww.metropoles.com%2Fcelebridades%2Fsobrinho-de-michael-jackson-surge-identico-ao-cantor-em-novas-fotos&amp;sessionId=eee79b601e4ce3c8bc23c2b99fc25969d5338889&amp;siteScreenName=Metropoles&amp;theme=light&amp;widgetsVersion=2615f7e52b7e0%3A1702314776716&amp;width=550px\" frameborder=\"0\" scrolling=\"no\" allowfullscreen=\"allowfullscreen\" data-tweet-id=\"1787187789630484532\" data-mce-fragment=\"1\"><\/iframe><\/div>\n<p style=\"text-align: justify;\" data-gtm-vis-polling-id104869357_94=\"3762\">\n<div id=\"m-newsletter\" style=\"text-align: justify;\">\n<div class=\"NewsletterFormularioWrapper-sc-1niyai9-0 japShr secondary-theme\">\n<div class=\"NewsletterFormularioWrapper__Label-sc-1niyai9-2 eWqBez\">\n<div class=\"NewsletterFormularioWrapper__LabelImage-sc-1niyai9-3 ctUmJr newsletter__label-image\">De acordo com o The Hollywood Reporter, a produ\u00e7\u00e3o sobre a vida e carreira do astro deve estrear em 18 de abril de 2025.<\/div>\n<div class=\"NewsletterFormularioWrapper__LabelContent-sc-1niyai9-4 iBlxnX newsletter__label-content\">\n<p>\u201cMichael entregar\u00e1 ao p\u00fablico um retrato fascinante e honesto do homem brilhante e complicado que se tornou o Rei do Pop. O filme traz seus triunfos e trag\u00e9dias em uma escala \u00e9pica, de seu lado humano e batalhas pessoais ao seu ineg\u00e1vel talento criativo genial\u201d, diz a sinopse da cinebiografia de Michael Jackson.<\/p>\n<p>Antoine Fuqua ficar\u00e1 com a dire\u00e7\u00e3o do projeto, que ter\u00e1 produ\u00e7\u00e3o da Lionsgate e de Graham King. O filme conta ainda com o roteirista John Logan, indicado ao Oscar por seu trabalho em Gladiador, O Aviador e Hugo.<\/p>\n<h4>Rancho Neverland \u00e9 restaurado para cinebiografia de Michael Jackson<\/h4>\n<p><a href=\"https:\/\/www.metropoles.com\/celebridades\/mansao-conto-de-fadas-de-michael-jackson-e-vendida-por-r-114-milhoes\" target=\"_blank\" rel=\"noopener\">Neverland<\/a>, rancho na Calif\u00f3rnia onde\u00a0<a href=\"https:\/\/www.instagram.com\/michaeljackson\/?hl=pt\" target=\"_blank\" rel=\"noopener\">Michael Jackson<\/a>\u00a0viveu por 15 anos, foi restaurado para o filme sobre a vida do Rei do Pop, que morreu em 2009. A produ\u00e7\u00e3o, prevista para estrear nos cinemas em abril de 2025, contar\u00e1 com a propriedade restaurada.<\/p>\n<div class=\"m-banner-wrap m-banner-rectangle m-publicity-content-middle\"><\/div>\n<p>A propriedade fica perto de Santa B\u00e1rbara (EUA). As primeiras imagens da mans\u00e3o renovada foram divulgadas nesta segunda-feira (22\/40, nas redes sociais. Veja!<\/p>\n<div class=\"twitter-tweet twitter-tweet-rendered\"><iframe id=\"twitter-widget-1\" class=\"\" title=\"X Post\" src=\"https:\/\/platform.twitter.com\/embed\/Tweet.html?creatorScreenName=Metropoles&amp;dnt=false&amp;embedId=twitter-widget-1&amp;features=eyJ0ZndfdGltZWxpbmVfbGlzdCI6eyJidWNrZXQiOltdLCJ2ZXJzaW9uIjpudWxsfSwidGZ3X2ZvbGxvd2VyX2NvdW50X3N1bnNldCI6eyJidWNrZXQiOnRydWUsInZlcnNpb24iOm51bGx9LCJ0ZndfdHdlZXRfZWRpdF9iYWNrZW5kIjp7ImJ1Y2tldCI6Im9uIiwidmVyc2lvbiI6bnVsbH0sInRmd19yZWZzcmNfc2Vzc2lvbiI6eyJidWNrZXQiOiJvbiIsInZlcnNpb24iOm51bGx9LCJ0ZndfZm9zbnJfc29mdF9pbnRlcnZlbnRpb25zX2VuYWJsZWQiOnsiYnVja2V0Ijoib24iLCJ2ZXJzaW9uIjpudWxsfSwidGZ3X21peGVkX21lZGlhXzE1ODk3Ijp7ImJ1Y2tldCI6InRyZWF0bWVudCIsInZlcnNpb24iOm51bGx9LCJ0ZndfZXhwZXJpbWVudHNfY29va2llX2V4cGlyYXRpb24iOnsiYnVja2V0IjoxMjA5NjAwLCJ2ZXJzaW9uIjpudWxsfSwidGZ3X3Nob3dfYmlyZHdhdGNoX3Bpdm90c19lbmFibGVkIjp7ImJ1Y2tldCI6Im9uIiwidmVyc2lvbiI6bnVsbH0sInRmd19kdXBsaWNhdGVfc2NyaWJlc190b19zZXR0aW5ncyI6eyJidWNrZXQiOiJvbiIsInZlcnNpb24iOm51bGx9LCJ0ZndfdXNlX3Byb2ZpbGVfaW1hZ2Vfc2hhcGVfZW5hYmxlZCI6eyJidWNrZXQiOiJvbiIsInZlcnNpb24iOm51bGx9LCJ0ZndfdmlkZW9faGxzX2R5bmFtaWNfbWFuaWZlc3RzXzE1MDgyIjp7ImJ1Y2tldCI6InRydWVfYml0cmF0ZSIsInZlcnNpb24iOm51bGx9LCJ0ZndfbGVnYWN5X3RpbWVsaW5lX3N1bnNldCI6eyJidWNrZXQiOnRydWUsInZlcnNpb24iOm51bGx9LCJ0ZndfdHdlZXRfZWRpdF9mcm9udGVuZCI6eyJidWNrZXQiOiJvbiIsInZlcnNpb24iOm51bGx9fQ%3D%3D&amp;frame=false&amp;hideCard=false&amp;hideThread=false&amp;id=1782408055700767108&amp;lang=pt&amp;origin=https%3A%2F%2Fwww.metropoles.com%2Fcelebridades%2Fsobrinho-de-michael-jackson-surge-identico-ao-cantor-em-novas-fotos&amp;sessionId=eee79b601e4ce3c8bc23c2b99fc25969d5338889&amp;siteScreenName=Metropoles&amp;theme=light&amp;widgetsVersion=2615f7e52b7e0%3A1702314776716&amp;width=550px\" frameborder=\"0\" scrolling=\"no\" allowfullscreen=\"allowfullscreen\" data-tweet-id=\"1782408055700767108\"><\/iframe><\/div>\n<p>&nbsp;<\/p>\n<div class=\"m-social-coluna\"><\/div>\n<\/div>\n<\/div>\n<\/div>\n<\/div>\n<p style=\"text-align: justify;\">\n<p style=\"text-align: justify;\">\n<p style=\"text-align: justify;\">metropoles<\/p>\n","protected":false},"excerpt":{"rendered":"<p>Fotos do ator e m\u00fasico Jafaar Jackson interpretando o tio, Michael Jackson, no set da\u00a0cinebiografia do Rei do Pop, foram divulgadas nas redes sociais. Confira! De acordo com o The Hollywood Reporter, a produ\u00e7\u00e3o sobre a vida e carreira do astro deve estrear em 18 de abril de 2025. \u201cMichael entregar\u00e1 ao p\u00fablico um retrato<\/p>\n","protected":false},"author":1,"featured_media":30512,"comment_status":"open","ping_status":"open","sticky":false,"template":"","format":"standard","meta":{"_eb_attr":"","footnotes":""},"categories":[7,11],"tags":[],"class_list":["post-30508","post","type-post","status-publish","format-standard","has-post-thumbnail","hentry","category-destaque","category-famosos"],"_links":{"self":[{"href":"https:\/\/portalmidia.net\/index.php\/wp-json\/wp\/v2\/posts\/30508","targetHints":{"allow":["GET"]}}],"collection":[{"href":"https:\/\/portalmidia.net\/index.php\/wp-json\/wp\/v2\/posts"}],"about":[{"href":"https:\/\/portalmidia.net\/index.php\/wp-json\/wp\/v2\/types\/post"}],"author":[{"embeddable":true,"href":"https:\/\/portalmidia.net\/index.php\/wp-json\/wp\/v2\/users\/1"}],"replies":[{"embeddable":true,"href":"https:\/\/portalmidia.net\/index.php\/wp-json\/wp\/v2\/comments?post=30508"}],"version-history":[{"count":1,"href":"https:\/\/portalmidia.net\/index.php\/wp-json\/wp\/v2\/posts\/30508\/revisions"}],"predecessor-version":[{"id":30513,"href":"https:\/\/portalmidia.net\/index.php\/wp-json\/wp\/v2\/posts\/30508\/revisions\/30513"}],"wp:featuredmedia":[{"embeddable":true,"href":"https:\/\/portalmidia.net\/index.php\/wp-json\/wp\/v2\/media\/30512"}],"wp:attachment":[{"href":"https:\/\/portalmidia.net\/index.php\/wp-json\/wp\/v2\/media?parent=30508"}],"wp:term":[{"taxonomy":"category","embeddable":true,"href":"https:\/\/portalmidia.net\/index.php\/wp-json\/wp\/v2\/categories?post=30508"},{"taxonomy":"post_tag","embeddable":true,"href":"https:\/\/portalmidia.net\/index.php\/wp-json\/wp\/v2\/tags?post=30508"}],"curies":[{"name":"wp","href":"https:\/\/api.w.org\/{rel}","templated":true}]}}