 {"id":30514,"date":"2024-05-07T08:33:34","date_gmt":"2024-05-07T11:33:34","guid":{"rendered":"https:\/\/portalmidia.net\/?p=30514"},"modified":"2024-05-07T08:33:34","modified_gmt":"2024-05-07T11:33:34","slug":"estado-de-saude-de-kate-middleton-pode-ter-se-agravado-dizem-jornais","status":"publish","type":"post","link":"https:\/\/portalmidia.net\/index.php\/2024\/05\/07\/estado-de-saude-de-kate-middleton-pode-ter-se-agravado-dizem-jornais\/","title":{"rendered":"Estado de sa\u00fade de Kate Middleton pode ter se agravado, dizem jornais"},"content":{"rendered":"<p style=\"text-align: justify;\">\n<p style=\"text-align: justify;\">De acordo com os portais portugueses\u00a0<a href=\"https:\/\/www.flash.pt\/celebridades\/mundo\/detalhe\/soam-os-alarmes-no-palacio-de-kensington-estado-de-kate-pode-estar-a-agravar-se\" target=\"_blank\" rel=\"noopener\">Flash!<\/a>\u00a0e\u00a0<a href=\"https:\/\/magg.sapo.pt\/celebridades\/artigos\/estado-de-saude-de-kate-middleton-podera-estar-a-agravar-se-estao-a-passar-por-um-inferno\" target=\"_blank\" rel=\"noopener\">Magg<\/a>,\u00a0<a href=\"https:\/\/www.metropoles.com\/colunas\/claudia-meireles\/fotografia-inedita-de-william-e-kate-middleton-gera-rebulico-na-web\" target=\"_blank\" rel=\"noopener\">o estado de sa\u00fade de Kate Middleton pode ter se agravado<\/a>. A not\u00edcia vem \u00e0 tona ap\u00f3s uma amiga afirmar ao jornal brit\u00e2nico The Telegraph que os pr\u00edncipes de Gales \u201cest\u00e3o passando por um inferno\u201d.\u00a0A futura rainha consorte est\u00e1 em tratamento contra um c\u00e2ncer. Em mar\u00e7o, ela anunciou o diagn\u00f3stico em um v\u00eddeo postado nas redes sociais.<\/p>\n<p style=\"text-align: justify;\">\u201cSoam os alarmes no Pal\u00e1cio de Kensington: estado de Kate pode estar a agravar-se\u201d, escreveu o Flash!. O site acrescentou: \u201cO alerta foi dado por uma pessoa pr\u00f3xima dos pr\u00edncipes de Gales\u201d. No caso,\u00a0o portal se referiu \u00e0 estilista de moda infantil Amaia Arrieta. Ela \u00e9 respons\u00e1vel por alguns dos looks dos filhos da princesa de Gales,\u00a0George, Charlotte e Louis.<\/p>\n<p style=\"text-align: justify;\">\u201cNeste momento, Kate Middleton est\u00e1 fazendo tratamento de quimioterapia e as palavras de Arrieta vieram soar os alarmes, dando a entender que a doen\u00e7a da princesa de Gales pode ter se agravado\u201d, destacou o Flash! em um artigo. Na entrevista ao\u00a0<a href=\"https:\/\/www.telegraph.co.uk\/fashion\/royals\/amaia-arrieta-princess-wales-royal-children-clothes\/\" target=\"_blank\" rel=\"noopener\">The Telegraph<\/a>, Amaia mencionou que estava \u201ccom o cora\u00e7\u00e3o partido\u201d pela\u00a0<a href=\"https:\/\/www.metropoles.com\/webstories\/por-que-camilla-nao-usa-o-titulo-de-princesa-de-gales\" target=\"_blank\" rel=\"noopener\">condi\u00e7\u00e3o da princesa de Gales<\/a>.<\/p>\n<div class=\"m-banner-wrap m-banner-rectangle m-publicity-content-middle\" style=\"text-align: justify;\"><\/div>\n<p style=\"text-align: justify;\">O elo de Amaia com a fam\u00edlia de Gales come\u00e7ou em 2014, quanto o\u00a0<a href=\"https:\/\/www.metropoles.com\/tag\/principe-george\" target=\"_blank\" rel=\"noopener\">pr\u00edncipe George<\/a>\u00a0surgiu na fotografia do cart\u00e3o de Natal de William e Kate com um dos shorts criados pela estilista. Desde ent\u00e3o, a rela\u00e7\u00e3o da designer de moda infantil com a futura rainha consorte da Inglaterra s\u00f3 cresceu, afinal a expert em roupas passou a vestir\u00a0<a href=\"https:\/\/www.metropoles.com\/colunas\/claudia-meireles\/george-charlotte-e-louis-sao-preparados-para-lidar-com-doenca-de-kate\" target=\"_blank\" rel=\"noopener\">Charlotte e Louis<\/a>\u00a0anos depois.<\/p>\n<blockquote><p>\u201cVestir a realeza me d\u00e1 muito orgulho, realmente me importo com a apar\u00eancia deles. Estou com o cora\u00e7\u00e3o partido no momento, acho que eles est\u00e3o passando por um inferno, espero que eles voltem. \u00c9 muito pessoal\u201d, detalhou a estilista ao The Telegraph.<\/p><\/blockquote>\n<p style=\"text-align: justify;\">A respeito do quadro da princesa de Gales, o site Magg relatou: \u201cKate Middleton e o pr\u00edncipe William passam por um momento delicado com a doen\u00e7a da princesa\u201d. Segundo o portal, a futura rainha consorte ainda n\u00e3o voltou \u00e0s fun\u00e7\u00f5es p\u00fablicas, enquanto o sogro,\u00a0<a href=\"https:\/\/www.metropoles.com\/tag\/rei-charles-iii\" target=\"_blank\" rel=\"noopener\">o rei Charles<\/a>, tamb\u00e9m diagnosticado com c\u00e2ncer, retornou aos deveres oficiais na \u00faltima ter\u00e7a-feira (30\/4).<\/p>\n<h3 style=\"text-align: justify;\">Cronologia<\/h3>\n<p style=\"text-align: justify;\">A \u00faltima apari\u00e7\u00e3o p\u00fablica de Kate foi em um evento religioso no final de dezembro. Em 16 de janeiro,\u00a0ela se submeteu a uma \u201ccirurgia abdominal programada\u201d\u00a0e precisou ficar por mais de 10 dias hospitalizada, o que deixou a imprensa em alerta. Ap\u00f3s 13 dias internada,\u00a0a princesa de Gales retornou para casa em Windsor, nos arredores de Londres.<\/p>\n<p style=\"text-align: justify;\">Kate Middleton ficou meses fora do radar da m\u00eddia\u00a0a ponto de teorias da conspira\u00e7\u00e3o serem criadas e disseminadas. Em 22 de mar\u00e7o,\u00a0a princesa de Gales anunciou o diagn\u00f3stico de c\u00e2ncer em um v\u00eddeo. Ela revelou que a doen\u00e7a estava em fase inicial e foi descoberta ap\u00f3s a cirurgia abdominal. Na grava\u00e7\u00e3o, a futura rainha consorte pediu privacidade e que retornaria aos compromissos somente com libera\u00e7\u00e3o m\u00e9dica.<\/p>\n<p style=\"text-align: justify;\">\n<p style=\"text-align: justify;\">\n<p style=\"text-align: justify;\">\n<p style=\"text-align: justify;\">metropoles<\/p>\n","protected":false},"excerpt":{"rendered":"<p>De acordo com os portais portugueses\u00a0Flash!\u00a0e\u00a0Magg,\u00a0o estado de sa\u00fade de Kate Middleton pode ter se agravado. A not\u00edcia vem \u00e0 tona ap\u00f3s uma amiga afirmar ao jornal brit\u00e2nico The Telegraph que os pr\u00edncipes de Gales \u201cest\u00e3o passando por um inferno\u201d.\u00a0A futura rainha consorte est\u00e1 em tratamento contra um c\u00e2ncer. Em mar\u00e7o, ela anunciou o diagn\u00f3stico<\/p>\n","protected":false},"author":1,"featured_media":30518,"comment_status":"open","ping_status":"open","sticky":false,"template":"","format":"standard","meta":{"_eb_attr":"","footnotes":""},"categories":[7,11],"tags":[],"class_list":["post-30514","post","type-post","status-publish","format-standard","has-post-thumbnail","hentry","category-destaque","category-famosos"],"_links":{"self":[{"href":"https:\/\/portalmidia.net\/index.php\/wp-json\/wp\/v2\/posts\/30514","targetHints":{"allow":["GET"]}}],"collection":[{"href":"https:\/\/portalmidia.net\/index.php\/wp-json\/wp\/v2\/posts"}],"about":[{"href":"https:\/\/portalmidia.net\/index.php\/wp-json\/wp\/v2\/types\/post"}],"author":[{"embeddable":true,"href":"https:\/\/portalmidia.net\/index.php\/wp-json\/wp\/v2\/users\/1"}],"replies":[{"embeddable":true,"href":"https:\/\/portalmidia.net\/index.php\/wp-json\/wp\/v2\/comments?post=30514"}],"version-history":[{"count":1,"href":"https:\/\/portalmidia.net\/index.php\/wp-json\/wp\/v2\/posts\/30514\/revisions"}],"predecessor-version":[{"id":30519,"href":"https:\/\/portalmidia.net\/index.php\/wp-json\/wp\/v2\/posts\/30514\/revisions\/30519"}],"wp:featuredmedia":[{"embeddable":true,"href":"https:\/\/portalmidia.net\/index.php\/wp-json\/wp\/v2\/media\/30518"}],"wp:attachment":[{"href":"https:\/\/portalmidia.net\/index.php\/wp-json\/wp\/v2\/media?parent=30514"}],"wp:term":[{"taxonomy":"category","embeddable":true,"href":"https:\/\/portalmidia.net\/index.php\/wp-json\/wp\/v2\/categories?post=30514"},{"taxonomy":"post_tag","embeddable":true,"href":"https:\/\/portalmidia.net\/index.php\/wp-json\/wp\/v2\/tags?post=30514"}],"curies":[{"name":"wp","href":"https:\/\/api.w.org\/{rel}","templated":true}]}}