 {"id":31495,"date":"2024-05-18T09:14:11","date_gmt":"2024-05-18T12:14:11","guid":{"rendered":"https:\/\/portalmidia.net\/?p=31495"},"modified":"2024-05-18T09:14:11","modified_gmt":"2024-05-18T12:14:11","slug":"roupa-nova-retorna-a-campina-grande-com-turne-que-comemora-40-anos-de-carreira","status":"publish","type":"post","link":"https:\/\/portalmidia.net\/index.php\/2024\/05\/18\/roupa-nova-retorna-a-campina-grande-com-turne-que-comemora-40-anos-de-carreira\/","title":{"rendered":"Roupa Nova retorna a Campina Grande com turn\u00ea que comemora 40 anos de carreira"},"content":{"rendered":"<p style=\"text-align: justify;\">A banda\u00a0<strong>Roupa Nova<\/strong>, uma das mais longevas da hist\u00f3ria da m\u00fasica brasileira, retorna a\u00a0<a class=\"\" href=\"https:\/\/g1.globo.com\/pb\/paraiba\/cidade\/campina-grande\/\" data-mrf-link=\"https:\/\/g1.globo.com\/pb\/paraiba\/cidade\/campina-grande\/\">Campina Grande<\/a>, no Agreste da Para\u00edba, para um show que acontece no Spazzio, neste s\u00e1bado (18). A apresenta\u00e7\u00e3o do grupo faz parte da turn\u00ea em comemora\u00e7\u00e3o aos 40 anos de carreira.<\/p>\n<div id=\"chunk-7grrl\" style=\"text-align: justify;\">\n<div class=\"mc-column content-text active-extra-styles \" data-block-type=\"unstyled\" data-block-weight=\"40\" data-block-id=\"5\">\n<p class=\" content-text__container \" data-track-category=\"Link no Texto\" data-track-links=\"\" data-mrf-recirculation=\"Article links\">A \u00faltima vez que o Roupa Nova esteve na Para\u00edba foi em novembro do ano passado. Na ocasi\u00e3o, eles fizeram um show no Teatro Pedra do Reino, em\u00a0<a class=\"\" href=\"https:\/\/g1.globo.com\/pb\/paraiba\/cidade\/joao-pessoa\/\" data-mrf-link=\"https:\/\/g1.globo.com\/pb\/paraiba\/cidade\/joao-pessoa\/\">Jo\u00e3o Pessoa<\/a>, tamb\u00e9m pela turn\u00ea em comemora\u00e7\u00e3o aos 40 anos de carreira.<\/p>\n<\/div>\n<\/div>\n<div id=\"chunk-csd8c\" style=\"text-align: justify;\">\n<div class=\"content-ads content-ads--reveal\" data-block-type=\"ads\" data-block-id=\"6\"><\/div>\n<\/div>\n<div id=\"chunk-ekpbh\" style=\"text-align: justify;\">\n<div class=\"mc-column content-text active-extra-styles \" data-block-type=\"unstyled\" data-block-weight=\"38\" data-block-id=\"7\">\n<p class=\" content-text__container \" data-track-category=\"Link no Texto\" data-track-links=\"\" data-mrf-recirculation=\"Article links\">Na \u00e9poca, Serginho, baterista e vocalista do grupo, falou ao\u00a0<a class=\"\" href=\"https:\/\/g1.globo.com\/pb\/paraiba\/musica\/noticia\/2023\/11\/04\/roupa-nova-celebra-historia-que-atravessou-quatro-geracoes-com-novo-show-em-joao-pessoa.ghtml\" data-mrf-link=\"https:\/\/g1.globo.com\/pb\/paraiba\/musica\/noticia\/2023\/11\/04\/roupa-nova-celebra-historia-que-atravessou-quatro-geracoes-com-novo-show-em-joao-pessoa.ghtml\">g1<\/a>\u00a0sobre a turn\u00ea. Ele relatou que a banda conseguiu ter no\u00e7\u00e3o de sua longevidade nos pr\u00f3prios shows, ao perceber fam\u00edlias inteiras cantando grandes sucessos do Roupa Nova.<\/p>\n<\/div>\n<\/div>\n<div id=\"chunk-914iv\" style=\"text-align: justify;\">\n<div class=\"mc-column content-text active-extra-styles\" data-block-type=\"raw\" data-block-weight=\"47\" data-block-id=\"8\">\n<p class=\"content-text__container\" data-mrf-recirculation=\"Article links\">\n<blockquote class=\"content-blockquote theme-border-color-primary-before\"><p>&#8220;\u00c9 um show grande e a gente est\u00e1 comemorando e constatando que a nossa hist\u00f3ria atravessou quatro gera\u00e7\u00f5es. Hoje a gente tem o av\u00f4, o pai, o filho e o neto assistindo ao mesmo show, no mesmo evento. Isso qualquer artista do planeta gostaria de ter\u201d, relatou.<\/p><\/blockquote>\n<p>&nbsp;<\/p>\n<\/div>\n<\/div>\n<div id=\"chunk-9vp2a\" style=\"text-align: justify;\">\n<div class=\"mc-column content-text active-extra-styles \" data-block-type=\"unstyled\" data-block-weight=\"63\" data-block-id=\"9\">\n<p class=\" content-text__container \" data-track-category=\"Link no Texto\" data-track-links=\"\" data-mrf-recirculation=\"Article links\">Formada em 1980, a banda Roupa Nova conta atualmente com cinco dos seis integrantes de sua forma\u00e7\u00e3o inicial.\u00a0\u00c9 que Paulinho, vocalista, morreu v\u00edtima de Covid-19. F\u00e1bio Nestares ocupou a vaga dele, e \u00e9 acompanhado por Cleberson Horsth (teclados e vocal), Kiko (viol\u00e3o, guitarra e vocal), Nando (baixo e vocal), Ricardo Feghali (teclados, viol\u00e3o, guitarra e vocal) e Serginho (voz, bateria e vocal).<\/p>\n<\/div>\n<\/div>\n<div id=\"chunk-8pjke\" style=\"text-align: justify;\">\n<div class=\"mc-column content-text active-extra-styles \" data-block-type=\"unstyled\" data-block-weight=\"31\" data-block-id=\"10\">\n<p class=\" content-text__container \" data-track-category=\"Link no Texto\" data-track-links=\"\" data-mrf-recirculation=\"Article links\">Al\u00e9m de grandes sucessos como &#8220;Sapato Velho&#8221;, &#8220;Dona&#8221; e &#8220;Can\u00e7\u00e3o de Ver\u00e3o&#8221;, o show da turn\u00ea em comemora\u00e7\u00e3o aos 40 anos do Roupa Nova tamb\u00e9m \u00e9 marcado por homenagens a Paulinho.<\/p>\n<\/div>\n<\/div>\n<div id=\"chunk-3dtbo\" style=\"text-align: justify;\">\n<div class=\"mc-column content-text active-extra-styles \" data-block-type=\"unstyled\" data-block-weight=\"39\" data-block-id=\"13\">\n<p class=\" content-text__container \" data-track-category=\"Link no Texto\" data-track-links=\"\" data-mrf-recirculation=\"Article links\">Em Campina Grande, a apresenta\u00e7\u00e3o da banda acontece neste s\u00e1bado (18), na casa de shows Spazzio. Os port\u00f5es ser\u00e3o abertos \u00e0s 19h, e al\u00e9m do Roupa Nova tamb\u00e9m sobem ao palco o cantor Geg\u00ea Bismarck e a banda Magn\u00edficos.<\/p>\n<\/div>\n<\/div>\n<div id=\"chunk-5h15n\" style=\"text-align: justify;\">\n<div class=\"mc-column content-text active-extra-styles \" data-block-type=\"unstyled\" data-block-weight=\"21\" data-block-id=\"14\">\n<p class=\" content-text__container \" data-track-category=\"Link no Texto\" data-track-links=\"\" data-mrf-recirculation=\"Article links\">As apresenta\u00e7\u00f5es ter\u00e3o in\u00edcio com Geg\u00ea Bismarck, e em seguida Roupa Nova far\u00e1 seu show. A banda Magn\u00edficos fecha a noite.<\/p>\n<\/div>\n<\/div>\n<div id=\"chunk-9p5hn\" style=\"text-align: justify;\">\n<div class=\"mc-column content-text active-extra-styles \" data-block-type=\"unstyled\" data-block-weight=\"6\" data-block-id=\"15\">\n<p class=\" content-text__container \" data-track-category=\"Link no Texto\" data-track-links=\"\" data-mrf-recirculation=\"Article links\">Os ingressos s\u00e3o vendidos na\u00a0<a class=\"\" href=\"https:\/\/www.acessoticket.com\/roupa-nova-magnificos-no-spazzio\" target=\"_blank\" rel=\"noopener\" data-mrf-link=\"https:\/\/www.acessoticket.com\/roupa-nova-magnificos-no-spazzio\">internet<\/a>.<\/p>\n<\/div>\n<\/div>\n<p style=\"text-align: justify;\" data-track-category=\"Link no Texto\" data-track-links=\"\" data-mrf-recirculation=\"Article links\">\n<p style=\"text-align: justify;\" data-track-category=\"Link no Texto\" data-track-links=\"\" data-mrf-recirculation=\"Article links\">\n<p style=\"text-align: justify;\" data-track-category=\"Link no Texto\" data-track-links=\"\" data-mrf-recirculation=\"Article links\">\n<p style=\"text-align: justify;\" data-track-category=\"Link no Texto\" data-track-links=\"\" data-mrf-recirculation=\"Article links\">\n<p style=\"text-align: justify;\" data-track-category=\"Link no Texto\" data-track-links=\"\" data-mrf-recirculation=\"Article links\">\n<p style=\"text-align: justify;\" data-track-category=\"Link no Texto\" data-track-links=\"\" data-mrf-recirculation=\"Article links\">\n<p style=\"text-align: justify;\" data-track-category=\"Link no Texto\" data-track-links=\"\" data-mrf-recirculation=\"Article links\">G1<\/p>\n<p style=\"text-align: justify;\" data-track-category=\"Link no Texto\" data-track-links=\"\" data-mrf-recirculation=\"Article links\">\n<p style=\"text-align: justify;\" data-track-category=\"Link no Texto\" data-track-links=\"\" data-mrf-recirculation=\"Article links\">\n<p style=\"text-align: justify;\" data-track-category=\"Link no Texto\" data-track-links=\"\" data-mrf-recirculation=\"Article links\">\n","protected":false},"excerpt":{"rendered":"<p>A banda\u00a0Roupa Nova, uma das mais longevas da hist\u00f3ria da m\u00fasica brasileira, retorna a\u00a0Campina Grande, no Agreste da Para\u00edba, para um show que acontece no Spazzio, neste s\u00e1bado (18). A apresenta\u00e7\u00e3o do grupo faz parte da turn\u00ea em comemora\u00e7\u00e3o aos 40 anos de carreira. A \u00faltima vez que o Roupa Nova esteve na Para\u00edba foi<\/p>\n","protected":false},"author":1,"featured_media":31498,"comment_status":"open","ping_status":"open","sticky":false,"template":"","format":"standard","meta":{"_eb_attr":"","footnotes":""},"categories":[7,9],"tags":[],"class_list":["post-31495","post","type-post","status-publish","format-standard","has-post-thumbnail","hentry","category-destaque","category-entretenimento"],"_links":{"self":[{"href":"https:\/\/portalmidia.net\/index.php\/wp-json\/wp\/v2\/posts\/31495","targetHints":{"allow":["GET"]}}],"collection":[{"href":"https:\/\/portalmidia.net\/index.php\/wp-json\/wp\/v2\/posts"}],"about":[{"href":"https:\/\/portalmidia.net\/index.php\/wp-json\/wp\/v2\/types\/post"}],"author":[{"embeddable":true,"href":"https:\/\/portalmidia.net\/index.php\/wp-json\/wp\/v2\/users\/1"}],"replies":[{"embeddable":true,"href":"https:\/\/portalmidia.net\/index.php\/wp-json\/wp\/v2\/comments?post=31495"}],"version-history":[{"count":1,"href":"https:\/\/portalmidia.net\/index.php\/wp-json\/wp\/v2\/posts\/31495\/revisions"}],"predecessor-version":[{"id":31499,"href":"https:\/\/portalmidia.net\/index.php\/wp-json\/wp\/v2\/posts\/31495\/revisions\/31499"}],"wp:featuredmedia":[{"embeddable":true,"href":"https:\/\/portalmidia.net\/index.php\/wp-json\/wp\/v2\/media\/31498"}],"wp:attachment":[{"href":"https:\/\/portalmidia.net\/index.php\/wp-json\/wp\/v2\/media?parent=31495"}],"wp:term":[{"taxonomy":"category","embeddable":true,"href":"https:\/\/portalmidia.net\/index.php\/wp-json\/wp\/v2\/categories?post=31495"},{"taxonomy":"post_tag","embeddable":true,"href":"https:\/\/portalmidia.net\/index.php\/wp-json\/wp\/v2\/tags?post=31495"}],"curies":[{"name":"wp","href":"https:\/\/api.w.org\/{rel}","templated":true}]}}