 {"id":31641,"date":"2024-05-21T08:54:44","date_gmt":"2024-05-21T11:54:44","guid":{"rendered":"https:\/\/portalmidia.net\/?p=31641"},"modified":"2024-05-21T08:54:44","modified_gmt":"2024-05-21T11:54:44","slug":"mentor-do-sumico-de-advogada-era-amante-dela-e-armou-cilada-diz-mprj","status":"publish","type":"post","link":"https:\/\/portalmidia.net\/index.php\/2024\/05\/21\/mentor-do-sumico-de-advogada-era-amante-dela-e-armou-cilada-diz-mprj\/","title":{"rendered":"Mentor do sumi\u00e7o de advogada era amante dela e armou cilada, diz MPRJ"},"content":{"rendered":"<p style=\"text-align: justify;\">Ap\u00f3s o desaparecimento da advogada\u00a0Anic de Almeida Peixoto Herdy, de 54 anos, o\u00a0Minist\u00e9rio P\u00fablico do Rio de Janeiro (MPRJ)\u00a0denunciou quatro pessoas por extors\u00e3o mediante sequestro, inclusive o mentor do sumi\u00e7o. A den\u00fancia foi aceita pela 2\u00aa Vara Criminal da Comarca de Petr\u00f3polis, transformando os suspeitos em r\u00e9us.<\/p>\n<div class=\"m-banner-wrap m-banner-rectangle m-publicity-content-middle\" style=\"text-align: justify;\"><\/div>\n<p style=\"text-align: justify;\" data-gtm-vis-recent-on-screen104869357_94=\"431983\" data-gtm-vis-first-on-screen104869357_94=\"431983\" data-gtm-vis-total-visible-time104869357_94=\"100\" data-gtm-vis-has-fired104869357_94=\"1\">Consta no documento que o respons\u00e1vel pelo sumi\u00e7o seria amante de Anic. A defesa dela nega a rela\u00e7\u00e3o amorosa.<\/p>\n<p style=\"text-align: justify;\">Anic Herdy est\u00e1 sumida desde 29 de fevereiro. C\u00e2meras de seguran\u00e7a de um shopping de Petr\u00f3polis, na Regi\u00e3o Serrana do Rio de Janeiro, filmaram a advogada antes do desaparecimento. As imagens mostram a Anic estacionando seu carro e caminhando em dire\u00e7\u00e3o a um Jeep Compass de cor preta, em que ela entra.<\/p>\n<p style=\"text-align: justify;\">Cinco horas ap\u00f3s as filmagens das c\u00e2meras do shopping, o marido de Anic, Benjamin Cordeiro Herdy, 78 anos, herdeiro de um grupo que administra diversas universidades do Rio de Janeiro, recebeu uma mensagem sobre o sequestro da advogada. Os sequestradores solicitaram R$ 4,6 milh\u00f5es de resgate.<\/p>\n<p style=\"text-align: justify;\">O dinheiro foi pago, mas Anic segue desaparecida. Um novo inqu\u00e9rito foi aberto na 105\u00aa DP, de Petr\u00f3polis, para localizar a advogada.<\/p>\n<p style=\"text-align: justify;\">O Minist\u00e9rio P\u00fablico do Rio de Janeiro apontou como organizador do sequestro um dos funcion\u00e1rio de Herdy, Lourival Correa Netto Fadiga, conhecido como Gordo ou Fatica. Para o MPRJ, seus dois filhos e outra amante de Lourival foram c\u00famplices do crime.<\/p>\n<div id=\"chunk-b6dp2\" style=\"text-align: justify;\">\n<div class=\"mc-column content-text active-extra-styles \" data-block-type=\"unstyled\" data-block-weight=\"49\" data-block-id=\"2\">\n<p class=\" content-text__container \" data-track-category=\"Link no Texto\" data-track-links=\"\" data-mrf-recirculation=\"Article links\"><span class=\"highlight highlighted\">Gordo \u00e9 apontado pelo \u00f3rg\u00e3o como amante de Anic la e teria usado a rela\u00e7\u00e3o para atrair a advogada at\u00e9 o local onde ela foi vista pela \u00faltima vez.<\/span><\/p>\n<\/div>\n<\/div>\n<h4 style=\"text-align: justify;\">Acusa\u00e7\u00e3o do Minist\u00e9rio P\u00fablico do Rio de Janeiro contra o mentor e outros suspeitos<\/h4>\n<ul style=\"text-align: justify;\">\n<li><strong>Lourival Correa Netto Fadiga: Gordo ou Fatica<\/strong><\/li>\n<\/ul>\n<p style=\"text-align: justify;\">Foi o respons\u00e1vel pelo crime, segundo o\u00a0<a href=\"https:\/\/www.mprj.mp.br\/\" target=\"_blank\" rel=\"noopener\">MPRJ<\/a>. Ele \u00e9 o respons\u00e1vel por chamar a Anic ao Shopping P\u00e1tio Petr\u00f3polis e a levar ao local em que a mulher desapareceu. Ele se passava por policial federal para ganhar a confian\u00e7a da fam\u00edlia.<\/p>\n<div class=\"m-banner-wrap m-banner-rectangle m-publicity-content-middle\" style=\"text-align: justify;\"><\/div>\n<p style=\"text-align: justify;\">Lourival tamb\u00e9m teria sido quem encaminhou as mensagens exigindo os R$ 4,6 milh\u00f5es de Herdy para soltar a advogada. Ap\u00f3s toda a extors\u00e3o e sequestro, Gordo tamb\u00e9m foi acusado de lavar o dinheiro, comprando um carro de luxo e 950 celulares.<\/p>\n<ul style=\"text-align: justify;\">\n<li><strong>Maria Lu\u00edza Vieira Fadiga:\u00a0<\/strong><strong>filha de Lourival<\/strong><\/li>\n<\/ul>\n<p style=\"text-align: justify;\">A filha de Lourival foi acusada pelo MPRJ como c\u00famplice do crime ao ter ido \u00e0 concession\u00e1ria com o pai comprar o carro de luxo que foi posto no nome dela.<\/p>\n<p style=\"text-align: justify;\">Maria Lu\u00edza tamb\u00e9m foi acusada de lavar o dinheiro da extors\u00e3o, formalizando a compra de uma loja de conserto de celulares,\u00a0negociando os 950 aparelhos\u00a0e mantendo contato com o fornecedor paraguaio dos dispositivos. A empresa foi aberta ap\u00f3s o sequestro.<\/p>\n<ul style=\"text-align: justify;\">\n<li><strong>Henrique Vieira Fadiga: filho de Lourival<\/strong><\/li>\n<\/ul>\n<p style=\"text-align: justify;\">O filho de Lourival foi acusado por comprar d\u00f3lares para pagar o resgate e receber parte da quantia. Ele tamb\u00e9m teria ido \u00e0 concession\u00e1ria para comprar o carro junto do pai e da irm\u00e3.<\/p>\n<ul style=\"text-align: justify;\">\n<li><strong>Rebecca Azevedo dos Santos: amante de Lourival<\/strong><\/li>\n<\/ul>\n<p style=\"text-align: justify;\">Tamb\u00e9m acusada pelo Minist\u00e9rio P\u00fablico como c\u00famplice, Rebecca manteve contato, via telefone, com Lourival durante os momentos mais cr\u00edticos do sequestro e esteve no mesmo local e hor\u00e1rio que o suposto sequestrador no dia do crime.<\/p>\n<p style=\"text-align: justify;\">A amante de Gordo tamb\u00e9m teria sido a respons\u00e1vel por manter as atividades criminosas ap\u00f3s a pris\u00e3o dele, indo \u00e0 Foz do Igua\u00e7u solucionar a compra dos aparelhos de celular e ajudando a esconder as evid\u00eancias do crime e o dinheiro da extors\u00e3o.<\/p>\n<p style=\"text-align: justify;\">\n<p style=\"text-align: justify;\">\n<p style=\"text-align: justify;\">\n<p style=\"text-align: justify;\">metropoles<\/p>\n","protected":false},"excerpt":{"rendered":"<p>Ap\u00f3s o desaparecimento da advogada\u00a0Anic de Almeida Peixoto Herdy, de 54 anos, o\u00a0Minist\u00e9rio P\u00fablico do Rio de Janeiro (MPRJ)\u00a0denunciou quatro pessoas por extors\u00e3o mediante sequestro, inclusive o mentor do sumi\u00e7o. A den\u00fancia foi aceita pela 2\u00aa Vara Criminal da Comarca de Petr\u00f3polis, transformando os suspeitos em r\u00e9us. Consta no documento que o respons\u00e1vel pelo sumi\u00e7o<\/p>\n","protected":false},"author":1,"featured_media":31643,"comment_status":"open","ping_status":"open","sticky":false,"template":"","format":"standard","meta":{"_eb_attr":"","footnotes":""},"categories":[7,2],"tags":[],"class_list":["post-31641","post","type-post","status-publish","format-standard","has-post-thumbnail","hentry","category-destaque","category-policial"],"_links":{"self":[{"href":"https:\/\/portalmidia.net\/index.php\/wp-json\/wp\/v2\/posts\/31641","targetHints":{"allow":["GET"]}}],"collection":[{"href":"https:\/\/portalmidia.net\/index.php\/wp-json\/wp\/v2\/posts"}],"about":[{"href":"https:\/\/portalmidia.net\/index.php\/wp-json\/wp\/v2\/types\/post"}],"author":[{"embeddable":true,"href":"https:\/\/portalmidia.net\/index.php\/wp-json\/wp\/v2\/users\/1"}],"replies":[{"embeddable":true,"href":"https:\/\/portalmidia.net\/index.php\/wp-json\/wp\/v2\/comments?post=31641"}],"version-history":[{"count":1,"href":"https:\/\/portalmidia.net\/index.php\/wp-json\/wp\/v2\/posts\/31641\/revisions"}],"predecessor-version":[{"id":31644,"href":"https:\/\/portalmidia.net\/index.php\/wp-json\/wp\/v2\/posts\/31641\/revisions\/31644"}],"wp:featuredmedia":[{"embeddable":true,"href":"https:\/\/portalmidia.net\/index.php\/wp-json\/wp\/v2\/media\/31643"}],"wp:attachment":[{"href":"https:\/\/portalmidia.net\/index.php\/wp-json\/wp\/v2\/media?parent=31641"}],"wp:term":[{"taxonomy":"category","embeddable":true,"href":"https:\/\/portalmidia.net\/index.php\/wp-json\/wp\/v2\/categories?post=31641"},{"taxonomy":"post_tag","embeddable":true,"href":"https:\/\/portalmidia.net\/index.php\/wp-json\/wp\/v2\/tags?post=31641"}],"curies":[{"name":"wp","href":"https:\/\/api.w.org\/{rel}","templated":true}]}}