 {"id":33286,"date":"2024-06-22T00:19:53","date_gmt":"2024-06-22T03:19:53","guid":{"rendered":"https:\/\/portalmidia.net\/?p=33286"},"modified":"2024-06-22T00:19:53","modified_gmt":"2024-06-22T03:19:53","slug":"em-meio-a-greve-lula-dispara-nao-tenho-medo-de-reitor-video","status":"publish","type":"post","link":"https:\/\/portalmidia.net\/index.php\/2024\/06\/22\/em-meio-a-greve-lula-dispara-nao-tenho-medo-de-reitor-video\/","title":{"rendered":"Em meio \u00e0 greve, Lula dispara: \u201cN\u00e3o tenho medo de reitor\u201d. V\u00eddeo"},"content":{"rendered":"<p style=\"text-align: justify;\">O presidente\u00a0<a href=\"https:\/\/www.metropoles.com\/tag\/lula\" target=\"_blank\" rel=\"noopener\">Luiz In\u00e1cio Lula da Silva (PT)<\/a>\u00a0afirmou nesta sexta-feira (21\/6), durante um discurso no Maranh\u00e3o, que \u201cn\u00e3o tem medo de reitor\u201d. A declara\u00e7\u00e3o ocorre em meio \u00e0 greve de professores e t\u00e9cnicos de universidades e institutos federais pelo pa\u00eds.<\/p>\n<p style=\"text-align: justify;\" data-gtm-vis-recent-on-screen104869357_94=\"20678\" data-gtm-vis-first-on-screen104869357_94=\"20678\" data-gtm-vis-total-visible-time104869357_94=\"100\" data-gtm-vis-has-fired104869357_94=\"1\">O chefe do Executivo criticou o ex-presidente\u00a0<a href=\"https:\/\/www.metropoles.com\/tag\/jair-bolsonaro\" target=\"_blank\" rel=\"noopener\">Jair Bolsonaro (PL)<\/a>\u00a0por n\u00e3o ter recebido representantes de universidades durante o mandato.<\/p>\n<p style=\"text-align: justify;\">\u201cEu, em apenas um ano e sete meses, j\u00e1 convidei duas reuni\u00f5es de todos reitores do Brasil, das universidades e dos institutos federais, porque eu n\u00e3o tenho medo de reitor e esse dedo que falta n\u00e3o foram eles que morderam. Eu perdi numa f\u00e1brica, e portanto, eu quero ter uma rela\u00e7\u00e3o mais democr\u00e1tica poss\u00edvel\u201d, disse Lula.<\/p>\n<p style=\"text-align: justify;\">O governo Lula prop\u00f4s um reajuste em duas parcelas, v\u00e1lido para os dois pr\u00f3ximos anos e dividido da seguinte maneira: 9% em janeiro de 2025 e 3,5% em maio de 2026.<\/p>\n<p style=\"text-align: justify;\">Professores de universidades e institutos federais t\u00eam at\u00e9 esta sexta-feira (21\/6) para fazerem suas assembleias e deliberar sobre o acordo com o governo federal e o fim da greve docente. No domingo (23\/6), a dire\u00e7\u00e3o dever\u00e1 reunir os resultados dessas assembleias.<\/p>\n<p style=\"text-align: justify;\">Nessa quinta-feira, a\u00a0<a href=\"https:\/\/www.metropoles.com\/distrito-federal\/educacao-df\/fim-da-greve-professores-da-unb-aceitam-proposta-do-governo\" target=\"_blank\" rel=\"noopener\">Universidade de Bras\u00edlia (UnB) anunciou o fim da greve para os docentes<\/a>. T\u00e9cnicos-administrativos seguem paralisados.<\/p>\n<p style=\"text-align: justify;\">O chefe do Executivo cumpre agendas pelo Nordeste desde quinta-feira (20\/6). Ap\u00f3s passagens por Cear\u00e1 e Piau\u00ed, Lula desembarcou em S\u00e3o Lu\u00eds, no Maranh\u00e3o, na tarde desta sexta-feira.<\/p>\n<p style=\"text-align: justify;\">Na capital maranhense, o presidente fez an\u00fancios de novas contrata\u00e7\u00f5es do programa Luz para Todos, da obra de extens\u00e3o da Avenida Litor\u00e2nea e a constru\u00e7\u00e3o de espa\u00e7os esportivos comunit\u00e1rios em 31 munic\u00edpios do estado.<\/p>\n<p style=\"text-align: justify;\"><em>Metr\u00f3poles<\/em><\/p>\n","protected":false},"excerpt":{"rendered":"<p>O presidente\u00a0Luiz In\u00e1cio Lula da Silva (PT)\u00a0afirmou nesta sexta-feira (21\/6), durante um discurso no Maranh\u00e3o, que \u201cn\u00e3o tem medo de reitor\u201d. A declara\u00e7\u00e3o ocorre em meio \u00e0 greve de professores e t\u00e9cnicos de universidades e institutos federais pelo pa\u00eds. O chefe do Executivo criticou o ex-presidente\u00a0Jair Bolsonaro (PL)\u00a0por n\u00e3o ter recebido representantes de universidades durante<\/p>\n","protected":false},"author":1,"featured_media":33287,"comment_status":"open","ping_status":"open","sticky":false,"template":"","format":"standard","meta":{"_eb_attr":"","footnotes":""},"categories":[7,13],"tags":[],"class_list":["post-33286","post","type-post","status-publish","format-standard","has-post-thumbnail","hentry","category-destaque","category-noticias"],"_links":{"self":[{"href":"https:\/\/portalmidia.net\/index.php\/wp-json\/wp\/v2\/posts\/33286","targetHints":{"allow":["GET"]}}],"collection":[{"href":"https:\/\/portalmidia.net\/index.php\/wp-json\/wp\/v2\/posts"}],"about":[{"href":"https:\/\/portalmidia.net\/index.php\/wp-json\/wp\/v2\/types\/post"}],"author":[{"embeddable":true,"href":"https:\/\/portalmidia.net\/index.php\/wp-json\/wp\/v2\/users\/1"}],"replies":[{"embeddable":true,"href":"https:\/\/portalmidia.net\/index.php\/wp-json\/wp\/v2\/comments?post=33286"}],"version-history":[{"count":1,"href":"https:\/\/portalmidia.net\/index.php\/wp-json\/wp\/v2\/posts\/33286\/revisions"}],"predecessor-version":[{"id":33288,"href":"https:\/\/portalmidia.net\/index.php\/wp-json\/wp\/v2\/posts\/33286\/revisions\/33288"}],"wp:featuredmedia":[{"embeddable":true,"href":"https:\/\/portalmidia.net\/index.php\/wp-json\/wp\/v2\/media\/33287"}],"wp:attachment":[{"href":"https:\/\/portalmidia.net\/index.php\/wp-json\/wp\/v2\/media?parent=33286"}],"wp:term":[{"taxonomy":"category","embeddable":true,"href":"https:\/\/portalmidia.net\/index.php\/wp-json\/wp\/v2\/categories?post=33286"},{"taxonomy":"post_tag","embeddable":true,"href":"https:\/\/portalmidia.net\/index.php\/wp-json\/wp\/v2\/tags?post=33286"}],"curies":[{"name":"wp","href":"https:\/\/api.w.org\/{rel}","templated":true}]}}