 {"id":33585,"date":"2024-06-29T09:34:13","date_gmt":"2024-06-29T12:34:13","guid":{"rendered":"https:\/\/portalmidia.net\/?p=33585"},"modified":"2024-06-29T09:34:13","modified_gmt":"2024-06-29T12:34:13","slug":"ex-ceo-da-americanas-preso-na-espanha-adiou-volta-ao-brasil-2-vezes","status":"publish","type":"post","link":"https:\/\/portalmidia.net\/index.php\/2024\/06\/29\/ex-ceo-da-americanas-preso-na-espanha-adiou-volta-ao-brasil-2-vezes\/","title":{"rendered":"Ex-CEO da Americanas preso na Espanha adiou volta ao Brasil 2 vezes"},"content":{"rendered":"<p style=\"text-align: justify;\">Ao pedir a pris\u00e3o do ex-CEO da\u00a0<a href=\"https:\/\/www.americanas.com.br\/#modal-splashscreen\" rel=\"noopener\">Americanas<\/a>\u00a0Miguel Gutierrez, a Pol\u00edcia Federal (<a href=\"https:\/\/www.gov.br\/pf\/pt-br\" rel=\"noopener\">PF<\/a>) afirmou que o executivo adiou duas vezes sua volta ao Brasil em meio \u00e0 investiga\u00e7\u00e3o sobre a fraude bilion\u00e1ria na varejista. Segundo a PF, um equ\u00edvoco na juntada de uma decis\u00e3o judicial ao recurso de um dos investigados pode ter servido para que Gutierrez soubesse que seria alvo de medidas mais duras e desistisse de vez de voltar ao pa\u00eds.<\/p>\n<p style=\"text-align: justify;\"><a href=\"https:\/\/www.metropoles.com\/negocios\/pf-diz-que-ex-ceo-das-americanas-enviou-dinheiro-a-paraisos-fiscais\">Miguel Gutierrez<\/a>\u00a0foi\u00a0preso nessa sexta-feira (28\/6), em Madri, na Espanha, pela pol\u00edcia espanhola. Ele tinha mandado de pris\u00e3o expedido pela Justi\u00e7a brasileira desde quinta-feira (27\/6).\u00a0Como Gutierrez tem cidadania espanhola e estava no pa\u00eds desde o ano passado, seu nome foi inclu\u00eddo na difus\u00e3o vermelha, a\u00a0lista de foragidos internacionais da Interpol. O governo brasileiro deve pedir a extradi\u00e7\u00e3o do ex-CEO da varejista.<\/p>\n<p style=\"text-align: justify;\">O inqu\u00e9rito da PF foi instaurado em janeiro de 2023. Meses depois, no fim de abril, foi aberta a CPI da Americanas no Congresso Nacional, que levou \u00e0 convoca\u00e7\u00e3o de Gutierrez e de outros executivos da empresa. \u00c0quela altura, ele j\u00e1 era apontado como um dos principais envolvidos na fraude bilion\u00e1ria da varejista.<\/p>\n<p style=\"text-align: justify;\">A partida de Gutierrez foi feita \u00e0s pressas. Ele comprou uma passagem no dia 28 de junho de 2023 para Paris e partiu no dia seguinte com sua esposa. Na passagem, constava que a volta seria no dia 8 de julho do mesmo ano. Ele, no entanto, n\u00e3o embarcou. Depois, a viagem de volta foi remarcada para dia 20 de junho deste ano. Novamente, ele n\u00e3o retornou, e o bilhete pode ser utilizado, no m\u00e1ximo, at\u00e9 este s\u00e1bado (29\/6).<\/p>\n<h4 style=\"text-align: justify;\">Vazamento por engano<\/h4>\n<p style=\"text-align: justify;\">Segundo a Pol\u00edcia Federal, Miguel Gutierrez alegava um tratamento m\u00e9dico na Espanha como justificativa para permanecer na Europa. Ele lan\u00e7ou m\u00e3o desse argumento pelo menos uma vez, publicamente, quando dep\u00f4s \u00e0 CPI por videoconfer\u00eancia. Os investigadores suspeitam, no entanto, que ele tenha adiado a volta ao Brasil duas vezes porque ficou sabendo que poderia ser alvo de mandado de pris\u00e3o.<\/p>\n<p style=\"text-align: justify;\">Segundo a PF, foi juntado, por engano, um of\u00edcio sigiloso da Justi\u00e7a a um recurso de outro executivo investigado, no qual havia men\u00e7\u00e3o a cinco medidas cautelares sigilosas que estavam pendentes de aprecia\u00e7\u00e3o do juiz do caso. Esse ex-diretor da Americanas era amigo de longa data de Miguel e de Anna Saicali, ex-diretora da Americanas que est\u00e1 em Portugal e era considerada foragida at\u00e9 essa sexta-feira (28\/6).<\/p>\n<p style=\"text-align: justify;\">A suspeita \u00e9 de que Gutierrez possa ter sido avisado por esse executivo, ou mesmo por advogados, da exist\u00eancia dessas medidas cautelares e desconfiado de que poderia terminar preso no Brasil. O pedido de busca e apreens\u00e3o foi feito em abril, e essa juntada equivocada do documento no processo aconteceu em maio deste ano.<\/p>\n<h4 style=\"text-align: justify;\">Offshore e im\u00f3veis<\/h4>\n<p style=\"text-align: justify;\">De acordo com o pedido de pris\u00e3o de Gutierrez, deferido pela Justi\u00e7a Federal do Rio de Janeiro, o executivo tamb\u00e9m come\u00e7ou a repassar im\u00f3veis e autom\u00f3veis para o nome de terceiros, como parentes, para blindar seu patrim\u00f4nio. Ainda foi identificada a cria\u00e7\u00e3o de uma offshore em para\u00edso fiscal.<\/p>\n<p style=\"text-align: justify;\">Os dois executivos que deixaram o pa\u00eds lideram a lista dos diretores que fizeram as maiores movimenta\u00e7\u00f5es at\u00edpicas com a\u00e7\u00f5es quando, segundo as investiga\u00e7\u00f5es, souberam que a crise da Americanas iria estourar, no segundo semestre de 2022.<\/p>\n<p style=\"text-align: justify;\">Gutierrez vendeu R$ 158 milh\u00f5es em meio \u00e0 crise ainda n\u00e3o revelada ao mercado. J\u00e1 Anna Saicali se desfez de R$ 57 milh\u00f5es em a\u00e7\u00f5es.<\/p>\n<p style=\"text-align: justify;\">Miguel Gutierrez foi preso nessa sexta-feira (28\/6) em Madri, capital da Espanha. H\u00e1 dois caminhos para as investiga\u00e7\u00f5es sobre ele agora. O primeiro se daria pela extradi\u00e7\u00e3o dele para o Brasil. O rito para que isso aconte\u00e7a depende de um pedido do governo brasileiro ao governo da Espanha.<\/p>\n<p style=\"text-align: justify;\">No entanto, o fato de o executivo ter cidadania espanhola pode ser um impeditivo legal e levar o governo daquele pa\u00eds a rejeitar o pedido, caso seja feito pelo Minist\u00e9rio da Justi\u00e7a.<\/p>\n<p style=\"text-align: justify;\">A segunda alternativa seria a continuidade das investiga\u00e7\u00f5es sobre Gutierrez na Espanha, desde que os atos supostamente praticados por ele tamb\u00e9m sejam considerados crimes em territ\u00f3rio espanhol.<\/p>\n<h4 style=\"text-align: justify;\">Cartas \u00e0 Justi\u00e7a e \u00e0 CPI<\/h4>\n<p style=\"text-align: justify;\">Gutierrez ficou conhecido por enviar cartas \u00e0 Justi\u00e7a e \u00e0 CPI da Americanas no Congresso Nacional nas quais afirmava que os acionistas Jorge Paulo Lemann, Alberto Sicupira e Marcel Telles tinham conhecimento sobre a crise da Americanas. Dizia, ainda, que ele havia se tornado\u00a0\u201cum conveniente bode expiat\u00f3rio para ser sacrificado em nome da prote\u00e7\u00e3o de figuras not\u00f3rias e poderosas do capitalismo brasileiro\u201d.<\/p>\n<p style=\"text-align: justify;\">\u00c0 \u00e9poca, ele j\u00e1 afirmava estar na Espanha e dizia se sentir amea\u00e7ado. Segundo investigadores, ele tinha conhecimento da falsidade nos balan\u00e7os da empresa, que deram azo a lan\u00e7amentos de b\u00f4nus milion\u00e1rios de executivos, como tamb\u00e9m usou essas informa\u00e7\u00f5es para se blindar de preju\u00edzos no mercado financeiro.<\/p>\n<h4 style=\"text-align: justify;\" data-gtm-vis-recent-on-screen104869357_94=\"9876\" data-gtm-vis-first-on-screen104869357_94=\"9876\" data-gtm-vis-total-visible-time104869357_94=\"100\" data-gtm-vis-has-fired104869357_94=\"1\">Uso de informa\u00e7\u00e3o privilegiada<\/h4>\n<p style=\"text-align: justify;\" data-gtm-vis-recent-on-screen104869357_94=\"9876\" data-gtm-vis-first-on-screen104869357_94=\"9876\" data-gtm-vis-total-visible-time104869357_94=\"100\" data-gtm-vis-has-fired104869357_94=\"1\">A Opera\u00e7\u00e3o Disclosure, da Pol\u00edcia Federal, teve mandados de busca e apreens\u00e3o cumpridos no\u00a0<a href=\"https:\/\/www.metropoles.com\/tag\/rio-de-janeiro\">Rio de Janeiro<\/a>. Os crimes pelos quais os ex-executivos s\u00e3o investigados s\u00e3o manipula\u00e7\u00e3o de mercado e uso de informa\u00e7\u00e3o privilegiada.<\/p>\n<p style=\"text-align: justify;\">Segundo a decis\u00e3o judicial que autorizou a opera\u00e7\u00e3o, a PF atribui aos investigados \u201cmanobras fraudulentas\u201d destinadas a alterar os resultados reais da empresa. De acordo com a pol\u00edcia, o objetivo era \u201creceber vantagens indevidas com o pagamento de b\u00f4nus por metas atingidas\u201d e \u201celevar de forma il\u00edcita a cota\u00e7\u00e3o das a\u00e7\u00f5es das Americanas\u201d.<\/p>\n<p style=\"text-align: justify;\">Segundo investigadores, as manobras \u201ccausaram grande preju\u00edzo para os demais acionistas, principalmente aos minorit\u00e1rios, que, em raz\u00e3o da falsa sa\u00fade financeira das empresas, operavam transa\u00e7\u00f5es acion\u00e1rias com pre\u00e7os inflacionados\u201d.<\/p>\n<h4 style=\"text-align: justify;\">Dela\u00e7\u00f5es premiadas<\/h4>\n<p style=\"text-align: justify;\">As investiga\u00e7\u00f5es foram abastecidas pelas dela\u00e7\u00f5es premiadas dos ex-diretores Marcelo da Silva Nunes e Fl\u00e1via Pereira Carneiro Mota.<\/p>\n<p style=\"text-align: justify;\">Eles contaram, no acordo de colabora\u00e7\u00e3o, que as fraudes se iniciavam com o preparo, pela equipe de Rela\u00e7\u00f5es com Investidores, de um arquivo chamado \u201cverdes e vermelhos\u201d, que fazia parte de um \u201ckit de fechamento trimestral\u201d.<\/p>\n<p style=\"text-align: justify;\">Nele, constava a expectativa de crescimento por parte de analistas de mercado. Segundo as dela\u00e7\u00f5es, quando elas n\u00e3o eram atingidas, a diretoria mudava os resultados \u201cpara n\u00e3o frustrar as expectativas de mercado\u201d.<\/p>\n<p style=\"text-align: justify;\">C\u00f3pias desses arquivos foram obtidas pela\u00a0<a href=\"https:\/\/www.gov.br\/pf\/pt-br\" target=\"_blank\" rel=\"noopener\">Pol\u00edcia Federal<\/a>. Eles mostram o comparativo entre os n\u00fameros pr\u00e9vios e as expectativas de mercado. H\u00e1, ainda, conversas e e-mails entre executivos da varejista nos quais aparecem ordens internas para incrementar n\u00fameros reais com o objetivo que ficassem perto do esperado pelo mercado.<\/p>\n<p style=\"text-align: justify;\">A defesa de Miguel Gutierrez informou que ele reitera que jamais participou ou teve conhecimento de qualquer fraude e que vem colaborando com as autoridades, prestando os esclarecimentos devidos nos foros pr\u00f3prios.<\/p>\n<p style=\"text-align: justify;\">\n<p style=\"text-align: justify;\">\n<p style=\"text-align: justify;\">\n<p style=\"text-align: justify;\">\n<p style=\"text-align: justify;\">\n<p style=\"text-align: justify;\">metropoles<\/p>\n<p style=\"text-align: justify;\">\n","protected":false},"excerpt":{"rendered":"<p>Ao pedir a pris\u00e3o do ex-CEO da\u00a0Americanas\u00a0Miguel Gutierrez, a Pol\u00edcia Federal (PF) afirmou que o executivo adiou duas vezes sua volta ao Brasil em meio \u00e0 investiga\u00e7\u00e3o sobre a fraude bilion\u00e1ria na varejista. Segundo a PF, um equ\u00edvoco na juntada de uma decis\u00e3o judicial ao recurso de um dos investigados pode ter servido para que<\/p>\n","protected":false},"author":1,"featured_media":33588,"comment_status":"open","ping_status":"open","sticky":false,"template":"","format":"standard","meta":{"_eb_attr":"","footnotes":""},"categories":[7,2],"tags":[],"class_list":["post-33585","post","type-post","status-publish","format-standard","has-post-thumbnail","hentry","category-destaque","category-policial"],"_links":{"self":[{"href":"https:\/\/portalmidia.net\/index.php\/wp-json\/wp\/v2\/posts\/33585","targetHints":{"allow":["GET"]}}],"collection":[{"href":"https:\/\/portalmidia.net\/index.php\/wp-json\/wp\/v2\/posts"}],"about":[{"href":"https:\/\/portalmidia.net\/index.php\/wp-json\/wp\/v2\/types\/post"}],"author":[{"embeddable":true,"href":"https:\/\/portalmidia.net\/index.php\/wp-json\/wp\/v2\/users\/1"}],"replies":[{"embeddable":true,"href":"https:\/\/portalmidia.net\/index.php\/wp-json\/wp\/v2\/comments?post=33585"}],"version-history":[{"count":1,"href":"https:\/\/portalmidia.net\/index.php\/wp-json\/wp\/v2\/posts\/33585\/revisions"}],"predecessor-version":[{"id":33589,"href":"https:\/\/portalmidia.net\/index.php\/wp-json\/wp\/v2\/posts\/33585\/revisions\/33589"}],"wp:featuredmedia":[{"embeddable":true,"href":"https:\/\/portalmidia.net\/index.php\/wp-json\/wp\/v2\/media\/33588"}],"wp:attachment":[{"href":"https:\/\/portalmidia.net\/index.php\/wp-json\/wp\/v2\/media?parent=33585"}],"wp:term":[{"taxonomy":"category","embeddable":true,"href":"https:\/\/portalmidia.net\/index.php\/wp-json\/wp\/v2\/categories?post=33585"},{"taxonomy":"post_tag","embeddable":true,"href":"https:\/\/portalmidia.net\/index.php\/wp-json\/wp\/v2\/tags?post=33585"}],"curies":[{"name":"wp","href":"https:\/\/api.w.org\/{rel}","templated":true}]}}