 {"id":33627,"date":"2024-06-29T17:55:48","date_gmt":"2024-06-29T20:55:48","guid":{"rendered":"https:\/\/portalmidia.net\/?p=33627"},"modified":"2024-06-29T17:55:48","modified_gmt":"2024-06-29T20:55:48","slug":"tce-emite-alertas-a-gestao-marcus-diogo-pelo-excesso-de-contratados-e-por-nao-apresentar-plano-municipal-de-saneamento-basico","status":"publish","type":"post","link":"https:\/\/portalmidia.net\/index.php\/2024\/06\/29\/tce-emite-alertas-a-gestao-marcus-diogo-pelo-excesso-de-contratados-e-por-nao-apresentar-plano-municipal-de-saneamento-basico\/","title":{"rendered":"TCE emite alertas \u00e0 gest\u00e3o Marcus Diogo pelo excesso de contratados e por n\u00e3o apresentar Plano Municipal de Saneamento B\u00e1sico"},"content":{"rendered":"<div class=\"entry-content\">\n<p style=\"text-align: justify;\">O Tribunal de Contas do Estado da Para\u00edba (TCE) emitiu alertas \u00e0 Prefeitura Municipal de Guarabira pelo excesso de contratados por excepcional interesse e por n\u00e3o apresentar, dentro do prazo, o Plano Municipal de Saneamento B\u00e1sico, os relat\u00f3rios s\u00e3o assinados pelo Conselheiro Arn\u00f3bio Alves Viana.<\/p>\n<p style=\"text-align: justify;\">A gest\u00e3o de Marcus Diogo recebeu o alerta do Tribunal de Contas sob n\u00b0 00652\/24, no \u00faltimo dia 12\/06, que trata do excesso de contratados por excepcional interesse, que segundo dados do pr\u00f3prio Tribunal ultrapassa os limites permitidos, descumprindo o art. 6\u00ba da Resolu\u00e7\u00e3o Normativa RN-TC n\u00ba 04\/2024 (com as altera\u00e7\u00f5es da Resolu\u00e7\u00e3o Normativa RN- TC n\u00ba 05\/2024), veja o que diz o documento:<\/p>\n<p style=\"text-align: justify;\">O Tribunal de Contas do Estado da Para\u00edba, nos termos do art. 71 da CF\/88 e do \u00a71\u00ba do art. 59 da LC 101\/2000, e na conformidade do entendimento t\u00e9cnico contido no Relat\u00f3rio de Acompanhamento da Gest\u00e3o, no intuito de prevenir fatos que comprometam resultados na gest\u00e3o or\u00e7ament\u00e1ria, financeira e patrimonial, resolve: Emitir ALERTA ao jurisdicionado Prefeitura Municipal de Guarabira, sob a responsabilidade do(as) interessado(as) Sr(a). Marcus Diogo de Lima e Sr(a). Caio de Oliveira Cavalcanti, no sentido de que adotem medidas de preven\u00e7\u00e3o ou corre\u00e7\u00e3o, conforme o caso, relativamente aos seguintes fatos:\u00a0<strong>contrata\u00e7\u00e3o por tempo determinado por excepcional interesse p\u00fablico em propor\u00e7\u00e3o elevada em rela\u00e7\u00e3o ao quantitativo de servidores efetivos, em descumprimento ao art. 6\u00ba da Resolu\u00e7\u00e3o Normativa RN-TC n\u00ba 04\/2024 (com as altera\u00e7\u00f5es da Resolu\u00e7\u00e3o Normativa RN- TC n\u00ba 05\/2024), com potenciais reflexos negativos no julgamento e aprecia\u00e7\u00e3o da presta\u00e7\u00e3o de contas, bem como nas searas eleitoral, trabalhista, c\u00edvel e criminal.<\/strong><\/p>\n<p style=\"text-align: justify;\">J\u00e1 o segundo alerta emitido pelo Tribunal de Contas do Estado (TCE), foi em rela\u00e7\u00e3o a n\u00e3o apresenta\u00e7\u00e3o por parte da gest\u00e3o municipal, dentro do prazo, do Plano Municipal de Saneamento B\u00e1sico. Veja o que diz o alerta de n\u00b0 0598\/2024:<\/p>\n<p style=\"text-align: justify;\">O Tribunal de Contas do Estado da Para\u00edba, nos termos do art. 71 da CF\/88 e do \u00a71\u00ba do art. 59 da LC 101\/2000, e na conformidade do entendimento t\u00e9cnico contido no Relat\u00f3rio de Acompanhamento da Gest\u00e3o, no intuito de prevenir fatos que comprometam resultados na gest\u00e3o or\u00e7ament\u00e1ria, financeira e patrimonial, resolve: Emitir ALERTA ao jurisdicionado Prefeitura Municipal de Guarabira, sob a responsabilidade do(as) interessado(as) Sr(a). Marcus Diogo de Lima e Sr(a). Caio de Oliveira Cavalcanti, no sentido de que adotem medidas de preven\u00e7\u00e3o ou corre\u00e7\u00e3o, conforme o caso, relativamente aos seguintes fatos:\u00a0<strong>n\u00e3o observ\u00e2ncia do prazo legal para elabora\u00e7\u00e3o do Plano Municipal de Saneamento B\u00e1sico. Tal fato poder\u00e1 ser consignado na PCA 2023, com repercuss\u00e3o no julgamento das contas do munic\u00edpio, devendo o citado normativo, uma vez aprovado e publicado, ser encaminhado ao banco de legisla\u00e7\u00e3o deste Tribunal, na categoria; Planos Estrat\u00e9gicos e\/ou Operativos de Pol\u00edticas P\u00fablicas<\/strong>.<\/p>\n<p style=\"text-align: justify;\">Veja os documentos emitidos pelo Tribunal:<\/p>\n<p style=\"text-align: justify;\"><img fetchpriority=\"high\" decoding=\"async\" class=\"aligncenter wp-image-77306 size-full lazyautosizes lazyloaded\" src=\"https:\/\/diariodenoticiaspb.com.br\/wp-content\/webp-express\/webp-images\/uploads\/2024\/06\/proc_00310_24_alerta-1-1_page-0001-1.jpg.webp\" sizes=\"783px\" srcset=\"https:\/\/diariodenoticiaspb.com.br\/wp-content\/webp-express\/webp-images\/uploads\/2024\/06\/proc_00310_24_alerta-1-1_page-0001-1.jpg.webp 1240w,  https:\/\/diariodenoticiaspb.com.br\/wp-content\/webp-express\/webp-images\/uploads\/2024\/06\/proc_00310_24_alerta-1-1_page-0001-1-212x300.jpg.webp 212w,  https:\/\/diariodenoticiaspb.com.br\/wp-content\/webp-express\/webp-images\/uploads\/2024\/06\/proc_00310_24_alerta-1-1_page-0001-1-724x1024.jpg.webp 724w,  https:\/\/diariodenoticiaspb.com.br\/wp-content\/webp-express\/webp-images\/uploads\/2024\/06\/proc_00310_24_alerta-1-1_page-0001-1-768x1087.jpg.webp 768w,  https:\/\/diariodenoticiaspb.com.br\/wp-content\/webp-express\/webp-images\/uploads\/2024\/06\/proc_00310_24_alerta-1-1_page-0001-1-1085x1536.jpg.webp 1085w,  https:\/\/diariodenoticiaspb.com.br\/wp-content\/webp-express\/webp-images\/uploads\/2024\/06\/proc_00310_24_alerta-1-1_page-0001-1-1170x1656.jpg.webp 1170w\" alt=\"\" width=\"1240\" height=\"1755\" data-src=\"https:\/\/diariodenoticiaspb.com.br\/wp-content\/webp-express\/webp-images\/uploads\/2024\/06\/proc_00310_24_alerta-1-1_page-0001-1.jpg.webp\" data-srcset=\"https:\/\/diariodenoticiaspb.com.br\/wp-content\/webp-express\/webp-images\/uploads\/2024\/06\/proc_00310_24_alerta-1-1_page-0001-1.jpg.webp 1240w,  https:\/\/diariodenoticiaspb.com.br\/wp-content\/webp-express\/webp-images\/uploads\/2024\/06\/proc_00310_24_alerta-1-1_page-0001-1-212x300.jpg.webp 212w,  https:\/\/diariodenoticiaspb.com.br\/wp-content\/webp-express\/webp-images\/uploads\/2024\/06\/proc_00310_24_alerta-1-1_page-0001-1-724x1024.jpg.webp 724w,  https:\/\/diariodenoticiaspb.com.br\/wp-content\/webp-express\/webp-images\/uploads\/2024\/06\/proc_00310_24_alerta-1-1_page-0001-1-768x1087.jpg.webp 768w,  https:\/\/diariodenoticiaspb.com.br\/wp-content\/webp-express\/webp-images\/uploads\/2024\/06\/proc_00310_24_alerta-1-1_page-0001-1-1085x1536.jpg.webp 1085w,  https:\/\/diariodenoticiaspb.com.br\/wp-content\/webp-express\/webp-images\/uploads\/2024\/06\/proc_00310_24_alerta-1-1_page-0001-1-1170x1656.jpg.webp 1170w\" data-sizes=\"auto\" data-eio-rwidth=\"1240\" data-eio-rheight=\"1755\" \/><img decoding=\"async\" class=\"aligncenter wp-image-77307 size-full lazyautosizes lazyloaded\" src=\"https:\/\/diariodenoticiaspb.com.br\/wp-content\/webp-express\/webp-images\/uploads\/2024\/06\/proc_00310_24_certidao_alerta_page-0001.jpg.webp\" sizes=\"783px\" srcset=\"https:\/\/diariodenoticiaspb.com.br\/wp-content\/webp-express\/webp-images\/uploads\/2024\/06\/proc_00310_24_certidao_alerta_page-0001.jpg.webp 1240w,  https:\/\/diariodenoticiaspb.com.br\/wp-content\/webp-express\/webp-images\/uploads\/2024\/06\/proc_00310_24_certidao_alerta_page-0001-212x300.jpg.webp 212w,  https:\/\/diariodenoticiaspb.com.br\/wp-content\/webp-express\/webp-images\/uploads\/2024\/06\/proc_00310_24_certidao_alerta_page-0001-724x1024.jpg.webp 724w,  https:\/\/diariodenoticiaspb.com.br\/wp-content\/webp-express\/webp-images\/uploads\/2024\/06\/proc_00310_24_certidao_alerta_page-0001-768x1087.jpg.webp 768w,  https:\/\/diariodenoticiaspb.com.br\/wp-content\/webp-express\/webp-images\/uploads\/2024\/06\/proc_00310_24_certidao_alerta_page-0001-1085x1536.jpg.webp 1085w,  https:\/\/diariodenoticiaspb.com.br\/wp-content\/webp-express\/webp-images\/uploads\/2024\/06\/proc_00310_24_certidao_alerta_page-0001-1170x1656.jpg.webp 1170w\" alt=\"\" width=\"1240\" height=\"1755\" data-src=\"https:\/\/diariodenoticiaspb.com.br\/wp-content\/webp-express\/webp-images\/uploads\/2024\/06\/proc_00310_24_certidao_alerta_page-0001.jpg.webp\" data-srcset=\"https:\/\/diariodenoticiaspb.com.br\/wp-content\/webp-express\/webp-images\/uploads\/2024\/06\/proc_00310_24_certidao_alerta_page-0001.jpg.webp 1240w,  https:\/\/diariodenoticiaspb.com.br\/wp-content\/webp-express\/webp-images\/uploads\/2024\/06\/proc_00310_24_certidao_alerta_page-0001-212x300.jpg.webp 212w,  https:\/\/diariodenoticiaspb.com.br\/wp-content\/webp-express\/webp-images\/uploads\/2024\/06\/proc_00310_24_certidao_alerta_page-0001-724x1024.jpg.webp 724w,  https:\/\/diariodenoticiaspb.com.br\/wp-content\/webp-express\/webp-images\/uploads\/2024\/06\/proc_00310_24_certidao_alerta_page-0001-768x1087.jpg.webp 768w,  https:\/\/diariodenoticiaspb.com.br\/wp-content\/webp-express\/webp-images\/uploads\/2024\/06\/proc_00310_24_certidao_alerta_page-0001-1085x1536.jpg.webp 1085w,  https:\/\/diariodenoticiaspb.com.br\/wp-content\/webp-express\/webp-images\/uploads\/2024\/06\/proc_00310_24_certidao_alerta_page-0001-1170x1656.jpg.webp 1170w\" data-sizes=\"auto\" data-eio-rwidth=\"1240\" data-eio-rheight=\"1755\" \/><\/p>\n<\/div>\n<footer class=\"entry-footer\"><\/footer>\n<div class=\"meta_bottom\" style=\"text-align: justify;\">\n<div class=\"text_share header-text\"><\/div>\n<\/div>\n<p style=\"text-align: justify;\">\n<p style=\"text-align: justify;\">\n<p style=\"text-align: justify;\">\n<p style=\"text-align: justify;\">\n<p style=\"text-align: justify;\">\n<p style=\"text-align: justify;\">\n<p style=\"text-align: justify;\">\n<p style=\"text-align: justify;\">diariodenoticiaspb<\/p>\n","protected":false},"excerpt":{"rendered":"<p>O Tribunal de Contas do Estado da Para\u00edba (TCE) emitiu alertas \u00e0 Prefeitura Municipal de Guarabira pelo excesso de contratados por excepcional interesse e por n\u00e3o apresentar, dentro do prazo, o Plano Municipal de Saneamento B\u00e1sico, os relat\u00f3rios s\u00e3o assinados pelo Conselheiro Arn\u00f3bio Alves Viana. A gest\u00e3o de Marcus Diogo recebeu o alerta do Tribunal<\/p>\n","protected":false},"author":1,"featured_media":33628,"comment_status":"open","ping_status":"open","sticky":false,"template":"","format":"standard","meta":{"_eb_attr":"","footnotes":""},"categories":[7,3],"tags":[],"class_list":["post-33627","post","type-post","status-publish","format-standard","has-post-thumbnail","hentry","category-destaque","category-politica"],"_links":{"self":[{"href":"https:\/\/portalmidia.net\/index.php\/wp-json\/wp\/v2\/posts\/33627","targetHints":{"allow":["GET"]}}],"collection":[{"href":"https:\/\/portalmidia.net\/index.php\/wp-json\/wp\/v2\/posts"}],"about":[{"href":"https:\/\/portalmidia.net\/index.php\/wp-json\/wp\/v2\/types\/post"}],"author":[{"embeddable":true,"href":"https:\/\/portalmidia.net\/index.php\/wp-json\/wp\/v2\/users\/1"}],"replies":[{"embeddable":true,"href":"https:\/\/portalmidia.net\/index.php\/wp-json\/wp\/v2\/comments?post=33627"}],"version-history":[{"count":1,"href":"https:\/\/portalmidia.net\/index.php\/wp-json\/wp\/v2\/posts\/33627\/revisions"}],"predecessor-version":[{"id":33629,"href":"https:\/\/portalmidia.net\/index.php\/wp-json\/wp\/v2\/posts\/33627\/revisions\/33629"}],"wp:featuredmedia":[{"embeddable":true,"href":"https:\/\/portalmidia.net\/index.php\/wp-json\/wp\/v2\/media\/33628"}],"wp:attachment":[{"href":"https:\/\/portalmidia.net\/index.php\/wp-json\/wp\/v2\/media?parent=33627"}],"wp:term":[{"taxonomy":"category","embeddable":true,"href":"https:\/\/portalmidia.net\/index.php\/wp-json\/wp\/v2\/categories?post=33627"},{"taxonomy":"post_tag","embeddable":true,"href":"https:\/\/portalmidia.net\/index.php\/wp-json\/wp\/v2\/tags?post=33627"}],"curies":[{"name":"wp","href":"https:\/\/api.w.org\/{rel}","templated":true}]}}