 {"id":34060,"date":"2024-07-03T08:29:36","date_gmt":"2024-07-03T11:29:36","guid":{"rendered":"https:\/\/portalmidia.net\/?p=34060"},"modified":"2024-07-03T08:29:36","modified_gmt":"2024-07-03T11:29:36","slug":"pai-usa-celular-e-grava-sogro-abusando-sexualmente-da-filha-de-10-anos","status":"publish","type":"post","link":"https:\/\/portalmidia.net\/index.php\/2024\/07\/03\/pai-usa-celular-e-grava-sogro-abusando-sexualmente-da-filha-de-10-anos\/","title":{"rendered":"Pai usa celular e grava sogro abusando sexualmente da filha de 10 anos"},"content":{"rendered":"<p style=\"text-align: justify;\">Um homem de 53 anos foi flagrado abusando sexualmente da pr\u00f3pria neta, de 10 anos, enquanto ela dormia.<\/p>\n<p style=\"text-align: justify;\" data-gtm-vis-recent-on-screen104869357_94=\"635653\" data-gtm-vis-first-on-screen104869357_94=\"635653\" data-gtm-vis-total-visible-time104869357_94=\"100\" data-gtm-vis-has-fired104869357_94=\"1\">O crime foi descoberto nessa segunda-feira (1\u00ba\/7) pelo pai da v\u00edtima, que escondeu o celular no quarto e gravou a a\u00e7\u00e3o, na cidade de Bady Bassitt, no interior de\u00a0<a href=\"https:\/\/www.metropoles.com\/sao-paulo\" target=\"_blank\" rel=\"noopener\">S\u00e3o Paulo<\/a>.<\/p>\n<p style=\"text-align: justify;\">De acordo com informa\u00e7\u00f5es da\u00a0<em>TV Tem<\/em>, o pai da crian\u00e7a, que j\u00e1 estava desconfiado dos abusos, saiu de casa para buscar a esposa na autoescola e deixou o celular gravando no quarto da filha.<\/p>\n<p style=\"text-align: justify;\">Quando voltou para casa, o pai viu o crime pelas imagens. A grava\u00e7\u00e3o mostrava o sogro dele dentro do quarto retirando o p\u00eanis para fora de cal\u00e7a e indo em dire\u00e7\u00e3o \u00e0 cabeceira da cama da crian\u00e7a e passando o \u00f3rg\u00e3o genital nela.<\/p>\n<p style=\"text-align: justify;\">Na sequ\u00eancia, ele, que mora na resid\u00eancia com a esposa, a v\u00edtima de 10 anos e outras duas meninas, de 5 e 2 anos, al\u00e9m do sogro, procurou a pol\u00edcia para registrar um\u00a0<a href=\"https:\/\/www.delegaciaeletronica.policiacivil.sp.gov.br\/\" target=\"_blank\" rel=\"noopener\">boletim de ocorr\u00eancia<\/a>.<\/p>\n<p style=\"text-align: justify;\">Em depoimento \u00e0 pol\u00edcia, ele disse que a suspeita come\u00e7ou ap\u00f3s presenciar por repetidas vezes o sogro perguntando para a crian\u00e7a quando ela voltaria para casa, al\u00e9m de notar uma resist\u00eancia da filha em ficar com o av\u00f4.<\/p>\n<p style=\"text-align: justify;\">A m\u00e3e da crian\u00e7a disse aos policiais que, a cerca de 3 meses, percebeu uma mancha amarelada e um odor na calcinha da filha, mas n\u00e3o imaginava que poderia ser algo relacionado a isso.<\/p>\n<p style=\"text-align: justify;\">O homem foi expulso de casa pelos pais da menina e detido em Potirendaba, tamb\u00e9m no interior paulista, por\u00a0<a href=\"https:\/\/www.metropoles.com\/tag\/estupro-de-vulneravel\" target=\"_blank\" rel=\"noopener\">estupro de vulner\u00e1vel<\/a>. Ele prestou depoimento e foi liberado. Questionado sobre o ocorrido pelo jornal\u00a0<em>Gazeta do Interior<\/em>, o suspeito disse que n\u00e3o se lembrava de nada e que estava \u201cendemoniado\u201d.<\/p>\n<p style=\"text-align: justify;\">O delegado que registrou o boletim de ocorr\u00eancia disse que n\u00e3o assistiu ao v\u00eddeo e n\u00e3o prendeu o homem por n\u00e3o ter havido um flagrante. O celular do pai foi apreendido e entregue ao delegado para per\u00edcia.<\/p>\n<p style=\"text-align: justify;\">Um inqu\u00e9rito foi instaurado pela Pol\u00edcia Civil, que apura o caso.<\/p>\n<p style=\"text-align: justify;\">\n<p style=\"text-align: justify;\">\n<p style=\"text-align: justify;\">\n<p style=\"text-align: justify;\">metropoles<\/p>\n","protected":false},"excerpt":{"rendered":"<p>Um homem de 53 anos foi flagrado abusando sexualmente da pr\u00f3pria neta, de 10 anos, enquanto ela dormia. O crime foi descoberto nessa segunda-feira (1\u00ba\/7) pelo pai da v\u00edtima, que escondeu o celular no quarto e gravou a a\u00e7\u00e3o, na cidade de Bady Bassitt, no interior de\u00a0S\u00e3o Paulo. De acordo com informa\u00e7\u00f5es da\u00a0TV Tem, o<\/p>\n","protected":false},"author":1,"featured_media":34064,"comment_status":"open","ping_status":"open","sticky":false,"template":"","format":"standard","meta":{"_eb_attr":"","footnotes":""},"categories":[7,2],"tags":[],"class_list":["post-34060","post","type-post","status-publish","format-standard","has-post-thumbnail","hentry","category-destaque","category-policial"],"_links":{"self":[{"href":"https:\/\/portalmidia.net\/index.php\/wp-json\/wp\/v2\/posts\/34060","targetHints":{"allow":["GET"]}}],"collection":[{"href":"https:\/\/portalmidia.net\/index.php\/wp-json\/wp\/v2\/posts"}],"about":[{"href":"https:\/\/portalmidia.net\/index.php\/wp-json\/wp\/v2\/types\/post"}],"author":[{"embeddable":true,"href":"https:\/\/portalmidia.net\/index.php\/wp-json\/wp\/v2\/users\/1"}],"replies":[{"embeddable":true,"href":"https:\/\/portalmidia.net\/index.php\/wp-json\/wp\/v2\/comments?post=34060"}],"version-history":[{"count":1,"href":"https:\/\/portalmidia.net\/index.php\/wp-json\/wp\/v2\/posts\/34060\/revisions"}],"predecessor-version":[{"id":34065,"href":"https:\/\/portalmidia.net\/index.php\/wp-json\/wp\/v2\/posts\/34060\/revisions\/34065"}],"wp:featuredmedia":[{"embeddable":true,"href":"https:\/\/portalmidia.net\/index.php\/wp-json\/wp\/v2\/media\/34064"}],"wp:attachment":[{"href":"https:\/\/portalmidia.net\/index.php\/wp-json\/wp\/v2\/media?parent=34060"}],"wp:term":[{"taxonomy":"category","embeddable":true,"href":"https:\/\/portalmidia.net\/index.php\/wp-json\/wp\/v2\/categories?post=34060"},{"taxonomy":"post_tag","embeddable":true,"href":"https:\/\/portalmidia.net\/index.php\/wp-json\/wp\/v2\/tags?post=34060"}],"curies":[{"name":"wp","href":"https:\/\/api.w.org\/{rel}","templated":true}]}}