 {"id":34063,"date":"2024-07-03T08:30:51","date_gmt":"2024-07-03T11:30:51","guid":{"rendered":"https:\/\/portalmidia.net\/?p=34063"},"modified":"2024-07-03T08:30:51","modified_gmt":"2024-07-03T11:30:51","slug":"mae-e-presa-suspeita-de-vender-filha-ao-patrao-no-interior-de-sp","status":"publish","type":"post","link":"https:\/\/portalmidia.net\/index.php\/2024\/07\/03\/mae-e-presa-suspeita-de-vender-filha-ao-patrao-no-interior-de-sp\/","title":{"rendered":"M\u00e3e \u00e9 presa suspeita de vender filha ao patr\u00e3o no interior de SP"},"content":{"rendered":"<p style=\"text-align: justify;\">\n<p style=\"text-align: justify;\">\n<p style=\"text-align: justify;\">\n<p style=\"text-align: justify;\">Uma m\u00e3e foi presa nessa segunda-feira (1\u00b0\/7) suspeita de \u201cvender\u201d a filha \u00e0 um homem que, de acordo com a investiga\u00e7\u00e3o, abusava dela em Conchal, no interior de\u00a0<a href=\"https:\/\/www.metropoles.com\/sao-paulo\" target=\"_blank\" rel=\"noopener\">S\u00e3o Paulo<\/a>. O suspeito que comprava a v\u00edtima tamb\u00e9m foi detido.<\/p>\n<p style=\"text-align: justify;\">O delegado respons\u00e1vel pelo caso, Luis Henrique Pereira, revelou que a mulher trabalhava como faxineira na resid\u00eancia do homem e que recebia dinheiro para que ele passasse um tempo sozinho com a crian\u00e7a em um dos quartos da casa.<\/p>\n<p style=\"text-align: justify;\">Ao ficar com a v\u00edtima sozinha no c\u00f4modo, o suspeito tirava a roupa da crian\u00e7a, a fotografava e a tocava com fins libidinosos.<\/p>\n<p style=\"text-align: justify;\">Ainda de acordo com o investigador, o crime era recorrente:<\/p>\n<blockquote><p>\u201cNas investiga\u00e7\u00f5es, a gente verificou que isso aconteceu por mais de uma vez. Por v\u00e1rias vezes\u201d.<\/p><\/blockquote>\n<p style=\"text-align: justify;\">Tanto o homem quanto a m\u00e3e da crian\u00e7a foram presos pela\u00a0<a href=\"https:\/\/www.policiacivil.sp.gov.br\/portal\/faces\/pages_home?_afrLoop=1628013773375128&amp;_afrWindowMode=0&amp;_afrWindowId=null#!%40%40%3F_afrWindowId%3Dnull%26_afrLoop%3D1628013773375128%26_afrWindowMode%3D0%26_adf.ctrl-state%3Dnwyfezina_4\" target=\"_blank\" rel=\"noopener\">Pol\u00edcia Civil de Conchal<\/a>.<\/p>\n<p style=\"text-align: justify;\">O Conselho Tutelar acompanhou o caso e auxiliou a assegurar os direitos da menor envolvida na a\u00e7\u00e3o.<\/p>\n<p style=\"text-align: justify;\">\n<p style=\"text-align: justify;\">\n<p style=\"text-align: justify;\">metropoles<\/p>\n","protected":false},"excerpt":{"rendered":"<p>Uma m\u00e3e foi presa nessa segunda-feira (1\u00b0\/7) suspeita de \u201cvender\u201d a filha \u00e0 um homem que, de acordo com a investiga\u00e7\u00e3o, abusava dela em Conchal, no interior de\u00a0S\u00e3o Paulo. O suspeito que comprava a v\u00edtima tamb\u00e9m foi detido. O delegado respons\u00e1vel pelo caso, Luis Henrique Pereira, revelou que a mulher trabalhava como faxineira na resid\u00eancia<\/p>\n","protected":false},"author":1,"featured_media":34066,"comment_status":"open","ping_status":"open","sticky":false,"template":"","format":"standard","meta":{"_eb_attr":"","footnotes":""},"categories":[7,2],"tags":[],"class_list":["post-34063","post","type-post","status-publish","format-standard","has-post-thumbnail","hentry","category-destaque","category-policial"],"_links":{"self":[{"href":"https:\/\/portalmidia.net\/index.php\/wp-json\/wp\/v2\/posts\/34063","targetHints":{"allow":["GET"]}}],"collection":[{"href":"https:\/\/portalmidia.net\/index.php\/wp-json\/wp\/v2\/posts"}],"about":[{"href":"https:\/\/portalmidia.net\/index.php\/wp-json\/wp\/v2\/types\/post"}],"author":[{"embeddable":true,"href":"https:\/\/portalmidia.net\/index.php\/wp-json\/wp\/v2\/users\/1"}],"replies":[{"embeddable":true,"href":"https:\/\/portalmidia.net\/index.php\/wp-json\/wp\/v2\/comments?post=34063"}],"version-history":[{"count":1,"href":"https:\/\/portalmidia.net\/index.php\/wp-json\/wp\/v2\/posts\/34063\/revisions"}],"predecessor-version":[{"id":34068,"href":"https:\/\/portalmidia.net\/index.php\/wp-json\/wp\/v2\/posts\/34063\/revisions\/34068"}],"wp:featuredmedia":[{"embeddable":true,"href":"https:\/\/portalmidia.net\/index.php\/wp-json\/wp\/v2\/media\/34066"}],"wp:attachment":[{"href":"https:\/\/portalmidia.net\/index.php\/wp-json\/wp\/v2\/media?parent=34063"}],"wp:term":[{"taxonomy":"category","embeddable":true,"href":"https:\/\/portalmidia.net\/index.php\/wp-json\/wp\/v2\/categories?post=34063"},{"taxonomy":"post_tag","embeddable":true,"href":"https:\/\/portalmidia.net\/index.php\/wp-json\/wp\/v2\/tags?post=34063"}],"curies":[{"name":"wp","href":"https:\/\/api.w.org\/{rel}","templated":true}]}}