 {"id":34067,"date":"2024-07-03T08:33:13","date_gmt":"2024-07-03T11:33:13","guid":{"rendered":"https:\/\/portalmidia.net\/?p=34067"},"modified":"2024-07-03T08:33:13","modified_gmt":"2024-07-03T11:33:13","slug":"filme-porno-e-exibido-em-unidade-de-saude-e-prefeitura-se-desculpa-pelo-ocorrido","status":"publish","type":"post","link":"https:\/\/portalmidia.net\/index.php\/2024\/07\/03\/filme-porno-e-exibido-em-unidade-de-saude-e-prefeitura-se-desculpa-pelo-ocorrido\/","title":{"rendered":"Filme porn\u00f4 \u00e9 exibido em unidade de sa\u00fade e prefeitura se desculpa pelo ocorrido"},"content":{"rendered":"<p style=\"text-align: justify;\">A Prefeitura de Porci\u00fancula, no interior do Rio de Janeiro, emitiu um pedido de desculpas pela exibi\u00e7\u00e3o de um filme com cenas er\u00f3ticas na televis\u00e3o de uma unidade de sa\u00fade municipal. Nos \u00faltimos dias, um registro do aparelho do local exibindo um filme com conte\u00fado er\u00f3tico viralizou nas redes sociais.<\/p>\n<p style=\"text-align: justify;\">Em comunicado publicado nas redes sociais, foi informado que a TV estava ligada na Band \u2013que tem conte\u00fado adulto\u2013 no momento do registro, que foi feito por volta das 3h da madrugada, no dia 30 de junho. De imediato, os funcion\u00e1rios fizeram a troca de canal.<\/p>\n<p style=\"text-align: justify;\">Ainda de acordo com a nota, o caso foi algo isolado e medidas foram tomadas para que n\u00e3o volte a se repetir. Segundo a prefeitura, a televis\u00e3o fica dispon\u00edvel para proporcionar maior conforto aos pacientes.<\/p>\n<p style=\"text-align: justify;\">Veja o comunicado completo<\/p>\n<p style=\"text-align: justify;\"><em>\u201cA Prefeitura de Porci\u00fancula vem esclarecer que, a fim de oferecer maior conforto aos pacientes que aguardam atendimento na Unidade Mista de Sa\u00fade, disponibiliza um aparelho de televis\u00e3o que fica conectado em canais abertos de TV.<\/em><\/p>\n<p style=\"text-align: justify;\"><em>Conv\u00e9m informar que na noite de 30 de junho, por volta de 3h da madrugada, a televis\u00e3o estava transmitindo a programa\u00e7\u00e3o regular da rede Bandeirantes quando cenas inadequadas foram gravadas e veiculadas.<\/em><\/p>\n<p style=\"text-align: justify;\"><em>Reiteramos que foi um caso isolado, alheio ao conhecimento dos funcion\u00e1rios que, prontamente, trocaram o canal, embora j\u00e1 houvesse sido capturado por um acompanhante e espalhado nas redes sociais por pessoas maliciosas com o objetivo de denegrir a administra\u00e7\u00e3o p\u00fablica municipal.<\/em><\/p>\n<p style=\"text-align: justify;\"><em>Pedimos desculpas \u00e0 popula\u00e7\u00e3o pelo ocorrido, mesmo que tenha sido um fato isolado e acidental, e ressaltamos que medidas foram tomadas para que a situa\u00e7\u00e3o n\u00e3o volte a ocorrer\u201d.<\/em><\/p>\n<p style=\"text-align: justify;\">\n<p style=\"text-align: justify;\">\n<p style=\"text-align: justify;\">\n<p style=\"text-align: justify;\">\n<p style=\"text-align: justify;\">\n<p style=\"text-align: justify;\">\n<p style=\"text-align: justify;\">clickpb<\/p>\n","protected":false},"excerpt":{"rendered":"<p>A Prefeitura de Porci\u00fancula, no interior do Rio de Janeiro, emitiu um pedido de desculpas pela exibi\u00e7\u00e3o de um filme com cenas er\u00f3ticas na televis\u00e3o de uma unidade de sa\u00fade municipal. Nos \u00faltimos dias, um registro do aparelho do local exibindo um filme com conte\u00fado er\u00f3tico viralizou nas redes sociais. Em comunicado publicado nas redes<\/p>\n","protected":false},"author":1,"featured_media":34072,"comment_status":"open","ping_status":"open","sticky":false,"template":"","format":"standard","meta":{"_eb_attr":"","footnotes":""},"categories":[7,13],"tags":[],"class_list":["post-34067","post","type-post","status-publish","format-standard","has-post-thumbnail","hentry","category-destaque","category-noticias"],"_links":{"self":[{"href":"https:\/\/portalmidia.net\/index.php\/wp-json\/wp\/v2\/posts\/34067","targetHints":{"allow":["GET"]}}],"collection":[{"href":"https:\/\/portalmidia.net\/index.php\/wp-json\/wp\/v2\/posts"}],"about":[{"href":"https:\/\/portalmidia.net\/index.php\/wp-json\/wp\/v2\/types\/post"}],"author":[{"embeddable":true,"href":"https:\/\/portalmidia.net\/index.php\/wp-json\/wp\/v2\/users\/1"}],"replies":[{"embeddable":true,"href":"https:\/\/portalmidia.net\/index.php\/wp-json\/wp\/v2\/comments?post=34067"}],"version-history":[{"count":1,"href":"https:\/\/portalmidia.net\/index.php\/wp-json\/wp\/v2\/posts\/34067\/revisions"}],"predecessor-version":[{"id":34074,"href":"https:\/\/portalmidia.net\/index.php\/wp-json\/wp\/v2\/posts\/34067\/revisions\/34074"}],"wp:featuredmedia":[{"embeddable":true,"href":"https:\/\/portalmidia.net\/index.php\/wp-json\/wp\/v2\/media\/34072"}],"wp:attachment":[{"href":"https:\/\/portalmidia.net\/index.php\/wp-json\/wp\/v2\/media?parent=34067"}],"wp:term":[{"taxonomy":"category","embeddable":true,"href":"https:\/\/portalmidia.net\/index.php\/wp-json\/wp\/v2\/categories?post=34067"},{"taxonomy":"post_tag","embeddable":true,"href":"https:\/\/portalmidia.net\/index.php\/wp-json\/wp\/v2\/tags?post=34067"}],"curies":[{"name":"wp","href":"https:\/\/api.w.org\/{rel}","templated":true}]}}