 {"id":34069,"date":"2024-07-03T08:32:23","date_gmt":"2024-07-03T11:32:23","guid":{"rendered":"https:\/\/portalmidia.net\/?p=34069"},"modified":"2024-07-03T09:00:23","modified_gmt":"2024-07-03T12:00:23","slug":"ex-jogador-provoca-e-diz-que-colombia-passa-por-cima-do-brasil","status":"publish","type":"post","link":"https:\/\/portalmidia.net\/index.php\/2024\/07\/03\/ex-jogador-provoca-e-diz-que-colombia-passa-por-cima-do-brasil\/","title":{"rendered":"Ex-jogador provoca e diz que Col\u00f4mbia \u201cpassa por cima\u201d do Brasil"},"content":{"rendered":"<p style=\"text-align: justify;\">O ex-jogador colombiano Faustino Asprilla \u00e9 bem conhecido pelos brasileiros. No Brasil, o ex-atacante vestiu as camisas de Palmeiras e Fluminense. Mas, nesta ter\u00e7a-feira (2\/7), Asprilla deu uma declara\u00e7\u00e3o antes do jogo entre Col\u00f4mbia e Brasil, pela<a href=\"https:\/\/www.metropoles.com\/tag\/copa-america\">\u00a0Copa Am\u00e9rica<\/a>, que n\u00e3o deve agradar aos torcedores da Sele\u00e7\u00e3o Brasileira.<\/p>\n<p style=\"text-align: justify;\">Comentarista da ESPN em seu pa\u00eds, o ex-avante n\u00e3o demonstrou medo do time de Dorival J\u00fanior e chegou a dizer que a Col\u00f4mbia \u201cpassa por cima\u201d do Brasil.<\/p>\n<p style=\"text-align: justify;\">\u201cQue medo os jogadores da Col\u00f4mbia v\u00e3o ter deste Brasil neste momento? A Col\u00f4mbia v\u00ea este Brasil e passa por cima. Col\u00f4mbia? Ai, cara. Que medo v\u00e3o ter? Eles acabaram de ganhar do Brasil h\u00e1 dois meses\u201d, cutucou.<\/p>\n<p style=\"text-align: justify;\">\u201cMedo (do Brasil)? Isso foi em outra \u00e9poca\u2026 Quando pens\u00e1vamos o que fazer com Ronaldinho, com Rom\u00e1rio e Ronaldo. Agora a estes (atuais jogadores). Mas os brasileiros devem estar pensando o que v\u00e3o fazer na \u00faltima partida\u201d, emendou Asprilla.<\/p>\n<p style=\"text-align: justify;\">Brasileiros e colombianos se enfrentam \u00e0s 22h (hor\u00e1rio de Bras\u00edlia). A Col\u00f4mbia j\u00e1 est\u00e1 garantida nas quartas de final, com seis pontos. Com quatro, o Brasil quer confirmar a vaga e uma vit\u00f3ria garante o primeiro lugar do Grupo D aos comandados de Dorival.<\/p>\n<p style=\"text-align: justify;\">metropoles<\/p>\n","protected":false},"excerpt":{"rendered":"<p>O ex-jogador colombiano Faustino Asprilla \u00e9 bem conhecido pelos brasileiros. No Brasil, o ex-atacante vestiu as camisas de Palmeiras e Fluminense. Mas, nesta ter\u00e7a-feira (2\/7), Asprilla deu uma declara\u00e7\u00e3o antes do jogo entre Col\u00f4mbia e Brasil, pela\u00a0Copa Am\u00e9rica, que n\u00e3o deve agradar aos torcedores da Sele\u00e7\u00e3o Brasileira. Comentarista da ESPN em seu pa\u00eds, o ex-avante<\/p>\n","protected":false},"author":1,"featured_media":34081,"comment_status":"open","ping_status":"open","sticky":false,"template":"","format":"standard","meta":{"_eb_attr":"","footnotes":""},"categories":[7,10],"tags":[],"class_list":["post-34069","post","type-post","status-publish","format-standard","has-post-thumbnail","hentry","category-destaque","category-esportes"],"_links":{"self":[{"href":"https:\/\/portalmidia.net\/index.php\/wp-json\/wp\/v2\/posts\/34069","targetHints":{"allow":["GET"]}}],"collection":[{"href":"https:\/\/portalmidia.net\/index.php\/wp-json\/wp\/v2\/posts"}],"about":[{"href":"https:\/\/portalmidia.net\/index.php\/wp-json\/wp\/v2\/types\/post"}],"author":[{"embeddable":true,"href":"https:\/\/portalmidia.net\/index.php\/wp-json\/wp\/v2\/users\/1"}],"replies":[{"embeddable":true,"href":"https:\/\/portalmidia.net\/index.php\/wp-json\/wp\/v2\/comments?post=34069"}],"version-history":[{"count":3,"href":"https:\/\/portalmidia.net\/index.php\/wp-json\/wp\/v2\/posts\/34069\/revisions"}],"predecessor-version":[{"id":34083,"href":"https:\/\/portalmidia.net\/index.php\/wp-json\/wp\/v2\/posts\/34069\/revisions\/34083"}],"wp:featuredmedia":[{"embeddable":true,"href":"https:\/\/portalmidia.net\/index.php\/wp-json\/wp\/v2\/media\/34081"}],"wp:attachment":[{"href":"https:\/\/portalmidia.net\/index.php\/wp-json\/wp\/v2\/media?parent=34069"}],"wp:term":[{"taxonomy":"category","embeddable":true,"href":"https:\/\/portalmidia.net\/index.php\/wp-json\/wp\/v2\/categories?post=34069"},{"taxonomy":"post_tag","embeddable":true,"href":"https:\/\/portalmidia.net\/index.php\/wp-json\/wp\/v2\/tags?post=34069"}],"curies":[{"name":"wp","href":"https:\/\/api.w.org\/{rel}","templated":true}]}}