 {"id":34132,"date":"2024-07-04T08:47:28","date_gmt":"2024-07-04T11:47:28","guid":{"rendered":"https:\/\/portalmidia.net\/?p=34132"},"modified":"2024-07-04T08:47:28","modified_gmt":"2024-07-04T11:47:28","slug":"cavaleiros-do-forro-anuncia-gravacao-de-novo-dvd-na-praia-de-tambau-em-joao-pessoa-saiba-quando","status":"publish","type":"post","link":"https:\/\/portalmidia.net\/index.php\/2024\/07\/04\/cavaleiros-do-forro-anuncia-gravacao-de-novo-dvd-na-praia-de-tambau-em-joao-pessoa-saiba-quando\/","title":{"rendered":"Cavaleiros do Forr\u00f3 anuncia grava\u00e7\u00e3o de novo DVD na Praia de Tamba\u00fa, em Jo\u00e3o Pessoa; saiba quando"},"content":{"rendered":"<p style=\"text-align: justify;\">A banda Cavaleiros do Forr\u00f3 anunciou na manh\u00e3 desta quinta-feira (04) que ir\u00e1 gravar um novo DVD em Jo\u00e3o Pessoa.<\/p>\n<p style=\"text-align: justify;\">O novo produto audiovisual ser\u00e1 gravado em 05 de agosto, no Busto de Tamandar\u00e9, entre as praias de Tamba\u00fa e Cabo Branco.<\/p>\n<div class=\"banner-ad-container container\" style=\"text-align: justify;\">\n<p>O local \u00e9 o mesmo onde a banda gravou seu 2\u00ba DVD, para um publico estimado em mais de 100 mil pessoas, no ano de 2006.<\/p>\n<p>\u201cH\u00e1 18 anos, Jo\u00e3o Pessoa testemunhou o hist\u00f3rico DVD \u201dReino dos Cavaleiros\u201d. Em agosto, Cavaleiros do Forr\u00f3 est\u00e1 de volta para reviver essa lenda na praia de Tamba\u00fa!\u201d, publicou a banda em uma rede social.<\/p>\n<div class=\"banner-ad-container container\">\n<ul class=\"banners-carousel\">\n<li><iframe class=\" lazyloaded\" title=\"YouTube video player\" src=\"https:\/\/www.youtube.com\/embed\/sGA4d87z5o4?si=BwtmnGTgykhiG6EQ\" width=\"560\" height=\"315\" frameborder=\"0\" allowfullscreen=\"allowfullscreen\" data-src=\"https:\/\/www.youtube.com\/embed\/sGA4d87z5o4?si=BwtmnGTgykhiG6EQ\" data-load-mode=\"1\" data-mce-fragment=\"1\"><\/iframe><\/li>\n<\/ul>\n<\/div>\n<h4>Participa\u00e7\u00f5es<\/h4>\n<p>Segundo apurou a reportagem, o show de nome \u2018Meio a Meio\u2019dever\u00e1 contar com diversas participa\u00e7\u00f5es especiais, entre elas as da cantoras Silvana Aquino, Yara Tch\u00ea, Walkyria Santos, Priscila Senna, Michele Andrade, Ohara Havick e M\u00e1rcia Fellipe.<\/p>\n<ul>\n<li>\n<ul>\n<li><strong>V\u00eddeo:<\/strong><\/li>\n<\/ul>\n<\/li>\n<\/ul>\n<p><iframe id=\"instagram-embed-0\" class=\"instagram-media instagram-media-rendered\" src=\"https:\/\/www.instagram.com\/reel\/C8_yblfOnaa\/embed\/?cr=1&amp;v=14&amp;wp=540&amp;rd=https%3A%2F%2Fwww.clickpb.com.br&amp;rp=%2Fparaiba%2Fdvd-cavaleiros-tambau-2024.html#%7B%22ci%22%3A0%2C%22os%22%3A1530.1000000000931%2C%22ls%22%3A587.8000000000466%2C%22le%22%3A1520.5%7D\" height=\"881\" frameborder=\"0\" scrolling=\"no\" allowfullscreen=\"allowfullscreen\" data-instgrm-payload-id=\"instagram-media-payload-0\" data-mce-fragment=\"1\"><\/iframe><\/p>\n<p>&nbsp;<\/p>\n<p>&nbsp;<\/p>\n<\/div>\n<p style=\"text-align: justify;\">\n<p style=\"text-align: justify;\">\n<p style=\"text-align: justify;\">\n<p style=\"text-align: justify;\">\n<p style=\"text-align: justify;\">\n<p style=\"text-align: justify;\">\n<p style=\"text-align: justify;\">clickpb<\/p>\n","protected":false},"excerpt":{"rendered":"<p>A banda Cavaleiros do Forr\u00f3 anunciou na manh\u00e3 desta quinta-feira (04) que ir\u00e1 gravar um novo DVD em Jo\u00e3o Pessoa. O novo produto audiovisual ser\u00e1 gravado em 05 de agosto, no Busto de Tamandar\u00e9, entre as praias de Tamba\u00fa e Cabo Branco. O local \u00e9 o mesmo onde a banda gravou seu 2\u00ba DVD, para<\/p>\n","protected":false},"author":1,"featured_media":34135,"comment_status":"open","ping_status":"open","sticky":false,"template":"","format":"standard","meta":{"_eb_attr":"","footnotes":""},"categories":[7,9],"tags":[],"class_list":["post-34132","post","type-post","status-publish","format-standard","has-post-thumbnail","hentry","category-destaque","category-entretenimento"],"_links":{"self":[{"href":"https:\/\/portalmidia.net\/index.php\/wp-json\/wp\/v2\/posts\/34132","targetHints":{"allow":["GET"]}}],"collection":[{"href":"https:\/\/portalmidia.net\/index.php\/wp-json\/wp\/v2\/posts"}],"about":[{"href":"https:\/\/portalmidia.net\/index.php\/wp-json\/wp\/v2\/types\/post"}],"author":[{"embeddable":true,"href":"https:\/\/portalmidia.net\/index.php\/wp-json\/wp\/v2\/users\/1"}],"replies":[{"embeddable":true,"href":"https:\/\/portalmidia.net\/index.php\/wp-json\/wp\/v2\/comments?post=34132"}],"version-history":[{"count":1,"href":"https:\/\/portalmidia.net\/index.php\/wp-json\/wp\/v2\/posts\/34132\/revisions"}],"predecessor-version":[{"id":34137,"href":"https:\/\/portalmidia.net\/index.php\/wp-json\/wp\/v2\/posts\/34132\/revisions\/34137"}],"wp:featuredmedia":[{"embeddable":true,"href":"https:\/\/portalmidia.net\/index.php\/wp-json\/wp\/v2\/media\/34135"}],"wp:attachment":[{"href":"https:\/\/portalmidia.net\/index.php\/wp-json\/wp\/v2\/media?parent=34132"}],"wp:term":[{"taxonomy":"category","embeddable":true,"href":"https:\/\/portalmidia.net\/index.php\/wp-json\/wp\/v2\/categories?post=34132"},{"taxonomy":"post_tag","embeddable":true,"href":"https:\/\/portalmidia.net\/index.php\/wp-json\/wp\/v2\/tags?post=34132"}],"curies":[{"name":"wp","href":"https:\/\/api.w.org\/{rel}","templated":true}]}}