 {"id":35103,"date":"2024-07-16T08:57:48","date_gmt":"2024-07-16T11:57:48","guid":{"rendered":"https:\/\/portalmidia.net\/?p=35103"},"modified":"2024-07-16T08:57:48","modified_gmt":"2024-07-16T11:57:48","slug":"pesquisa-46-da-populacao-acham-que-pais-esta-melhor-este-ano","status":"publish","type":"post","link":"https:\/\/portalmidia.net\/index.php\/2024\/07\/16\/pesquisa-46-da-populacao-acham-que-pais-esta-melhor-este-ano\/","title":{"rendered":"Pesquisa: 46% da popula\u00e7\u00e3o acham que pa\u00eds est\u00e1 melhor este ano"},"content":{"rendered":"<p style=\"text-align: center;\"><em>Imagem: Marcello Casal Jr\/Ag\u00eancia Brasil<\/em><\/p>\n<p style=\"text-align: justify;\">Uma pesquisa realizada pela Federa\u00e7\u00e3o Brasileira de Bancos (Febraban) mostra\u00a0que 46% dos entrevistados para o Radar Febraban avaliam que o pa\u00eds melhorou em rela\u00e7\u00e3o a 2023, mesmo percentual da pesquisa de abril. O contingente que acha que o pa\u00eds est\u00e1 igual ao ano passado \u00e9 de 31%, um ponto a mais que no levantamento anterior. Realizada entre os dias 28 de junho a 4 de julho, com 2 mil pessoas nas cinco regi\u00f5es do pa\u00eds, pelo Instituto de Pesquisas Sociais, Pol\u00edticas e Econ\u00f4micas (Ipespe), o Radar Febraban mapeia a percep\u00e7\u00e3o e expectativa da sociedade sobre a vida, aspectos da economia e prioridades para o pa\u00eds.<img decoding=\"async\" src=\"https:\/\/agenciabrasil.ebc.com.br\/ebc.png?id=1604140&amp;o=node\" \/><img decoding=\"async\" src=\"https:\/\/agenciabrasil.ebc.com.br\/ebc.gif?id=1604140&amp;o=node\" \/><\/p>\n<p style=\"text-align: justify;\">A mesma tend\u00eancia de otimismo se verifica quanto \u00e0 expectativa de melhora do pa\u00eds no restante do ano. Para 55%, haver\u00e1 melhora e para 23% tudo continuar\u00e1 da mesma forma. Desde fevereiro de 2023, a perspectiva positiva da popula\u00e7\u00e3o diante do futuro permanece est\u00e1vel e acima dos 53% verificados em fevereiro de 2023.<\/p>\n<p style=\"text-align: justify;\">Para 73% dos entrevistados, a infla\u00e7\u00e3o continua sendo uma preocupa\u00e7\u00e3o. Esse contingente avaliou que os pre\u00e7os dos produtos aumentaram ou aumentaram muito em compara\u00e7\u00e3o com os \u00faltimos seis meses. A percep\u00e7\u00e3o de queda dos pre\u00e7os foi de 8% e o percentual daqueles que pensam que a infla\u00e7\u00e3o ficou est\u00e1vel \u00e9 de 1%.<\/p>\n<p style=\"text-align: justify;\">Segundo o soci\u00f3logo e cientista pol\u00edtico Antonio Lavareda, presidente do Conselho Cient\u00edfico do Ipespe, apesar do otimismo, h\u00e1 cautela com rela\u00e7\u00e3o ao pa\u00eds. \u201cDe um lado, mant\u00e9m a percep\u00e7\u00e3o de que a situa\u00e7\u00e3o est\u00e1 melhor do que antes e expressa esperan\u00e7a de que a situa\u00e7\u00e3o do pa\u00eds vai melhorar. Mas, a press\u00e3o dos pre\u00e7os de algumas categorias de produtos e de servi\u00e7os, que continuam impactando no seu bolso, refreia a expans\u00e3o do otimismo\u201d, avaliou.<\/p>\n<p style=\"text-align: justify;\">A pesquisa tamb\u00e9m indicou que, para 42%, a vida pessoal e familiar est\u00e1 igual ao ano passado, enquanto 39% avaliam que est\u00e1 melhor. A percep\u00e7\u00e3o de piora oscilou de 17% para 19% entre abril e julho. Para 67%, a\u00a0vida pessoal e familiar ir\u00e1 melhorar no restante de 2024. Pelo menos 38% disseram que estar\u00e3o menos endividados este ano do que estavam em 2023 e 36% n\u00e3o veem\u00a0perspectiva de altera\u00e7\u00e3o no endividamento. J\u00e1 23% pensam que estar\u00e3o mais endividados.<\/p>\n<h2 style=\"text-align: justify;\">Proje\u00e7\u00e3o para aumentos<\/h2>\n<p style=\"text-align: justify;\">Segundo o Radar Febraban, 59% das pessoas pensam que a infla\u00e7\u00e3o e o custo de vida sofrer\u00e3o aumento; o mesmo percentual acredita no aumento de suas d\u00edvidas. Aqueles que acreditam que os impostos aumentar\u00e3o s\u00e3o 58%. Para 50%, haver\u00e1 aumento da\u00a0taxa de juros. Entre os entrevistados, 36% acreditam que haver\u00e1 expans\u00e3o do cr\u00e9dito e do acesso e 31% acham que que o poder de compra das pessoas. Mas 38% creem que o desemprego crescer\u00e1 e 30% acreditam que haver\u00e1 aumento do sal\u00e1rio.<\/p>\n<h2 style=\"text-align: justify;\">Desejos da popula\u00e7\u00e3o<\/h2>\n<p style=\"text-align: justify;\">Mais da metade dos brasileiros (53%) declararam que investiriam em moradia, seja para comprar (34%) ou reformar (19%) caso tivesse recursos para isso. Em seguida, se houvesse sobras no or\u00e7amento, 46% aplicariam o dinheiro no banco (poupan\u00e7a: 21%; outros: 25%). Em seguida, aparecem os investimentos em educa\u00e7\u00e3o pessoal. A educa\u00e7\u00e3o\u00a0da fam\u00edlia v\u00eam na sequ\u00eancia (12%). Os entrevistados tamb\u00e9m expressaram vontade de viajar; comprar carro (8%); fazer ou melhorar o plano de sa\u00fade (8%); comprar eletrodom\u00e9sticos ou eletr\u00f4nicos (5%); comprar moto (3%); fazer seguro de carro, casa, vida ou outros (2%).<\/p>\n<p style=\"text-align: justify;\"><em>Ag\u00eancia Brasil<\/em><\/p>\n","protected":false},"excerpt":{"rendered":"<p>Imagem: Marcello Casal Jr\/Ag\u00eancia Brasil Uma pesquisa realizada pela Federa\u00e7\u00e3o Brasileira de Bancos (Febraban) mostra\u00a0que 46% dos entrevistados para o Radar Febraban avaliam que o pa\u00eds melhorou em rela\u00e7\u00e3o a 2023, mesmo percentual da pesquisa de abril. O contingente que acha que o pa\u00eds est\u00e1 igual ao ano passado \u00e9 de 31%, um ponto a<\/p>\n","protected":false},"author":1,"featured_media":35104,"comment_status":"open","ping_status":"open","sticky":false,"template":"","format":"standard","meta":{"_eb_attr":"","footnotes":""},"categories":[7,6],"tags":[],"class_list":["post-35103","post","type-post","status-publish","format-standard","has-post-thumbnail","hentry","category-destaque","category-sexualidade-e-comportamento"],"_links":{"self":[{"href":"https:\/\/portalmidia.net\/index.php\/wp-json\/wp\/v2\/posts\/35103","targetHints":{"allow":["GET"]}}],"collection":[{"href":"https:\/\/portalmidia.net\/index.php\/wp-json\/wp\/v2\/posts"}],"about":[{"href":"https:\/\/portalmidia.net\/index.php\/wp-json\/wp\/v2\/types\/post"}],"author":[{"embeddable":true,"href":"https:\/\/portalmidia.net\/index.php\/wp-json\/wp\/v2\/users\/1"}],"replies":[{"embeddable":true,"href":"https:\/\/portalmidia.net\/index.php\/wp-json\/wp\/v2\/comments?post=35103"}],"version-history":[{"count":1,"href":"https:\/\/portalmidia.net\/index.php\/wp-json\/wp\/v2\/posts\/35103\/revisions"}],"predecessor-version":[{"id":35105,"href":"https:\/\/portalmidia.net\/index.php\/wp-json\/wp\/v2\/posts\/35103\/revisions\/35105"}],"wp:featuredmedia":[{"embeddable":true,"href":"https:\/\/portalmidia.net\/index.php\/wp-json\/wp\/v2\/media\/35104"}],"wp:attachment":[{"href":"https:\/\/portalmidia.net\/index.php\/wp-json\/wp\/v2\/media?parent=35103"}],"wp:term":[{"taxonomy":"category","embeddable":true,"href":"https:\/\/portalmidia.net\/index.php\/wp-json\/wp\/v2\/categories?post=35103"},{"taxonomy":"post_tag","embeddable":true,"href":"https:\/\/portalmidia.net\/index.php\/wp-json\/wp\/v2\/tags?post=35103"}],"curies":[{"name":"wp","href":"https:\/\/api.w.org\/{rel}","templated":true}]}}