 {"id":35169,"date":"2024-07-16T11:27:38","date_gmt":"2024-07-16T14:27:38","guid":{"rendered":"https:\/\/portalmidia.net\/?p=35169"},"modified":"2024-07-16T11:27:38","modified_gmt":"2024-07-16T14:27:38","slug":"wanessa-celebra-anuncio-de-que-zeze-di-camargo-sera-pai-pela-4a-vez-novo-ciclo","status":"publish","type":"post","link":"https:\/\/portalmidia.net\/index.php\/2024\/07\/16\/wanessa-celebra-anuncio-de-que-zeze-di-camargo-sera-pai-pela-4a-vez-novo-ciclo\/","title":{"rendered":"Wanessa celebra an\u00fancio de que Zez\u00e9 Di Camargo ser\u00e1 pai pela 4\u00aa vez: \u2018Novo ciclo\u2019"},"content":{"rendered":"<p style=\"text-align: justify;\">A cantora Wanessa Camargo celebrou o an\u00fancio de que Zez\u00e9 Di Camargo ser\u00e1 pai pela quarta vez nesta quinta-feira (11). Al\u00e9m de Wanessa, que tem 41 anos, o cantor tamb\u00e9m \u00e9 pai de Camilla, de 38, e Igor, de 29, frutos do relacionamento com Zilu God\u00f3i.<\/p>\n<p style=\"text-align: justify;\">\u201cQue ben\u00e7\u00e3o\u201d, escreveu a artista nos coment\u00e1rios do v\u00eddeo em que Zez\u00e9 e\u00a0<strong>Graciele Lacerda<\/strong>\u00a0anunciaram a\u00a0<strong>gravidez<\/strong>. \u201cQue Deus ilumine esse novo ciclo em suas vidas. Viva.\u201d<\/p>\n<p style=\"text-align: justify;\">O cantor e a influenciadora tentavam ter um filho h\u00e1 quatro anos e j\u00e1 haviam realizado duas tentativas frustradas de fertiliza\u00e7\u00e3o in vitro. Graciele atribuiu a gravidez \u00e0 f\u00e9.<\/p>\n<p style=\"text-align: justify;\">\u201cHouve tempos em que eu me sentia perdida sem saber qual seria o pr\u00f3ximo passou ou se realmente deveria dar o pr\u00f3ximo passo\u201d, afirma no v\u00eddeo divulgado nas redes. \u201cMas em todos esses momentos a minha f\u00e9 em Deus me manteve firme.\u201d<\/p>\n<p style=\"text-align: justify;\">Graciele ser\u00e1 m\u00e3e pela primeira vez aos 43 anos de idade. O casal est\u00e1 junto desde 2014.<\/p>\n<p style=\"text-align: justify;\"><em>Portal Correio<\/em><\/p>\n","protected":false},"excerpt":{"rendered":"<p>A cantora Wanessa Camargo celebrou o an\u00fancio de que Zez\u00e9 Di Camargo ser\u00e1 pai pela quarta vez nesta quinta-feira (11). Al\u00e9m de Wanessa, que tem 41 anos, o cantor tamb\u00e9m \u00e9 pai de Camilla, de 38, e Igor, de 29, frutos do relacionamento com Zilu God\u00f3i. \u201cQue ben\u00e7\u00e3o\u201d, escreveu a artista nos coment\u00e1rios do v\u00eddeo<\/p>\n","protected":false},"author":1,"featured_media":35170,"comment_status":"open","ping_status":"open","sticky":false,"template":"","format":"standard","meta":{"_eb_attr":"","footnotes":""},"categories":[7,11],"tags":[],"class_list":["post-35169","post","type-post","status-publish","format-standard","has-post-thumbnail","hentry","category-destaque","category-famosos"],"_links":{"self":[{"href":"https:\/\/portalmidia.net\/index.php\/wp-json\/wp\/v2\/posts\/35169","targetHints":{"allow":["GET"]}}],"collection":[{"href":"https:\/\/portalmidia.net\/index.php\/wp-json\/wp\/v2\/posts"}],"about":[{"href":"https:\/\/portalmidia.net\/index.php\/wp-json\/wp\/v2\/types\/post"}],"author":[{"embeddable":true,"href":"https:\/\/portalmidia.net\/index.php\/wp-json\/wp\/v2\/users\/1"}],"replies":[{"embeddable":true,"href":"https:\/\/portalmidia.net\/index.php\/wp-json\/wp\/v2\/comments?post=35169"}],"version-history":[{"count":1,"href":"https:\/\/portalmidia.net\/index.php\/wp-json\/wp\/v2\/posts\/35169\/revisions"}],"predecessor-version":[{"id":35171,"href":"https:\/\/portalmidia.net\/index.php\/wp-json\/wp\/v2\/posts\/35169\/revisions\/35171"}],"wp:featuredmedia":[{"embeddable":true,"href":"https:\/\/portalmidia.net\/index.php\/wp-json\/wp\/v2\/media\/35170"}],"wp:attachment":[{"href":"https:\/\/portalmidia.net\/index.php\/wp-json\/wp\/v2\/media?parent=35169"}],"wp:term":[{"taxonomy":"category","embeddable":true,"href":"https:\/\/portalmidia.net\/index.php\/wp-json\/wp\/v2\/categories?post=35169"},{"taxonomy":"post_tag","embeddable":true,"href":"https:\/\/portalmidia.net\/index.php\/wp-json\/wp\/v2\/tags?post=35169"}],"curies":[{"name":"wp","href":"https:\/\/api.w.org\/{rel}","templated":true}]}}