 {"id":35321,"date":"2024-07-18T09:22:25","date_gmt":"2024-07-18T12:22:25","guid":{"rendered":"https:\/\/portalmidia.net\/?p=35321"},"modified":"2024-07-18T09:22:25","modified_gmt":"2024-07-18T12:22:25","slug":"salva-por-milagre-diz-mae-de-mulher-puxada-pelos-cabelos-em-rodovia","status":"publish","type":"post","link":"https:\/\/portalmidia.net\/index.php\/2024\/07\/18\/salva-por-milagre-diz-mae-de-mulher-puxada-pelos-cabelos-em-rodovia\/","title":{"rendered":"\u201cSalva por milagre\u201d, diz m\u00e3e de mulher puxada pelos cabelos em rodovia"},"content":{"rendered":"<p style=\"text-align: justify;\">\u00a0<a href=\"https:\/\/www.metropoles.com\/sao-paulo\/video-homem-agride-e-arrasta-mulher-pelo-cabelo-em-rodovia-no-litoral\">A mulher que foi arrastada pelos cabelos por um homem na Rodovia dos Imigrantes<\/a>, na altura de S\u00e3o Vicente, no litoral de\u00a0<a href=\"https:\/\/www.metropoles.com\/sao-paulo\" target=\"_blank\" rel=\"noopener\">S\u00e3o Paulo<\/a>\u00a0est\u00e1 internada para operar uma fratura no bra\u00e7o que teria sido causada pelo agressor, de acordo com informa\u00e7\u00f5es da m\u00e3e dela. C\u00e2meras de monitoramento flagraram (<em>assista abaixo<\/em>) ele dando socos e chutes no corpo da v\u00edtima, de 42 anos, que parece estar desacordada.<\/p>\n<p style=\"text-align: justify;\" data-gtm-vis-recent-on-screen104869357_94=\"200725\" data-gtm-vis-first-on-screen104869357_94=\"200726\" data-gtm-vis-total-visible-time104869357_94=\"100\" data-gtm-vis-has-fired104869357_94=\"1\">Depois, ele a arrasta pelos cabelos na dire\u00e7\u00e3o do carro vermelho que os dois ocuparam e estava parado na pista norte, no km 67, na altura da Esplanada dos Barreiros.<\/p>\n<div style=\"text-align: justify;\"><iframe title=\"homem agride e arrasta mulher pelo cabelo em rodovia de SP.mp4\" src=\"https:\/\/cdn.jwplayer.com\/players\/JMTX3G3S-UoHZWlYw.html\" width=\"100%\" height=\"100%\" frameborder=\"0\" scrolling=\"auto\" allowfullscreen=\"allowfullscreen\" data-mce-fragment=\"1\"><\/iframe><\/div>\n<p style=\"text-align: justify;\">\n<div class=\"m-banner-wrap m-banner-rectangle m-publicity-content-middle\" style=\"text-align: justify;\">\n<div id=\"div-gpt-ad-sao-paulo-quadrado-2\" class=\"ad-displayed\" data-google-query-id=\"CObXpJbJsIcDFew-uQYd9yYCsQ\">\n<p>\u201cMinha neta me ligou [dia 16] dizendo que ela [v\u00edtima] estava com bastante hematoma e que quebrou o bra\u00e7o. Estava esperando a cirurgia quando ela ligou\u201d, disse a aposentada.<\/p>\n<p>Em entrevista ao portal G1, a m\u00e3e da v\u00edtima disse a filha foi salva \u201cpor milagre\u201d: \u201c\u00c9 Deus. Eu oro a Deus por isso [sobreviv\u00eancia da filha] todos os dias [\u2026]. Foi um milagre, porque ela j\u00e1 estava desmaiada no ch\u00e3o e o cara batendo\u201d, lamentou a aposentada.<\/p>\n<\/div>\n<\/div>\n<p style=\"text-align: justify;\">A m\u00e3e disse ao G1 que n\u00e3o conhece o homem nem o n\u00edvel de proximidade entre a filha e o agressor, mas afirmou que eles n\u00e3o t\u00eam um relacionamento s\u00e9rio. Segundo a aposentada, a v\u00edtima havia viajado para Praia Grande e tinha planos de voltar para Cotia, na Regi\u00e3o Metropolitana de S\u00e3o Paulo, no domingo, mas acabou mudando de ideia e informou que retornaria na segunda-feira, quando as agress\u00f5es ocorreram.<\/p>\n<p style=\"text-align: justify;\">Segundo o\u00a0<a href=\"https:\/\/www.delegaciaeletronica.policiacivil.sp.gov.br\/\" target=\"_blank\" rel=\"noopener\">boletim de ocorr\u00eancia<\/a>, policiais militares que estavam em patrulhamento foram acionados por volta da 0h40 pelo Centro de Controle Operacional, que flagrou a agress\u00e3o por meio das c\u00e2meras.<\/p>\n<p style=\"text-align: justify;\">A\u00a0<a href=\"https:\/\/www.metropoles.com\/tag\/policia-militar\" target=\"_blank\" rel=\"noopener\">Pol\u00edcia Militar<\/a>\u00a0encontrou a v\u00edtima sentada no acostamento com v\u00e1rios ferimentos e hematomas, inclusive, no rosto e nas pernas. Ela foi levada ao Pronto-Socorro Central de S\u00e3o Vicente e n\u00e3o soube informar o que havia ocorrido ap\u00f3s acordar.<\/p>\n<p style=\"text-align: justify;\">J\u00e1 a\u00a0<a href=\"https:\/\/www.policiacivil.sp.gov.br\/\" target=\"_blank\" rel=\"noopener\">Pol\u00edcia Civil<\/a>\u00a0representou pela convers\u00e3o da pris\u00e3o em flagrante em preventiva por avaliar que o agressor causou medo na v\u00edtima e seria capaz de atentar contra a vida dela caso continuasse solto.<\/p>\n<p style=\"text-align: justify;\">O caso foi registrado como tentativa de feminic\u00eddio na Delegacia de S\u00e3o Vicente.<\/p>\n<p style=\"text-align: justify;\">\n<p style=\"text-align: justify;\">\n<p style=\"text-align: justify;\">\n<p style=\"text-align: justify;\">\n<p style=\"text-align: justify;\">metropoles<\/p>\n","protected":false},"excerpt":{"rendered":"<p>\u00a0A mulher que foi arrastada pelos cabelos por um homem na Rodovia dos Imigrantes, na altura de S\u00e3o Vicente, no litoral de\u00a0S\u00e3o Paulo\u00a0est\u00e1 internada para operar uma fratura no bra\u00e7o que teria sido causada pelo agressor, de acordo com informa\u00e7\u00f5es da m\u00e3e dela. C\u00e2meras de monitoramento flagraram (assista abaixo) ele dando socos e chutes no<\/p>\n","protected":false},"author":1,"featured_media":35323,"comment_status":"open","ping_status":"open","sticky":false,"template":"","format":"standard","meta":{"_eb_attr":"","footnotes":""},"categories":[7,2],"tags":[],"class_list":["post-35321","post","type-post","status-publish","format-standard","has-post-thumbnail","hentry","category-destaque","category-policial"],"_links":{"self":[{"href":"https:\/\/portalmidia.net\/index.php\/wp-json\/wp\/v2\/posts\/35321","targetHints":{"allow":["GET"]}}],"collection":[{"href":"https:\/\/portalmidia.net\/index.php\/wp-json\/wp\/v2\/posts"}],"about":[{"href":"https:\/\/portalmidia.net\/index.php\/wp-json\/wp\/v2\/types\/post"}],"author":[{"embeddable":true,"href":"https:\/\/portalmidia.net\/index.php\/wp-json\/wp\/v2\/users\/1"}],"replies":[{"embeddable":true,"href":"https:\/\/portalmidia.net\/index.php\/wp-json\/wp\/v2\/comments?post=35321"}],"version-history":[{"count":1,"href":"https:\/\/portalmidia.net\/index.php\/wp-json\/wp\/v2\/posts\/35321\/revisions"}],"predecessor-version":[{"id":35324,"href":"https:\/\/portalmidia.net\/index.php\/wp-json\/wp\/v2\/posts\/35321\/revisions\/35324"}],"wp:featuredmedia":[{"embeddable":true,"href":"https:\/\/portalmidia.net\/index.php\/wp-json\/wp\/v2\/media\/35323"}],"wp:attachment":[{"href":"https:\/\/portalmidia.net\/index.php\/wp-json\/wp\/v2\/media?parent=35321"}],"wp:term":[{"taxonomy":"category","embeddable":true,"href":"https:\/\/portalmidia.net\/index.php\/wp-json\/wp\/v2\/categories?post=35321"},{"taxonomy":"post_tag","embeddable":true,"href":"https:\/\/portalmidia.net\/index.php\/wp-json\/wp\/v2\/tags?post=35321"}],"curies":[{"name":"wp","href":"https:\/\/api.w.org\/{rel}","templated":true}]}}