 {"id":35340,"date":"2024-07-18T09:30:47","date_gmt":"2024-07-18T12:30:47","guid":{"rendered":"https:\/\/portalmidia.net\/?p=35340"},"modified":"2024-07-18T09:30:47","modified_gmt":"2024-07-18T12:30:47","slug":"juiz-manda-ruy-carneiro-retirar-postagem-contra-cicero-lucena-no-instagram-e-ameaca-com-multa-de-r-10-mil-por-dia","status":"publish","type":"post","link":"https:\/\/portalmidia.net\/index.php\/2024\/07\/18\/juiz-manda-ruy-carneiro-retirar-postagem-contra-cicero-lucena-no-instagram-e-ameaca-com-multa-de-r-10-mil-por-dia\/","title":{"rendered":"Juiz manda Ruy Carneiro retirar postagem contra C\u00edcero Lucena no Instagram e amea\u00e7a com multa de R$ 10 mil por dia"},"content":{"rendered":"<p style=\"text-align: justify;\">O\u00a0<a href=\"https:\/\/www.tjpb.jus.br\/\" target=\"_blank\" rel=\"noopener\">juiz<\/a> Adilson Fabr\u00edcio Gomes Filho, da 1\u00aa Zona Eleitoral em Jo\u00e3o Pessoa, determinou que o deputado federal Ruy Carneiro retire do ar uma postagem feita no Instagram contra C\u00edcero Lucena. A decis\u00e3o foi tomada nesta quarta-feira (17).<\/p>\n<p style=\"text-align: justify;\">Na den\u00fancia, \u00a0a defesa de C\u00edcero alegou que Ruy Carneiro promoveu propaganda negativa contra C\u00edcero Lucena \u201cdegradando a imagem do tamb\u00e9m pr\u00e9-candidato, tentando incutir e interferir negativamente para os seus mais de 53.600\u201d.<\/p>\n<div class=\"post-content-timeline-render\" style=\"text-align: justify;\">\n<p>\u201cA postagem degradante utiliza-se montagem e trucagem, pegando parte do Guia Eleitoral das Elei\u00e7\u00f5es de 2020, para trazer a imagem negativa do pr\u00e9- candidato Cicero Lucena com p\u00e9ssimo administrador\u201d, afirmou a defesa de C\u00edcero.<\/p>\n<p>Na decis\u00e3o, o juiz deferiu parcialmente o pedido dos advogados de C\u00edcero e determinou a remo\u00e7\u00e3o da publica\u00e7\u00e3o de Ruy em prazo de 24 horas.<\/p>\n<div class=\"banner-ad-container container\"><\/div>\n<p>\u201cDefiro parcialmente a tutela de urg\u00eancia para determinar que o representado remova, no prazo de 24 (vinte e quatro) horas, no seu perfil no Instagram, a referida postagem, sob pena de pagamento de multa di\u00e1ria de R$ 10.000,00 (dez mil reais) em caso de descumprimento da presente decis\u00e3o\u201d, decidiu o juiz.<\/p>\n<h3>Veja abaixo a decis\u00e3o do juiz:<\/h3>\n<p><img fetchpriority=\"high\" class=\"wp-image-549981 size-full lazy\" sizes=\"(max-width: 1653px) 100vw, 1653px\" srcset=\"https:\/\/www.clickpb.com.br\/wp-content\/uploads\/2024\/07\/2.jpg 1653w, https:\/\/www.clickpb.com.br\/wp-content\/uploads\/2024\/07\/2-370x400.jpg 370w, https:\/\/www.clickpb.com.br\/wp-content\/uploads\/2024\/07\/2-739x800.jpg 739w, https:\/\/www.clickpb.com.br\/wp-content\/uploads\/2024\/07\/2-768x831.jpg 768w, https:\/\/www.clickpb.com.br\/wp-content\/uploads\/2024\/07\/2-1419x1536.jpg 1419w, https:\/\/www.clickpb.com.br\/wp-content\/uploads\/2024\/07\/2-150x162.jpg 150w\" alt=\"\" width=\"1653\" height=\"1789\" data-src=\"http:\/\/www.clickpb.com.br\/wp-content\/uploads\/2024\/07\/2.jpg\" \/><img class=\"wp-image-549979 size-full lazy\" sizes=\"(max-width: 1653px) 100vw, 1653px\" srcset=\"https:\/\/www.clickpb.com.br\/wp-content\/uploads\/2024\/07\/1.jpg 1653w, https:\/\/www.clickpb.com.br\/wp-content\/uploads\/2024\/07\/1-277x400.jpg 277w, https:\/\/www.clickpb.com.br\/wp-content\/uploads\/2024\/07\/1-554x800.jpg 554w, https:\/\/www.clickpb.com.br\/wp-content\/uploads\/2024\/07\/1-768x1109.jpg 768w, https:\/\/www.clickpb.com.br\/wp-content\/uploads\/2024\/07\/1-1064x1536.jpg 1064w, https:\/\/www.clickpb.com.br\/wp-content\/uploads\/2024\/07\/1-1419x2048.jpg 1419w, https:\/\/www.clickpb.com.br\/wp-content\/uploads\/2024\/07\/1-150x217.jpg 150w\" alt=\"\" width=\"1653\" height=\"2386\" data-src=\"http:\/\/www.clickpb.com.br\/wp-content\/uploads\/2024\/07\/1.jpg\" \/><img class=\"wp-image-549978 size-full lazy\" sizes=\"(max-width: 1653px) 100vw, 1653px\" srcset=\"https:\/\/www.clickpb.com.br\/wp-content\/uploads\/2024\/07\/3.jpg 1653w, https:\/\/www.clickpb.com.br\/wp-content\/uploads\/2024\/07\/3-276x400.jpg 276w, https:\/\/www.clickpb.com.br\/wp-content\/uploads\/2024\/07\/3-551x800.jpg 551w, https:\/\/www.clickpb.com.br\/wp-content\/uploads\/2024\/07\/3-768x1115.jpg 768w, https:\/\/www.clickpb.com.br\/wp-content\/uploads\/2024\/07\/3-1058x1536.jpg 1058w, https:\/\/www.clickpb.com.br\/wp-content\/uploads\/2024\/07\/3-1411x2048.jpg 1411w, https:\/\/www.clickpb.com.br\/wp-content\/uploads\/2024\/07\/3-150x218.jpg 150w\" alt=\"\" width=\"1653\" height=\"2399\" data-src=\"http:\/\/www.clickpb.com.br\/wp-content\/uploads\/2024\/07\/3.jpg\" \/><img loading=\"lazy\" class=\"wp-image-549977 size-full lazy\" sizes=\"(max-width: 1653px) 100vw, 1653px\" srcset=\"https:\/\/www.clickpb.com.br\/wp-content\/uploads\/2024\/07\/4.jpg 1653w, https:\/\/www.clickpb.com.br\/wp-content\/uploads\/2024\/07\/4-276x400.jpg 276w, https:\/\/www.clickpb.com.br\/wp-content\/uploads\/2024\/07\/4-551x800.jpg 551w, https:\/\/www.clickpb.com.br\/wp-content\/uploads\/2024\/07\/4-768x1115.jpg 768w, https:\/\/www.clickpb.com.br\/wp-content\/uploads\/2024\/07\/4-1058x1536.jpg 1058w, https:\/\/www.clickpb.com.br\/wp-content\/uploads\/2024\/07\/4-1411x2048.jpg 1411w, https:\/\/www.clickpb.com.br\/wp-content\/uploads\/2024\/07\/4-150x218.jpg 150w\" alt=\"\" width=\"1653\" height=\"2399\" data-src=\"http:\/\/www.clickpb.com.br\/wp-content\/uploads\/2024\/07\/4.jpg\" \/><img loading=\"lazy\" class=\"wp-image-549976 size-full lazy\" sizes=\"(max-width: 1653px) 100vw, 1653px\" srcset=\"https:\/\/www.clickpb.com.br\/wp-content\/uploads\/2024\/07\/5.jpg 1653w, https:\/\/www.clickpb.com.br\/wp-content\/uploads\/2024\/07\/5-276x400.jpg 276w, https:\/\/www.clickpb.com.br\/wp-content\/uploads\/2024\/07\/5-551x800.jpg 551w, https:\/\/www.clickpb.com.br\/wp-content\/uploads\/2024\/07\/5-768x1115.jpg 768w, https:\/\/www.clickpb.com.br\/wp-content\/uploads\/2024\/07\/5-1058x1536.jpg 1058w, https:\/\/www.clickpb.com.br\/wp-content\/uploads\/2024\/07\/5-1411x2048.jpg 1411w, https:\/\/www.clickpb.com.br\/wp-content\/uploads\/2024\/07\/5-150x218.jpg 150w\" alt=\"\" width=\"1653\" height=\"2399\" data-src=\"http:\/\/www.clickpb.com.br\/wp-content\/uploads\/2024\/07\/5.jpg\" \/><\/p>\n<p><img loading=\"lazy\" class=\"alignnone wp-image-549975 size-full lazy\" sizes=\"(max-width: 1653px) 100vw, 1653px\" srcset=\"https:\/\/www.clickpb.com.br\/wp-content\/uploads\/2024\/07\/6.jpg 1653w, https:\/\/www.clickpb.com.br\/wp-content\/uploads\/2024\/07\/6-276x400.jpg 276w, https:\/\/www.clickpb.com.br\/wp-content\/uploads\/2024\/07\/6-551x800.jpg 551w, https:\/\/www.clickpb.com.br\/wp-content\/uploads\/2024\/07\/6-768x1115.jpg 768w, https:\/\/www.clickpb.com.br\/wp-content\/uploads\/2024\/07\/6-1058x1536.jpg 1058w, https:\/\/www.clickpb.com.br\/wp-content\/uploads\/2024\/07\/6-1411x2048.jpg 1411w, https:\/\/www.clickpb.com.br\/wp-content\/uploads\/2024\/07\/6-150x218.jpg 150w\" alt=\"\" width=\"1653\" height=\"2399\" data-src=\"http:\/\/www.clickpb.com.br\/wp-content\/uploads\/2024\/07\/6.jpg\" \/><\/p>\n<\/div>\n<div class=\"common-social-media justify-content-start\" style=\"text-align: justify;\"><\/div>\n<p style=\"text-align: justify;\">\n<p style=\"text-align: justify;\">\n<p style=\"text-align: justify;\">\n<p style=\"text-align: justify;\">\n<p style=\"text-align: justify;\">\n<p style=\"text-align: justify;\">\n<p style=\"text-align: justify;\">\n<p style=\"text-align: justify;\">\n<p style=\"text-align: justify;\">clickpb<\/p>\n","protected":false},"excerpt":{"rendered":"<p>O\u00a0juiz Adilson Fabr\u00edcio Gomes Filho, da 1\u00aa Zona Eleitoral em Jo\u00e3o Pessoa, determinou que o deputado federal Ruy Carneiro retire do ar uma postagem feita no Instagram contra C\u00edcero Lucena. A decis\u00e3o foi tomada nesta quarta-feira (17). Na den\u00fancia, \u00a0a defesa de C\u00edcero alegou que Ruy Carneiro promoveu propaganda negativa contra C\u00edcero Lucena \u201cdegradando a<\/p>\n","protected":false},"author":1,"featured_media":35343,"comment_status":"open","ping_status":"open","sticky":false,"template":"","format":"standard","meta":{"_eb_attr":"","footnotes":""},"categories":[7,3],"tags":[],"class_list":["post-35340","post","type-post","status-publish","format-standard","has-post-thumbnail","hentry","category-destaque","category-politica"],"_links":{"self":[{"href":"https:\/\/portalmidia.net\/index.php\/wp-json\/wp\/v2\/posts\/35340","targetHints":{"allow":["GET"]}}],"collection":[{"href":"https:\/\/portalmidia.net\/index.php\/wp-json\/wp\/v2\/posts"}],"about":[{"href":"https:\/\/portalmidia.net\/index.php\/wp-json\/wp\/v2\/types\/post"}],"author":[{"embeddable":true,"href":"https:\/\/portalmidia.net\/index.php\/wp-json\/wp\/v2\/users\/1"}],"replies":[{"embeddable":true,"href":"https:\/\/portalmidia.net\/index.php\/wp-json\/wp\/v2\/comments?post=35340"}],"version-history":[{"count":1,"href":"https:\/\/portalmidia.net\/index.php\/wp-json\/wp\/v2\/posts\/35340\/revisions"}],"predecessor-version":[{"id":35344,"href":"https:\/\/portalmidia.net\/index.php\/wp-json\/wp\/v2\/posts\/35340\/revisions\/35344"}],"wp:featuredmedia":[{"embeddable":true,"href":"https:\/\/portalmidia.net\/index.php\/wp-json\/wp\/v2\/media\/35343"}],"wp:attachment":[{"href":"https:\/\/portalmidia.net\/index.php\/wp-json\/wp\/v2\/media?parent=35340"}],"wp:term":[{"taxonomy":"category","embeddable":true,"href":"https:\/\/portalmidia.net\/index.php\/wp-json\/wp\/v2\/categories?post=35340"},{"taxonomy":"post_tag","embeddable":true,"href":"https:\/\/portalmidia.net\/index.php\/wp-json\/wp\/v2\/tags?post=35340"}],"curies":[{"name":"wp","href":"https:\/\/api.w.org\/{rel}","templated":true}]}}