 {"id":3537,"date":"2023-07-27T10:30:05","date_gmt":"2023-07-27T13:30:05","guid":{"rendered":"https:\/\/portalmidia.net\/?p=3537"},"modified":"2023-07-27T10:30:05","modified_gmt":"2023-07-27T13:30:05","slug":"ze-vaqueiro-cancela-show-em-joao-pessoa-para-cuidar-do-filho-que-nasceu-com-malformacao-e-esta-na-uti","status":"publish","type":"post","link":"https:\/\/portalmidia.net\/index.php\/2023\/07\/27\/ze-vaqueiro-cancela-show-em-joao-pessoa-para-cuidar-do-filho-que-nasceu-com-malformacao-e-esta-na-uti\/","title":{"rendered":"Z\u00e9 Vaqueiro cancela show em Jo\u00e3o Pessoa para cuidar do filho que nasceu com malforma\u00e7\u00e3o e est\u00e1 na UTI"},"content":{"rendered":"<p style=\"text-align: justify;\">A equipe do cantor Z\u00e9 Vaqueiro, emitiu um comunicado nesta quarta-feira (26), cancelando toda a agenda do cantor, inclusive a apresenta\u00e7\u00e3o dele que aconteceria no Deu Liga, em Jo\u00e3o Pessoa, no pr\u00f3ximo dia 4 de agosto. O cancelamento da agenda foi motivado por quest\u00f5es de sa\u00fade do filho rec\u00e9m nascido.<\/p>\n<p style=\"text-align: justify;\">Ele ficar\u00e1 com a fam\u00edlia para acompanhar Arthur, terceiro filho com Ingra Soares, que nasceu na \u00faltima segunda-feira (24)\u00a0e est\u00e1 na UTI. O irm\u00e3o de Daniel e Nicolly veio ao mundo com uma malforma\u00e7\u00e3o cong\u00eanita rara, a S\u00edndrome de Patau.<\/p>\n<p style=\"text-align: justify;\">Toda sua agenda de shows at\u00e9 o dia 17 de agosto foi cancelada.<\/p>\n<p style=\"text-align: justify;\"><em>&#8220;COMUNICADO &#8211; Na tarde de segunda-feira, 24, nasceu Arthur, filho ca\u00e7ula de Ingra Soares e Z\u00e9 Vaqueiro, que j\u00e1 s\u00e3o pais de Daniel, de 3 anos, e Nicole, de 13. A m\u00e3e passa bem e j\u00e1 recebeu alta hospitalar. O beb\u00ea encontra-se na UTI devido a uma malforma\u00e7\u00e3o cong\u00eanita decorrente da s\u00edndrome da trissomia do cromossomo 13&#8221;, iniciou.<\/em><\/p>\n<p style=\"text-align: justify;\"><em>E completou: &#8220;Diante desta situa\u00e7\u00e3o delicada, informamos o cancelamento dos shows do artista at\u00e9 a data de 17 de agosto. Neste momento, a fam\u00edlia necessita estar unida, cercada de amor e serenidade. Contamos com a compreens\u00e3o de todos e pedimos que se juntem a n\u00f3s em ora\u00e7\u00f5es pelo bem-estar do pequeno Arthur e por toda a fam\u00edlia, que agradece antecipadamente o apoio. Equipe Z\u00e9 Vaqueiro&#8221;.<\/em><\/p>\n<p style=\"text-align: justify;\"><iframe id=\"instagram-embed-0\" class=\"instagram-media\" src=\"https:\/\/www.instagram.com\/p\/CvK3CrGuAHI\/embed\/captioned\/?cr=1&amp;v=14&amp;wp=808&amp;rd=https%3A%2F%2Fwww.clickpb.com.br&amp;rp=%2Fparaiba%2Fze-vaqueiro-cancela-show-em-joao-pessoa-para-cuidar-do-filho-que-nasceu-com-malformacao-e-esta-na-uti-586397.html#%7B%22ci%22%3A0%2C%22os%22%3A2918.8000000002794%2C%22ls%22%3A1805.2000000001863%2C%22le%22%3A2727.7000000001863%7D\" height=\"953\" frameborder=\"0\" scrolling=\"no\" allowfullscreen=\"allowfullscreen\" data-instgrm-payload-id=\"instagram-media-payload-0\" data-mce-fragment=\"1\"><\/iframe><\/p>\n<p style=\"text-align: justify;\">\n<p style=\"text-align: justify;\">\n<p style=\"text-align: justify;\">\n<p style=\"text-align: justify;\">\n<p style=\"text-align: justify;\">\n<p style=\"text-align: justify;\">\n<p style=\"text-align: justify;\">\n<p style=\"text-align: justify;\">\n<p style=\"text-align: justify;\">clickpb<\/p>\n","protected":false},"excerpt":{"rendered":"<p>A equipe do cantor Z\u00e9 Vaqueiro, emitiu um comunicado nesta quarta-feira (26), cancelando toda a agenda do cantor, inclusive a apresenta\u00e7\u00e3o dele que aconteceria no Deu Liga, em Jo\u00e3o Pessoa, no pr\u00f3ximo dia 4 de agosto. O cancelamento da agenda foi motivado por quest\u00f5es de sa\u00fade do filho rec\u00e9m nascido. Ele ficar\u00e1 com a fam\u00edlia<\/p>\n","protected":false},"author":1,"featured_media":3539,"comment_status":"open","ping_status":"open","sticky":false,"template":"","format":"standard","meta":{"_eb_attr":"","footnotes":""},"categories":[7,2],"tags":[],"class_list":["post-3537","post","type-post","status-publish","format-standard","has-post-thumbnail","hentry","category-destaque","category-policial"],"_links":{"self":[{"href":"https:\/\/portalmidia.net\/index.php\/wp-json\/wp\/v2\/posts\/3537","targetHints":{"allow":["GET"]}}],"collection":[{"href":"https:\/\/portalmidia.net\/index.php\/wp-json\/wp\/v2\/posts"}],"about":[{"href":"https:\/\/portalmidia.net\/index.php\/wp-json\/wp\/v2\/types\/post"}],"author":[{"embeddable":true,"href":"https:\/\/portalmidia.net\/index.php\/wp-json\/wp\/v2\/users\/1"}],"replies":[{"embeddable":true,"href":"https:\/\/portalmidia.net\/index.php\/wp-json\/wp\/v2\/comments?post=3537"}],"version-history":[{"count":0,"href":"https:\/\/portalmidia.net\/index.php\/wp-json\/wp\/v2\/posts\/3537\/revisions"}],"wp:featuredmedia":[{"embeddable":true,"href":"https:\/\/portalmidia.net\/index.php\/wp-json\/wp\/v2\/media\/3539"}],"wp:attachment":[{"href":"https:\/\/portalmidia.net\/index.php\/wp-json\/wp\/v2\/media?parent=3537"}],"wp:term":[{"taxonomy":"category","embeddable":true,"href":"https:\/\/portalmidia.net\/index.php\/wp-json\/wp\/v2\/categories?post=3537"},{"taxonomy":"post_tag","embeddable":true,"href":"https:\/\/portalmidia.net\/index.php\/wp-json\/wp\/v2\/tags?post=3537"}],"curies":[{"name":"wp","href":"https:\/\/api.w.org\/{rel}","templated":true}]}}