 {"id":35463,"date":"2024-07-19T23:51:59","date_gmt":"2024-07-20T02:51:59","guid":{"rendered":"https:\/\/portalmidia.net\/?p=35463"},"modified":"2024-07-19T23:51:59","modified_gmt":"2024-07-20T02:51:59","slug":"filho-de-lula-xinga-janja-em-mensagem-no-whatsapp-veja-print","status":"publish","type":"post","link":"https:\/\/portalmidia.net\/index.php\/2024\/07\/19\/filho-de-lula-xinga-janja-em-mensagem-no-whatsapp-veja-print\/","title":{"rendered":"Filho de Lula xinga Janja em mensagem no WhatsApp; veja print"},"content":{"rendered":"<p style=\"text-align: justify;\">Em mensagem no\u00a0<a href=\"https:\/\/www.metropoles.com\/tag\/whatsapp\">WhatsApp<\/a>, o empres\u00e1rio Lu\u00eds Cl\u00e1udio Lula da Silva, filho de\u00a0<a href=\"https:\/\/www.metropoles.com\/tag\/lula\">Lula<\/a>, xingou a primeira-dama\u00a0<a href=\"https:\/\/www.metropoles.com\/tag\/janja\">Janja<\/a>\u00a0de \u201cp*ta\u201d e \u201coportunista\u201d. Um print obtido pela coluna revela o di\u00e1logo entre Lu\u00eds Cl\u00e1udio e sua ent\u00e3o esposa, a m\u00e9dica Nat\u00e1lia Schincariol. A conversa faz parte de um acervo de arquivos relacionados \u00e0 investiga\u00e7\u00e3o sobre\u00a0<a href=\"https:\/\/www.metropoles.com\/colunas\/paulo-cappelli\/filho-de-lula-tem-reves-em-processo-de-violencia-domestica\">viol\u00eancia dom\u00e9stica<\/a>\u00a0que envolve o ca\u00e7ula do presidente.<\/p>\n<p style=\"text-align: justify;\" data-gtm-vis-recent-on-screen104869357_94=\"34002\" data-gtm-vis-first-on-screen104869357_94=\"34002\" data-gtm-vis-total-visible-time104869357_94=\"100\" data-gtm-vis-has-fired104869357_94=\"1\">Na manh\u00e3 do \u00faltimo dia 15 de setembro, em 2023, Nat\u00e1lia perguntou a Lu\u00eds Cl\u00e1udio, \u00e0s 10h05: \u201cO que vai fazer hoje?\u201d. Quatro minutos depois, ele responde: \u201cT\u00f4 indo tomar caf\u00e9. Mais tarde assino um termo de compromisso com aquela empresa que te mostrei. Final da tarde vou ver meu pai\u201d.<\/p>\n<p style=\"text-align: justify;\">Nat\u00e1lia prossegue: \u201cQue chique. Queria um caf\u00e9 preto\u201d.<\/p>\n<p style=\"text-align: justify;\">\u00c0s 10h13, o empres\u00e1rio faz um complemento sobre o encontro que teria com Lula. E lamenta a presen\u00e7a da madrasta, a soci\u00f3loga Ros\u00e2ngela Lula da Silva: \u201cA p*ta vai estar junto\u201d, diz, demonstrando desprezo. Veja, abaixo, as mensagens trocadas no aplicativo.<\/p>\n<p style=\"text-align: justify;\"><img decoding=\"async\" src=\"https:\/\/fly.metroimg.com\/upload\/q_85,w_600\/https:\/\/uploads.metroimg.com\/wp-content\/uploads\/2024\/07\/19093237\/lula-filho-janja.jpeg\" \/><\/p>\n<p style=\"text-align: justify;\"><img decoding=\"async\" src=\"https:\/\/fly.metroimg.com\/upload\/q_85,w_1200\/https:\/\/uploads.metroimg.com\/wp-content\/uploads\/2023\/09\/16093512\/Lula-e-Janja-em-Hava-Cuba.jpeg\" \/><\/p>\n<p style=\"text-align: justify;\">Mais adiante, na mesma conversa com Nat\u00e1lia Schincariol, Lu\u00eds Cl\u00e1udio chama Janja de \u201coportunista\u201d.<\/p>\n<p style=\"text-align: justify;\">Naquele dia, uma sexta-feira,\u00a0<a href=\"https:\/\/www.metropoles.com\/brasil\/lula-chega-em-cuba-para-cupula-do-g77-china\">Janja viajou com Lula a Cuba<\/a>, para acompanh\u00e1-lo em agenda oficial. Registros do\u00a0<a href=\"https:\/\/www.gov.br\/planalto\/pt-br\" rel=\"noopener\">Planalto<\/a>\u00a0informam que o casal embarcou \u00e0s 12h, na base a\u00e9rea de Bras\u00edlia, e chegou ao Aeroporto Internacional Jos\u00e9 Marti, em Havana, no fim da tarde, \u00e0s 18h20.<\/p>\n<p style=\"text-align: justify;\">Lu\u00eds Cl\u00e1udio tamb\u00e9m estava em Cuba na ocasi\u00e3o. No pa\u00eds, o empres\u00e1rio de 39 anos se reuniu com o pai e, ao lado dele, posou para a foto que ilustra esta reportagem. O momento de confraterniza\u00e7\u00e3o foi captado pelas lentes do fot\u00f3grafo oficial da Presid\u00eancia da Rep\u00fablica, Ricardo Stuckert.<\/p>\n<p style=\"text-align: justify;\">Em Havana,\u00a0<a href=\"https:\/\/www.metropoles.com\/brasil\/g77-lula-vai-a-cuba-para-aprofundar-alianca-com-china-e-sul-global\">Lula participou do G77<\/a>, principal grupo de pa\u00edses em desenvolvimento da Organiza\u00e7\u00e3o das Na\u00e7\u00f5es Unidas (ONU). O enfoque do governante brasileiro, que abriu os discursos da c\u00fapula, foi estreitar la\u00e7os diplom\u00e1ticos com a China.<\/p>\n<p style=\"text-align: justify;\">Miss\u00e3o bem mais \u00e1rdua seria estreitar a rela\u00e7\u00e3o entre Lu\u00eds Cl\u00e1udio e Janja. Segundo interlocutores de ambos, o di\u00e1logo ali se limita ao essencial. Nas redes sociais, o enteado n\u00e3o posta fotos com a madrasta. A primeira-dama tampouco aparece com o empres\u00e1rio.<\/p>\n<p class=\"Normal\" style=\"text-align: justify;\"><span class=\"tm5\">Procurado, Lu\u00eds Claudio se pronunciou ap\u00f3s a publica\u00e7\u00e3o da reportagem: \u201cEssa mensagem n\u00e3o existiu, n\u00e3o! Veja! Ela \u00e9 esposa do meu pai e temos um \u00f3timo conv\u00edvio\u201d, escreveu por WhatsApp.<\/span><\/p>\n<p class=\"Normal\" style=\"text-align: justify;\"><span class=\"tm5\">A coluna mant\u00e9m todas as informa\u00e7\u00f5es publicadas.<\/span><\/p>\n<h4 style=\"text-align: justify;\">Piada<\/h4>\n<p style=\"text-align: justify;\">Em 2010, Lu\u00eds Cl\u00e1udio Lula da Silva se envolveu em outra pol\u00eamica ao fazer uma piada de cunho homof\u00f3bico. Na \u00e9poca, fez men\u00e7\u00e3o a um jogo entre o S\u00e3o Paulo e o Monterrey, do M\u00e9xico, pela Copa Libertadores da Am\u00e9rica. \u201cOlha, contaram uma piada para mim\u2026 eu n\u00e3o achei gra\u00e7a, mas vou passar: Amanh\u00e3 tem Monterrey contra um monte de gay\u2026 que pecado rsrs\u201d.<\/p>\n<p style=\"text-align: justify;\">Ap\u00f3s receber cr\u00edticas, o empres\u00e1rio apagou o post da rede social:\u00a0<span class=\"tm5\">\u201cN\u00e3o entendi a ira de alguns comigo.. n\u00e3o fui eu que fiz a piada\u2026 eu nem entendi ela.. por isso contei aqui. Boa.. fiz uma piada.. quero pedir desculpas a quem n\u00e3o aceitou\u201d, escreveu na ocasi\u00e3o.<\/span><\/p>\n<p style=\"text-align: justify;\">Procurada, Nat\u00e1lia Schincariol n\u00e3o retornou o contato. A coluna tamb\u00e9m procurou Janja, por meio de sua antiga assessoria de imprensa, mas foi informada de que a primeira-dama n\u00e3o conta mais com o servi\u00e7o individual.<\/p>\n<h4 style=\"text-align: justify;\">Maria da Penha<\/h4>\n<p style=\"text-align: justify;\">Ap\u00f3s a m\u00e9dica Nat\u00e1lia Schincariol denunciar Lu\u00eds Cl\u00e1udio alegando ter sofrido agress\u00f5es f\u00edsicas e psicol\u00f3gicas, em abril, Lula e Janja evitaram comentar o caso publicamente. Uma declara\u00e7\u00e3o do presidente na ter\u00e7a-feira (16\/7), contudo, repercutiu na m\u00eddia.<\/p>\n<p style=\"text-align: justify;\">Disse Lula: \u201cFiquei sabendo, Haddad, que tem pesquisa que mostra que, depois do jogo de futebol, aumenta a viol\u00eancia contra a mulher. Inacredit\u00e1vel. Se o cara \u00e9 corinthiano, tudo bem. Mas eu n\u00e3o fico nervoso quando perco, eu lamento profundamente\u201d.<\/p>\n<p style=\"text-align: justify;\">Nas redes sociais, internautas interpretaram a fala como um aval do presidente a Lu\u00eds Cl\u00e1udio, corinthiano, para cometer viol\u00eancia dom\u00e9stica. Em reuni\u00e3o no dia seguinte, Lula reclamou do destaque dado pela imprensa ao assunto.<\/p>\n<p style=\"text-align: justify;\">\u201cMuitas vezes voc\u00ea est\u00e1 vendo o telejornal, e o que predomina no telejornal n\u00e3o \u00e9 a not\u00edcia completa. \u00c9 uma frase da not\u00edcia, tirada de contexto, que, de prefer\u00eancia, se puder fazer intriga, melhor\u201d, disse ele no encontro com parlamentares e ministros.<\/p>\n<p style=\"text-align: justify;\">\n<p style=\"text-align: justify;\">\n<p style=\"text-align: justify;\">\n<p style=\"text-align: justify;\">metropoles<\/p>\n","protected":false},"excerpt":{"rendered":"<p>Em mensagem no\u00a0WhatsApp, o empres\u00e1rio Lu\u00eds Cl\u00e1udio Lula da Silva, filho de\u00a0Lula, xingou a primeira-dama\u00a0Janja\u00a0de \u201cp*ta\u201d e \u201coportunista\u201d. Um print obtido pela coluna revela o di\u00e1logo entre Lu\u00eds Cl\u00e1udio e sua ent\u00e3o esposa, a m\u00e9dica Nat\u00e1lia Schincariol. A conversa faz parte de um acervo de arquivos relacionados \u00e0 investiga\u00e7\u00e3o sobre\u00a0viol\u00eancia dom\u00e9stica\u00a0que envolve o ca\u00e7ula do<\/p>\n","protected":false},"author":1,"featured_media":35466,"comment_status":"open","ping_status":"open","sticky":false,"template":"","format":"standard","meta":{"_eb_attr":"","footnotes":""},"categories":[7,3],"tags":[],"class_list":["post-35463","post","type-post","status-publish","format-standard","has-post-thumbnail","hentry","category-destaque","category-politica"],"_links":{"self":[{"href":"https:\/\/portalmidia.net\/index.php\/wp-json\/wp\/v2\/posts\/35463","targetHints":{"allow":["GET"]}}],"collection":[{"href":"https:\/\/portalmidia.net\/index.php\/wp-json\/wp\/v2\/posts"}],"about":[{"href":"https:\/\/portalmidia.net\/index.php\/wp-json\/wp\/v2\/types\/post"}],"author":[{"embeddable":true,"href":"https:\/\/portalmidia.net\/index.php\/wp-json\/wp\/v2\/users\/1"}],"replies":[{"embeddable":true,"href":"https:\/\/portalmidia.net\/index.php\/wp-json\/wp\/v2\/comments?post=35463"}],"version-history":[{"count":1,"href":"https:\/\/portalmidia.net\/index.php\/wp-json\/wp\/v2\/posts\/35463\/revisions"}],"predecessor-version":[{"id":35468,"href":"https:\/\/portalmidia.net\/index.php\/wp-json\/wp\/v2\/posts\/35463\/revisions\/35468"}],"wp:featuredmedia":[{"embeddable":true,"href":"https:\/\/portalmidia.net\/index.php\/wp-json\/wp\/v2\/media\/35466"}],"wp:attachment":[{"href":"https:\/\/portalmidia.net\/index.php\/wp-json\/wp\/v2\/media?parent=35463"}],"wp:term":[{"taxonomy":"category","embeddable":true,"href":"https:\/\/portalmidia.net\/index.php\/wp-json\/wp\/v2\/categories?post=35463"},{"taxonomy":"post_tag","embeddable":true,"href":"https:\/\/portalmidia.net\/index.php\/wp-json\/wp\/v2\/tags?post=35463"}],"curies":[{"name":"wp","href":"https:\/\/api.w.org\/{rel}","templated":true}]}}