 {"id":35493,"date":"2024-07-20T00:11:08","date_gmt":"2024-07-20T03:11:08","guid":{"rendered":"https:\/\/portalmidia.net\/?p=35493"},"modified":"2024-07-20T00:11:08","modified_gmt":"2024-07-20T03:11:08","slug":"stalker-e-presa-por-invadir-casa-de-pm-vou-acabar-com-a-vida-dela","status":"publish","type":"post","link":"https:\/\/portalmidia.net\/index.php\/2024\/07\/20\/stalker-e-presa-por-invadir-casa-de-pm-vou-acabar-com-a-vida-dela\/","title":{"rendered":"Stalker \u00e9 presa por invadir casa de PM: \u201cVou acabar com a vida dela\u201d"},"content":{"rendered":"<p style=\"text-align: justify;\">\n<p style=\"text-align: justify;\">Uma mulher de 69 anos foi presa nesta sexta-feira (19\/7) por invadir o apartamento de uma policial militar. Segundo a v\u00edtima, de 25 anos, ela j\u00e1 vinha sendo perseguida e amea\u00e7ada h\u00e1 algum tempo. O caso ocorreu no bairro C\u00f4nego Get\u00falio, em\u00a0<a href=\"https:\/\/www.metropoles.com\/tag\/minas-gerais\" target=\"_blank\" rel=\"noopener\">Patos de Minas (MG)<\/a>.<\/p>\n<p style=\"text-align: justify;\">De acordo com o boletim de ocorr\u00eancia, a stalker j\u00e1 esteve no pr\u00e9dio da policial outras quatro vezes. Ela tinha o h\u00e1bito de tocar o interfone do apartamento dela e de outros moradores. As informa\u00e7\u00f5es s\u00e3o do g1.<\/p>\n<p style=\"text-align: justify;\">Desta vez, ela ouviu um barulho vindo da sala de estar e acabou se deparando com a\u00a0<a href=\"https:\/\/www.metropoles.com\/tag\/stalking\" target=\"_blank\" rel=\"noopener\">stalker<\/a>. Mesmo pedindo para que se retirasse, ela se negou a deixar o local.<\/p>\n<h4 style=\"text-align: justify;\">Stalker feriu policial<\/h4>\n<p style=\"text-align: justify;\">Para retirar a mulher de sua resid\u00eancia, a policial precisou usar for\u00e7a f\u00edsica e acabou sendo agredida com unhadas.<\/p>\n<p style=\"text-align: justify;\">Antes de ser encaminhada para a delegacia, a mulher precisou receber atendimento m\u00e9dico devido aos ferimentos que teve enquanto se debatia durante a pris\u00e3o.<\/p>\n<blockquote><p>Em depoimento \u00e0 pol\u00edcia, a idosa disse apenas que n\u00e3o gosta da policial: \u201cEu vou acabar com a vida dela, isso n\u00e3o vai ficar assim\u201d, afirmou.<\/p><\/blockquote>\n<p style=\"text-align: justify;\">Segundo a\u00a0<a href=\"https:\/\/www.policiamilitar.mg.gov.br\/\" target=\"_blank\" rel=\"noopener\">Pol\u00edcia Militar<\/a>, a idosa j\u00e1 esteve envolvida em outros crimes. Em fevereiro, ela foi presa por amea\u00e7ar e tentar agredir a policial arremessando pedras contra ela. A stalker esteve detida tamb\u00e9m por perturbar policiais militares que ficam na base comunit\u00e1ria do Mercado Municipal.<\/p>\n<p style=\"text-align: justify;\">\n<p style=\"text-align: justify;\">\n<p style=\"text-align: justify;\">\n<p style=\"text-align: justify;\">\n<p style=\"text-align: justify;\">\n<p style=\"text-align: justify;\">\n<p style=\"text-align: justify;\">metropoles<\/p>\n","protected":false},"excerpt":{"rendered":"<p>Uma mulher de 69 anos foi presa nesta sexta-feira (19\/7) por invadir o apartamento de uma policial militar. Segundo a v\u00edtima, de 25 anos, ela j\u00e1 vinha sendo perseguida e amea\u00e7ada h\u00e1 algum tempo. O caso ocorreu no bairro C\u00f4nego Get\u00falio, em\u00a0Patos de Minas (MG). De acordo com o boletim de ocorr\u00eancia, a stalker j\u00e1<\/p>\n","protected":false},"author":1,"featured_media":35496,"comment_status":"open","ping_status":"open","sticky":false,"template":"","format":"standard","meta":{"_eb_attr":"","footnotes":""},"categories":[7,2],"tags":[],"class_list":["post-35493","post","type-post","status-publish","format-standard","has-post-thumbnail","hentry","category-destaque","category-policial"],"_links":{"self":[{"href":"https:\/\/portalmidia.net\/index.php\/wp-json\/wp\/v2\/posts\/35493","targetHints":{"allow":["GET"]}}],"collection":[{"href":"https:\/\/portalmidia.net\/index.php\/wp-json\/wp\/v2\/posts"}],"about":[{"href":"https:\/\/portalmidia.net\/index.php\/wp-json\/wp\/v2\/types\/post"}],"author":[{"embeddable":true,"href":"https:\/\/portalmidia.net\/index.php\/wp-json\/wp\/v2\/users\/1"}],"replies":[{"embeddable":true,"href":"https:\/\/portalmidia.net\/index.php\/wp-json\/wp\/v2\/comments?post=35493"}],"version-history":[{"count":1,"href":"https:\/\/portalmidia.net\/index.php\/wp-json\/wp\/v2\/posts\/35493\/revisions"}],"predecessor-version":[{"id":35497,"href":"https:\/\/portalmidia.net\/index.php\/wp-json\/wp\/v2\/posts\/35493\/revisions\/35497"}],"wp:featuredmedia":[{"embeddable":true,"href":"https:\/\/portalmidia.net\/index.php\/wp-json\/wp\/v2\/media\/35496"}],"wp:attachment":[{"href":"https:\/\/portalmidia.net\/index.php\/wp-json\/wp\/v2\/media?parent=35493"}],"wp:term":[{"taxonomy":"category","embeddable":true,"href":"https:\/\/portalmidia.net\/index.php\/wp-json\/wp\/v2\/categories?post=35493"},{"taxonomy":"post_tag","embeddable":true,"href":"https:\/\/portalmidia.net\/index.php\/wp-json\/wp\/v2\/tags?post=35493"}],"curies":[{"name":"wp","href":"https:\/\/api.w.org\/{rel}","templated":true}]}}