 {"id":35516,"date":"2024-07-22T08:04:37","date_gmt":"2024-07-22T11:04:37","guid":{"rendered":"https:\/\/portalmidia.net\/?p=35516"},"modified":"2024-07-22T08:04:37","modified_gmt":"2024-07-22T11:04:37","slug":"kamala-pede-uniao-ao-partido-democrata-para-derrotar-donald-trump","status":"publish","type":"post","link":"https:\/\/portalmidia.net\/index.php\/2024\/07\/22\/kamala-pede-uniao-ao-partido-democrata-para-derrotar-donald-trump\/","title":{"rendered":"Kamala pede uni\u00e3o ao Partido Democrata para derrotar Donald Trump"},"content":{"rendered":"<p style=\"text-align: justify;\">Ap\u00f3s o presidente dos Estados Unidos, Joe Biden, anunciar\u00a0<a href=\"https:\/\/agenciabrasil.ebc.com.br\/internacional\/noticia\/2024-07\/biden-desiste-de-candidatura-reeleicao-para-presidencia-dos-eua\" target=\"_blank\" rel=\"noopener\">sua desist\u00eancia\u00a0de concorrer \u00e0 reelei\u00e7\u00e3o<\/a>, a vice-presidente, Kamala Harris, se pronunciou disse neste domingo (21) em uma rede social. Kamala disse que trabalhar\u00e1 para unir o partido Democrata e o pa\u00eds para vencer o candidato Republicano, o ex-presidente Donald Trump.<img decoding=\"async\" src=\"https:\/\/agenciabrasil.ebc.com.br\/ebc.png?id=1604779&amp;o=node\" \/><img decoding=\"async\" src=\"https:\/\/agenciabrasil.ebc.com.br\/ebc.gif?id=1604779&amp;o=node\" \/><\/p>\n<p style=\"text-align: justify;\">&#8220;Farei tudo o que estiver ao meu alcance para unir o Partido Democrata \u2013 e unir a nossa na\u00e7\u00e3o \u2013 para derrotar Donald Trump e a sua agenda extrema do Projeto 2025&#8221;, afirmou Kamala, que ainda pediu doa\u00e7\u00e3o de recursos para a sua campanha. O Projeto 2025, citado por Kamala, \u00e9 o conjunto de proposi\u00e7\u00f5es da direita conservadora dos EUA para remodelar o governo norte-americano. Essas propostas foram\u00a0desenvolvidas pela institui\u00e7\u00e3o ultraconservadora Heritage Foundation.<\/p>\n<p style=\"text-align: justify;\">Ao desistir de concorrer \u00e0 Presid\u00eancia do pa\u00eds, Biden manifestou seu apoio ao nome de Kamala para substitu\u00ed-lo. Para concorrer \u00e0 presid\u00eancia dos Estados Unidos pelos democratas, no entanto, Kamala ainda precisa ter sua indica\u00e7\u00e3o aprovada pelo partido.<\/p>\n<p style=\"text-align: justify;\">Na rede X, ela tamb\u00e9m agradeceu a lideran\u00e7a de Biden \u00e0 frente do pa\u00eds e disse se sentir honrada com o endosso de sua candidatura pelo presidente. &#8220;Em nome do povo americano, agrade\u00e7o a Joe Biden pela sua extraordin\u00e1ria lideran\u00e7a como Presidente dos Estados Unidos e pelas d\u00e9cadas de servi\u00e7o prestado ao nosso pa\u00eds. Sinto-me honrada por ter o endosso do Presidente e minha inten\u00e7\u00e3o \u00e9 merecer e conquistar esta indica\u00e7\u00e3o&#8221;, disse.<\/p>\n<h2 style=\"text-align: justify;\">Desist\u00eancia<\/h2>\n<p style=\"text-align: justify;\">Na tarde deste domingo, em uma postagem na rede social X, Biden afirmou acreditar que, apesar de sua inten\u00e7\u00e3o de tentar um novo mandato, \u00e9 do interesse do Partido Democrata e do pa\u00eds a retirada da sua candidatura. Em seguida, disse que se concentrar\u00e1 no seu trabalho como presidente at\u00e9 o final de seu mandato, em janeiro de 2025.<\/p>\n<p style=\"text-align: justify;\">&#8220;Foi a maior honra da minha vida servir como seu presidente. E, embora tenha sido minha inten\u00e7\u00e3o buscar a reelei\u00e7\u00e3o, acredito que seja do melhor interesse do meu partido e do pa\u00eds que eu me afaste e me concentre apenas no cumprimento de meus deveres como presidente pelo restante do meu mandato&#8221;, escreveu Biden em uma carta publicada na rede social.<\/p>\n<p style=\"text-align: justify;\">O an\u00fancio de Biden segue-se a uma onda de press\u00e3o p\u00fablica e privada de parlamentares democratas e membros \u200b\u200bdo partido para que ele desistisse da corrida ap\u00f3s desempenho fraco em um debate televisivo no m\u00eas passado contra o rival republicano.<\/p>\n<p style=\"text-align: justify;\">\n<p style=\"text-align: justify;\">\n<p style=\"text-align: justify;\">\n<p style=\"text-align: justify;\">\n<p style=\"text-align: justify;\">\n<p style=\"text-align: justify;\">\n<p style=\"text-align: justify;\">\n<p style=\"text-align: justify;\">agenciabrasil<\/p>\n","protected":false},"excerpt":{"rendered":"<p>Ap\u00f3s o presidente dos Estados Unidos, Joe Biden, anunciar\u00a0sua desist\u00eancia\u00a0de concorrer \u00e0 reelei\u00e7\u00e3o, a vice-presidente, Kamala Harris, se pronunciou disse neste domingo (21) em uma rede social. Kamala disse que trabalhar\u00e1 para unir o partido Democrata e o pa\u00eds para vencer o candidato Republicano, o ex-presidente Donald Trump. &#8220;Farei tudo o que estiver ao meu<\/p>\n","protected":false},"author":1,"featured_media":35517,"comment_status":"open","ping_status":"open","sticky":false,"template":"","format":"standard","meta":{"_eb_attr":"","footnotes":""},"categories":[7,3],"tags":[],"class_list":["post-35516","post","type-post","status-publish","format-standard","has-post-thumbnail","hentry","category-destaque","category-politica"],"_links":{"self":[{"href":"https:\/\/portalmidia.net\/index.php\/wp-json\/wp\/v2\/posts\/35516","targetHints":{"allow":["GET"]}}],"collection":[{"href":"https:\/\/portalmidia.net\/index.php\/wp-json\/wp\/v2\/posts"}],"about":[{"href":"https:\/\/portalmidia.net\/index.php\/wp-json\/wp\/v2\/types\/post"}],"author":[{"embeddable":true,"href":"https:\/\/portalmidia.net\/index.php\/wp-json\/wp\/v2\/users\/1"}],"replies":[{"embeddable":true,"href":"https:\/\/portalmidia.net\/index.php\/wp-json\/wp\/v2\/comments?post=35516"}],"version-history":[{"count":1,"href":"https:\/\/portalmidia.net\/index.php\/wp-json\/wp\/v2\/posts\/35516\/revisions"}],"predecessor-version":[{"id":35518,"href":"https:\/\/portalmidia.net\/index.php\/wp-json\/wp\/v2\/posts\/35516\/revisions\/35518"}],"wp:featuredmedia":[{"embeddable":true,"href":"https:\/\/portalmidia.net\/index.php\/wp-json\/wp\/v2\/media\/35517"}],"wp:attachment":[{"href":"https:\/\/portalmidia.net\/index.php\/wp-json\/wp\/v2\/media?parent=35516"}],"wp:term":[{"taxonomy":"category","embeddable":true,"href":"https:\/\/portalmidia.net\/index.php\/wp-json\/wp\/v2\/categories?post=35516"},{"taxonomy":"post_tag","embeddable":true,"href":"https:\/\/portalmidia.net\/index.php\/wp-json\/wp\/v2\/tags?post=35516"}],"curies":[{"name":"wp","href":"https:\/\/api.w.org\/{rel}","templated":true}]}}