 {"id":36670,"date":"2024-08-08T09:10:15","date_gmt":"2024-08-08T12:10:15","guid":{"rendered":"https:\/\/portalmidia.net\/?p=36670"},"modified":"2024-08-08T09:10:15","modified_gmt":"2024-08-08T12:10:15","slug":"pgr-entra-com-acao-no-stf-e-diz-que-emendas-pix-sao-inconstitucionais","status":"publish","type":"post","link":"https:\/\/portalmidia.net\/index.php\/2024\/08\/08\/pgr-entra-com-acao-no-stf-e-diz-que-emendas-pix-sao-inconstitucionais\/","title":{"rendered":"PGR entra com a\u00e7\u00e3o no STF e diz que emendas Pix s\u00e3o inconstitucionais"},"content":{"rendered":"<p style=\"text-align: justify;\">O procurador-geral da Rep\u00fablica, Paulo Gonet, protocolou nesta quarta-feira (7) uma a\u00e7\u00e3o no Supremo Tribunal Federal (STF) para declarar a inconstitucionalidade das chamadas emendas Pix.<img decoding=\"async\" src=\"https:\/\/agenciabrasil.ebc.com.br\/ebc.png?id=1606932&amp;o=node\" \/><img decoding=\"async\" src=\"https:\/\/agenciabrasil.ebc.com.br\/ebc.gif?id=1606932&amp;o=node\" \/><\/p>\n<p style=\"text-align: justify;\">As emendas foram criadas por meio da Emenda Constitucional 105, de 2019, que\u00a0permite\u00a0que deputados e senadores destinem emendas individuais ao Or\u00e7amento da Uni\u00e3o por meio de transfer\u00eancias especiais. Pela medida, os repasses n\u00e3o precisam de indica\u00e7\u00e3o de programas e celebra\u00e7\u00e3o de conv\u00eanios.<\/p>\n<p style=\"text-align: justify;\">&#8220;A transfer\u00eancia especial de recursos federais por meio de emendas impositivas reduz o papel da vontade do Poder Executivo na operacionaliza\u00e7\u00e3o do sistema or\u00e7ament\u00e1rio. Imp\u00f5e-se, mais, que tolere a entrega de verba a outro ente da federa\u00e7\u00e3o de modo direto, prescindindo de pr\u00e9via celebra\u00e7\u00e3o pelo mesmo Executivo federal de conv\u00eanio, acordo, ajuste ou instrumento cong\u00eanere&#8221;, afirmou o procurador.<\/p>\n<p style=\"text-align: justify;\">Para Gonet, a emenda constitucional tamb\u00e9m retira a compet\u00eancia do Tribunal de Contas da Uni\u00e3o (TCU) para fiscaliza\u00e7\u00e3o dos recursos e a possibilidade de transpar\u00eancia e rastreabilidade do dinheiro p\u00fablico.<\/p>\n<p style=\"text-align: justify;\">&#8220;A propositura, aprova\u00e7\u00e3o e execu\u00e7\u00e3o dessas emendas devem estar compassadas pelos par\u00e2metros inspiradores dos deveres de transpar\u00eancia com m\u00e1xima publicidade de informa\u00e7\u00f5es. Essas informa\u00e7\u00f5es devem ser, invariavelmente, completas, precisas, claras e fidedignas, para, dessa forma, viabilizar o controle social e a atua\u00e7\u00e3o efetiva dos \u00f3rg\u00e3os de fiscaliza\u00e7\u00e3o&#8221;, completou.<\/p>\n<p style=\"text-align: justify;\">No documento, a PGR cita dados da Associa\u00e7\u00e3o Contas Abertas. Segundo a entidade, deputados e senadores destinaram R$ 6,7 bilh\u00f5es em &#8220;emendas Pix&#8221; em 2023.<\/p>\n<p style=\"text-align: justify;\">A a\u00e7\u00e3o ser\u00e1 relatada pelo ministro Fl\u00e1vio Dino. No dia 1\u00b0 de agosto, Dino decidiu que esse tipo de emenda deve seguir crit\u00e9rios de transpar\u00eancia e de rastreabilidade. Pela mesma decis\u00e3o, a Controladoria-Geral da Uni\u00e3o (CGU) dever\u00e1 realizar uma\u00a0<a href=\"https:\/\/agenciabrasil.ebc.com.br\/justica\/noticia\/2024-08\/por-decisao-de-dino-cgu-devera-fazer-auditoria-nas-emendas-pix\" target=\"_blank\" rel=\"noopener\">auditoria<\/a>\u00a0nos repasses no prazo de 90 dias.<\/p>\n<p style=\"text-align: justify;\">\n<p style=\"text-align: justify;\">\n<p style=\"text-align: justify;\">\n<p style=\"text-align: justify;\">\n<p style=\"text-align: justify;\">\n<p style=\"text-align: justify;\">\n<p style=\"text-align: justify;\">agenciabrasil<\/p>\n","protected":false},"excerpt":{"rendered":"<p>O procurador-geral da Rep\u00fablica, Paulo Gonet, protocolou nesta quarta-feira (7) uma a\u00e7\u00e3o no Supremo Tribunal Federal (STF) para declarar a inconstitucionalidade das chamadas emendas Pix. As emendas foram criadas por meio da Emenda Constitucional 105, de 2019, que\u00a0permite\u00a0que deputados e senadores destinem emendas individuais ao Or\u00e7amento da Uni\u00e3o por meio de transfer\u00eancias especiais. Pela medida,<\/p>\n","protected":false},"author":1,"featured_media":36672,"comment_status":"open","ping_status":"open","sticky":false,"template":"","format":"standard","meta":{"_eb_attr":"","footnotes":""},"categories":[7,8,13],"tags":[],"class_list":["post-36670","post","type-post","status-publish","format-standard","has-post-thumbnail","hentry","category-destaque","category-economia","category-noticias"],"_links":{"self":[{"href":"https:\/\/portalmidia.net\/index.php\/wp-json\/wp\/v2\/posts\/36670","targetHints":{"allow":["GET"]}}],"collection":[{"href":"https:\/\/portalmidia.net\/index.php\/wp-json\/wp\/v2\/posts"}],"about":[{"href":"https:\/\/portalmidia.net\/index.php\/wp-json\/wp\/v2\/types\/post"}],"author":[{"embeddable":true,"href":"https:\/\/portalmidia.net\/index.php\/wp-json\/wp\/v2\/users\/1"}],"replies":[{"embeddable":true,"href":"https:\/\/portalmidia.net\/index.php\/wp-json\/wp\/v2\/comments?post=36670"}],"version-history":[{"count":1,"href":"https:\/\/portalmidia.net\/index.php\/wp-json\/wp\/v2\/posts\/36670\/revisions"}],"predecessor-version":[{"id":36673,"href":"https:\/\/portalmidia.net\/index.php\/wp-json\/wp\/v2\/posts\/36670\/revisions\/36673"}],"wp:featuredmedia":[{"embeddable":true,"href":"https:\/\/portalmidia.net\/index.php\/wp-json\/wp\/v2\/media\/36672"}],"wp:attachment":[{"href":"https:\/\/portalmidia.net\/index.php\/wp-json\/wp\/v2\/media?parent=36670"}],"wp:term":[{"taxonomy":"category","embeddable":true,"href":"https:\/\/portalmidia.net\/index.php\/wp-json\/wp\/v2\/categories?post=36670"},{"taxonomy":"post_tag","embeddable":true,"href":"https:\/\/portalmidia.net\/index.php\/wp-json\/wp\/v2\/tags?post=36670"}],"curies":[{"name":"wp","href":"https:\/\/api.w.org\/{rel}","templated":true}]}}