 {"id":36695,"date":"2024-08-08T09:26:09","date_gmt":"2024-08-08T12:26:09","guid":{"rendered":"https:\/\/portalmidia.net\/?p=36695"},"modified":"2024-08-08T09:26:09","modified_gmt":"2024-08-08T12:26:09","slug":"suspeito-de-estuprar-a-propria-filha-durante-cinco-anos-e-preso-na-paraiba","status":"publish","type":"post","link":"https:\/\/portalmidia.net\/index.php\/2024\/08\/08\/suspeito-de-estuprar-a-propria-filha-durante-cinco-anos-e-preso-na-paraiba\/","title":{"rendered":"Suspeito de estuprar a pr\u00f3pria filha durante cinco anos \u00e9 preso na Para\u00edba"},"content":{"rendered":"<p style=\"text-align: justify;\">Um homem suspeito de abusar sexualmente a pr\u00f3pria filha durante cinco anos foi preso ter\u00e7a-feira (6), na cidade de Aroeiras, no Agreste Paraibano. A pris\u00e3o preventiva foi realizada ap\u00f3s uma den\u00fancia an\u00f4nima.<\/p>\n<p style=\"text-align: justify;\">\n<p style=\"text-align: justify;\">De acordo com as investiga\u00e7\u00f5es, os abusos come\u00e7aram quando a menina tinha 10 anos. Quando os agentes policiais foram at\u00e9 a casa do suspeito, descobriram tamb\u00e9m que o homem tinha uma espingarda sem autoriza\u00e7\u00e3o, e por isso, foi enquadrado em flagrante por posse ilegal de armas.<\/p>\n<p style=\"text-align: justify;\">O caso segue em investiga\u00e7\u00e3o para saber se h\u00e1 mais v\u00edtimas. O homem deve passar por audi\u00eancia de cust\u00f3dia nesta quinta-feira (8).<\/p>\n<p style=\"text-align: justify;\">\n<p style=\"text-align: justify;\">\n<p style=\"text-align: justify;\">\n<p style=\"text-align: justify;\">\n<p style=\"text-align: justify;\">\n<p style=\"text-align: justify;\">portalcorreio<\/p>\n","protected":false},"excerpt":{"rendered":"<p>Um homem suspeito de abusar sexualmente a pr\u00f3pria filha durante cinco anos foi preso ter\u00e7a-feira (6), na cidade de Aroeiras, no Agreste Paraibano. A pris\u00e3o preventiva foi realizada ap\u00f3s uma den\u00fancia an\u00f4nima. De acordo com as investiga\u00e7\u00f5es, os abusos come\u00e7aram quando a menina tinha 10 anos. Quando os agentes policiais foram at\u00e9 a casa do<\/p>\n","protected":false},"author":1,"featured_media":36699,"comment_status":"open","ping_status":"open","sticky":false,"template":"","format":"standard","meta":{"_eb_attr":"","footnotes":""},"categories":[7,2],"tags":[],"class_list":["post-36695","post","type-post","status-publish","format-standard","has-post-thumbnail","hentry","category-destaque","category-policial"],"_links":{"self":[{"href":"https:\/\/portalmidia.net\/index.php\/wp-json\/wp\/v2\/posts\/36695","targetHints":{"allow":["GET"]}}],"collection":[{"href":"https:\/\/portalmidia.net\/index.php\/wp-json\/wp\/v2\/posts"}],"about":[{"href":"https:\/\/portalmidia.net\/index.php\/wp-json\/wp\/v2\/types\/post"}],"author":[{"embeddable":true,"href":"https:\/\/portalmidia.net\/index.php\/wp-json\/wp\/v2\/users\/1"}],"replies":[{"embeddable":true,"href":"https:\/\/portalmidia.net\/index.php\/wp-json\/wp\/v2\/comments?post=36695"}],"version-history":[{"count":1,"href":"https:\/\/portalmidia.net\/index.php\/wp-json\/wp\/v2\/posts\/36695\/revisions"}],"predecessor-version":[{"id":36700,"href":"https:\/\/portalmidia.net\/index.php\/wp-json\/wp\/v2\/posts\/36695\/revisions\/36700"}],"wp:featuredmedia":[{"embeddable":true,"href":"https:\/\/portalmidia.net\/index.php\/wp-json\/wp\/v2\/media\/36699"}],"wp:attachment":[{"href":"https:\/\/portalmidia.net\/index.php\/wp-json\/wp\/v2\/media?parent=36695"}],"wp:term":[{"taxonomy":"category","embeddable":true,"href":"https:\/\/portalmidia.net\/index.php\/wp-json\/wp\/v2\/categories?post=36695"},{"taxonomy":"post_tag","embeddable":true,"href":"https:\/\/portalmidia.net\/index.php\/wp-json\/wp\/v2\/tags?post=36695"}],"curies":[{"name":"wp","href":"https:\/\/api.w.org\/{rel}","templated":true}]}}